{"id":269546,"date":"2025-12-03T19:58:09","date_gmt":"2025-12-03T19:58:09","guid":{"rendered":"https:\/\/www.europesays.com\/es\/269546\/"},"modified":"2025-12-03T19:58:09","modified_gmt":"2025-12-03T19:58:09","slug":"josep-maria-mainat-irreconocible-a-sus-79-anos-tras-someterse-a-un-tratamiento-de-200-000-euros-para-rejuvenecer","status":"publish","type":"post","link":"https:\/\/www.europesays.com\/es\/269546\/","title":{"rendered":"Josep Mar\u00eda Mainat, irreconocible a sus 79 a\u00f1os tras someterse a un tratamiento de 200.000 euros para rejuvenecer"},"content":{"rendered":"<p class=\"ft-text\"><strong>Josep Mar\u00eda Mainat<\/strong>\u00a0es un reconocido productor de televisi\u00f3n,\u00a0<strong>exmiembro del grupo La Trinca y cofundador de la productora Gestmusic,<\/strong>\u00a0responsable de exitosos programas como &#8216;Operaci\u00f3n Triunfo&#8217;, &#8216;Cr\u00f3nicas Marcianas&#8217; y &#8216;\u00a1Mira qui\u00e9n baila!&#8217;.<\/p>\n<p class=\"ft-text\">Su vida dio un giro de 180 grados en la madrugada\u00a0<strong>del 23 de junio de 2020, cuando su mujer,\u00a0<\/strong>\u00c1ngela Dobrowolski<strong>, intent\u00f3 asesinarle mientras dorm\u00eda.<\/strong><\/p>\n<p class=\"ft-text\"><strong>El catal\u00e1n entr\u00f3 en coma y estuvo a punto de morir<\/strong>. La pareja hab\u00eda discutido y la alemana<strong>\u00a0aprovech\u00f3 que el productor estaba dormido para inyectarle insulina,\u00a0<\/strong>sabiendo que \u00e9l era diab\u00e9tico y que le pod\u00eda provocar una hipoglucemia grave.<\/p>\n<p class=\"ft-text\">Hace unos meses, Mainat confes\u00f3 en &#8216;Catalunya Radio&#8217; su <strong>intenci\u00f3n de \u00abvivir hasta los 120 a\u00f1os con un aspecto joven\u00bb <\/strong>y, para ello, decidi\u00f3 cuidarse e invertir en tratamientos para mejorar su f\u00edsico.<\/p>\n<p class=\"ft-text\"><strong>En mayo,<\/strong> el productor de 79 a\u00f1os<strong> public\u00f3 una fotograf\u00eda en redes sociales que impact\u00f3 a todos<\/strong>, ya que se le ve\u00eda muy rejuvenecido. Aunque al principio se pensaba que se trataba de una imagen retocada, Mainat lo desminti\u00f3.<\/p>\n<p class=\"ft-text\">El catal\u00e1n asegur\u00f3 que, <strong>para lograr el cambio, perdi\u00f3 peso, se arregl\u00f3 la dentadura, se realiz\u00f3 un implante capilar,<\/strong> aument\u00f3 el ejercicio f\u00edsico y tomaba una serie de suplementos.<\/p>\n<blockquote class=\"twitter-tweet\">\n<p lang=\"ca\" dir=\"ltr\">Avui toca perruqueria i posta a punt de l&#8217;implant capil\u00b7lar<\/p>\n<p>Despr\u00e9s de banyar-m&#8217;hi tot l&#8217;estiu, s&#8217;ha de desenganxar, afeitar el p\u00e8l que hi ha crescut a sota, refer-lo una mica i tornar-lo a enganxarr.<\/p>\n<p>Jo ho trobo m\u00e9s pr\u00e0ctic que les operacions quir\u00fargiques d&#8217;injerts de p\u00e8ls <a href=\"https:\/\/t.co\/jtw89O0itu\" rel=\"nofollow\">pic.twitter.com\/jtw89O0itu<\/a><\/p>\n<p>\u2014 Josep M. Mainat (@MainatJM) <a href=\"https:\/\/twitter.com\/MainatJM\/status\/1963553880832139529?ref_src=twsrc%5Etfw\" rel=\"nofollow noopener\" target=\"_blank\">September 4, 2025<\/a><\/p><\/blockquote>\n<p class=\"ft-text\">Ahora, Patricia Pardo ha explicado en &#8216;Vamos a ver&#8217; que el productor <strong>se habr\u00eda gastado alrededor de 200.000 euros en un tratamiento rejuvenecedor <\/strong>que consiste en la inyecci\u00f3n de testosterona y hormona de crecimiento.<\/p>\n<p class=\"ft-text\">Es una terapia muy costosa, ya que la hormona del crecimiento puede llegar a costar <strong>m\u00e1s de 3.000 euros al mes. <\/strong>Y a pesar de que puede ser peligroso, Mainat tiene claro que<strong> se siente \u00abmejor que nunca\u00bb.<\/strong><\/p>\n<p><script async src=\"https:\/\/platform.twitter.com\/widgets.js\" charset=\"utf-8\"><\/script><\/p>\n","protected":false},"excerpt":{"rendered":"Josep Mar\u00eda Mainat\u00a0es un reconocido productor de televisi\u00f3n,\u00a0exmiembro del grupo La Trinca y cofundador de la productora Gestmusic,\u00a0responsable&hellip;\n","protected":false},"author":2,"featured_media":269547,"comment_status":"","ping_status":"","sticky":false,"template":"","format":"standard","meta":{"footnotes":""},"categories":[174],"tags":[32790,988,255,146,147,25,24,256,54669,15090,55395,1932,66327,23,1064],"class_list":{"0":"post-269546","1":"post","2":"type-post","3":"status-publish","4":"format-standard","5":"has-post-thumbnail","7":"category-famosos","8":"tag-32790","9":"tag-anos","10":"tag-celebrities","11":"tag-entertainment","12":"tag-entretenimiento","13":"tag-es","14":"tag-espana","15":"tag-famosos","16":"tag-irreconocible","17":"tag-josep","18":"tag-mainat","19":"tag-maria","20":"tag-rejuvenecedor","21":"tag-spain","22":"tag-tratamiento"},"share_on_mastodon":{"url":"https:\/\/pubeurope.com\/@es\/115657408731921346","error":""},"_links":{"self":[{"href":"https:\/\/www.europesays.com\/es\/wp-json\/wp\/v2\/posts\/269546","targetHints":{"allow":["GET"]}}],"collection":[{"href":"https:\/\/www.europesays.com\/es\/wp-json\/wp\/v2\/posts"}],"about":[{"href":"https:\/\/www.europesays.com\/es\/wp-json\/wp\/v2\/types\/post"}],"author":[{"embeddable":true,"href":"https:\/\/www.europesays.com\/es\/wp-json\/wp\/v2\/users\/2"}],"replies":[{"embeddable":true,"href":"https:\/\/www.europesays.com\/es\/wp-json\/wp\/v2\/comments?post=269546"}],"version-history":[{"count":0,"href":"https:\/\/www.europesays.com\/es\/wp-json\/wp\/v2\/posts\/269546\/revisions"}],"wp:featuredmedia":[{"embeddable":true,"href":"https:\/\/www.europesays.com\/es\/wp-json\/wp\/v2\/media\/269547"}],"wp:attachment":[{"href":"https:\/\/www.europesays.com\/es\/wp-json\/wp\/v2\/media?parent=269546"}],"wp:term":[{"taxonomy":"category","embeddable":true,"href":"https:\/\/www.europesays.com\/es\/wp-json\/wp\/v2\/categories?post=269546"},{"taxonomy":"post_tag","embeddable":true,"href":"https:\/\/www.europesays.com\/es\/wp-json\/wp\/v2\/tags?post=269546"}],"curies":[{"name":"wp","href":"https:\/\/api.w.org\/{rel}","templated":true}]}}