{"id":269548,"date":"2025-12-03T20:01:19","date_gmt":"2025-12-03T20:01:19","guid":{"rendered":"https:\/\/www.europesays.com\/es\/269548\/"},"modified":"2025-12-03T20:01:19","modified_gmt":"2025-12-03T20:01:19","slug":"expulsara-de-golpe-a-los-concursantes-menos-favoritos-sin-concretar-cuantos","status":"publish","type":"post","link":"https:\/\/www.europesays.com\/es\/269548\/","title":{"rendered":"expulsar\u00e1 de golpe a los concursantes \u00abmenos favoritos\u00bb sin concretar cu\u00e1ntos"},"content":{"rendered":"<p class=\"article-text\">\n        <strong>Gran Hermano 20<\/strong> vivir\u00e1 este jueves, 4 de diciembre, una de sus galas m\u00e1s imprevisibles hasta la fecha. <strong>Telecinco <\/strong>ha anunciado un giro en la mec\u00e1nica que alterar\u00e1 por completo el tumbo del reality show: adem\u00e1s de la expulsi\u00f3n regular, un <strong>n\u00famero indeterminado <\/strong>de concursantes <strong>abandonar\u00e1 la casa<\/strong> de Tres Cantos. Se producir\u00e1, por tanto, un desalojo sorpresa para los habitantes que menos apoyo de la audiencia logren. Conviene recordar que <strong>\u00cd\u00f1igo <\/strong>abandon\u00f3 d\u00edas antes por <a href=\"https:\/\/www.eldiario.es\/vertele\/noticias\/gh-20-anuncia-abandono-voluntario-inigo-motivos-personales-deja-shock-edurne-da-pena_1_12815806.html\" target=\"_blank\" data-mrf-recirculation=\"links-noticia\" class=\"link\" rel=\"nofollow noopener\">motivos personales<\/a>.\n    <\/p>\n<p>    <a href=\"https:\/\/www.eldiario.es\/vertele\/noticias\/gh-20-anuncia-abandono-voluntario-inigo-motivos-personales-deja-shock-edurne-da-pena_1_12815806.html\" data-mrf-recirculation=\"saber-mas\" data-dl-event=\"saber-mas\" rel=\"nofollow noopener\" target=\"_blank\"><\/p>\n<p class=\"know-more__title\">&#8216;GH 20&#8217; anuncia el abandono voluntario de \u00cd\u00f1igo por \u00abmotivos personales\u00bb y deja en shock a Edurne: \u00abMe da mucha pena\u00bb<\/p>\n<p>            <img decoding=\"async\" class=\"lazy\" loading=\"lazy\" data-src=\"https:\/\/static.eldiario.es\/clip\/7c969c5c-9550-4c93-befe-70333378a26e_16-9-aspect-ratio_default_0.jpg\" src=\"data:image\/svg+xml,%3Csvg xmlns=\" http:=\"\" viewbox=\"0 0 880 495\" alt=\"'GH 20' anuncia el abandono voluntario de \u00cd\u00f1igo por &quot;motivos personales&quot; y deja en shock a Edurne: &quot;Me da mucha pena&quot;\"\/><\/p>\n<p>                        <\/a><\/p>\n<p class=\"article-text\">\n        La noche arrancar\u00e1 con la resoluci\u00f3n de la nominaci\u00f3n semanal \u2014<strong>Bel\u00e9n, Jos\u00e9 Manuel y Patricia<\/strong>\u2014. Con <strong>Joon <\/strong>ya fuera de peligro tras la salvaci\u00f3n, uno de los tres pondr\u00e1 fin a su aventura en el reality durante la gala capitaneada por <strong>Jorge Javier V\u00e1zquez<\/strong>. Ser\u00e1, como siempre, a partir de las 21:45 horas. Antes de conocer el resultado, los concursantes har\u00e1n un repaso por los momentos m\u00e1s destacados; lo que quiere decir que vuelven las im\u00e1genes a la casa.\n    <\/p>\n<p class=\"article-text\">\n        Pero la gran sorpresa llegar\u00e1 despu\u00e9s. Un <strong>cami\u00f3n de mudanzas<\/strong> irrumpir\u00e1 en el hogar de los concursantes para, literalmente, llevarse a los que no reciban un apoyo suficiente por parte del p\u00fablico. De este modo, GH 20 vuelve a acelerar su mec\u00e1nica para acortar su tiempo de emisi\u00f3n. Desde <strong>verTele <\/strong>nos hemos puesto en contacto con fuentes de <strong>Mediaset <\/strong>para conocer cu\u00e1ntos participantes se ver\u00e1n afectados, sin que se haya concretado el n\u00famero.\n    <\/p>\n<p class=\"article-text\">\n        <strong>La <\/strong>gala tambi\u00e9n contar\u00e1 con la visita de los padrinos de la prueba semanal: <strong>Anabel Pantoja<\/strong>, <strong>Edi Insua <\/strong>y <strong>Violeta <\/strong>Crespo, que regresar\u00e1n a la casa para evaluar los ensayos de los concursantes. Todos se han puesto a prueba para aprender una coreograf\u00eda que, si la ejecutan como se espera, lograr\u00e1n el \u00e9xito. Si no es as\u00ed, volver\u00e1n a tener un presupuesto reducido para hacer su pr\u00f3xima compra de alimentos.\n    <\/p>\n<p>            <img decoding=\"async\" class=\"lazy\" loading=\"lazy\" data-src=\"https:\/\/static.eldiario.es\/clip\/ba5c8fa1-2199-47e0-9aca-08ac62087a2a_16-9-discover-aspect-ratio_default_0.jpg\" src=\"data:image\/svg+xml,%3Csvg xmlns=\" http:=\"\" viewbox=\"0 0 1200 675\" alt=\"\"\/><\/p>\n<p>    Las audiencias de &#8216;Gran Hermano 20&#8217;<\/p>\n<p class=\"article-text\">\n        Pese a los intentos de la cadena, Gran Hermano 20 no est\u00e1 rindiendo a la altura de las expectativas. Las audiencias de esta edici\u00f3n tan emblem\u00e1tica distan mucho de los registros de su antecesora, conform\u00e1ndose con un <strong>12.5% de cuota de pantalla y 711.000 espectadores<\/strong> de media en el tramo principal \u201423:10 horas en adelante\u2014 de sus galas emitidas en jueves. Sin embargo, la peor parte se la lleva su tramo <strong>Express<\/strong><strong> <\/strong>en el access prime time, incapaz de superar el list\u00f3n psicol\u00f3gico del <strong>doble d\u00edgito<\/strong> en ninguna de las cuatro emisiones hasta la fecha.\n    <\/p>\n<p>    <a href=\"https:\/\/www.eldiario.es\/vertele\/noticias\/justicia-ordena-atresmedia-entregar-creadores-no-hay-viva-informacion-explotacion_1_12815740.html\" data-mrf-recirculation=\"saber-mas-abajo\" data-dl-event=\"saber-mas-abajo\" rel=\"nofollow noopener\" target=\"_blank\"><\/p>\n<p class=\"know-more__title\">La Justicia ordena a Atresmedia entregar a los creadores de &#8216;Aqu\u00ed no hay quien viva&#8217; informaci\u00f3n sobre su explotaci\u00f3n<\/p>\n<p>            <img decoding=\"async\" class=\"lazy\" loading=\"lazy\" data-src=\"https:\/\/static.eldiario.es\/clip\/7f927e4c-9677-41b9-9238-5ef88c4e291b_16-9-aspect-ratio_default_0.jpg\" src=\"data:image\/svg+xml,%3Csvg xmlns=\" http:=\"\" viewbox=\"0 0 880 495\" alt=\"La Justicia ordena a Atresmedia entregar a los creadores de 'Aqu\u00ed no hay quien viva' informaci\u00f3n sobre su explotaci\u00f3n\"\/><\/p>\n<p>                        <\/a><\/p>\n<p class=\"article-text\">\n        Las entregas de <strong>El Debate<\/strong><strong> <\/strong>tampoco est\u00e1n funcionando, de hecho, Mediaset se vio obligada a recortar su duraci\u00f3n en la noche dominical y programarlo despu\u00e9s de El debate de las tentaciones. A fecha de publicaci\u00f3n de esta noticia, el espacio capitaneado por <strong>Ion Aramendi <\/strong>se conforma con un escueto <strong>9.6% de share y 631.000 televidentes<\/strong>. Todav\u00eda peor suerte corri\u00f3 la tira diaria <strong>GH. La vida en directo<\/strong>, que fue <a href=\"https:\/\/www.eldiario.es\/vertele\/noticias\/telecinco-cancela-tira-diaria-gh-vida-directo-audiencias-insostenibles-tarde_1_12765702.html\" target=\"_blank\" data-mrf-recirculation=\"links-noticia\" class=\"link\" rel=\"nofollow noopener\">cancelada tras solo cuatro emisiones<\/a> en las tardes de Telecinco.\n    <\/p>\n","protected":false},"excerpt":{"rendered":"Gran Hermano 20 vivir\u00e1 este jueves, 4 de diciembre, una de sus galas m\u00e1s imprevisibles hasta la fecha.&hellip;\n","protected":false},"author":2,"featured_media":269549,"comment_status":"","ping_status":"","sticky":false,"template":"","format":"standard","meta":{"footnotes":""},"categories":[171],"tags":[4248,385,66328,567,19164,146,147,25,24,19066,12014,37023,13654,23,214],"class_list":{"0":"post-269548","1":"post","2":"type-post","3":"status-publish","4":"format-standard","5":"has-post-thumbnail","7":"category-tv","8":"tag-4248","9":"tag-casa","10":"tag-concretar","11":"tag-concursantes","12":"tag-desalojar","13":"tag-entertainment","14":"tag-entretenimiento","15":"tag-es","16":"tag-espana","17":"tag-expulsara","18":"tag-favoritos","19":"tag-gh","20":"tag-golpe","21":"tag-spain","22":"tag-tv"},"share_on_mastodon":{"url":"https:\/\/pubeurope.com\/@es\/115657420463905695","error":""},"_links":{"self":[{"href":"https:\/\/www.europesays.com\/es\/wp-json\/wp\/v2\/posts\/269548","targetHints":{"allow":["GET"]}}],"collection":[{"href":"https:\/\/www.europesays.com\/es\/wp-json\/wp\/v2\/posts"}],"about":[{"href":"https:\/\/www.europesays.com\/es\/wp-json\/wp\/v2\/types\/post"}],"author":[{"embeddable":true,"href":"https:\/\/www.europesays.com\/es\/wp-json\/wp\/v2\/users\/2"}],"replies":[{"embeddable":true,"href":"https:\/\/www.europesays.com\/es\/wp-json\/wp\/v2\/comments?post=269548"}],"version-history":[{"count":0,"href":"https:\/\/www.europesays.com\/es\/wp-json\/wp\/v2\/posts\/269548\/revisions"}],"wp:featuredmedia":[{"embeddable":true,"href":"https:\/\/www.europesays.com\/es\/wp-json\/wp\/v2\/media\/269549"}],"wp:attachment":[{"href":"https:\/\/www.europesays.com\/es\/wp-json\/wp\/v2\/media?parent=269548"}],"wp:term":[{"taxonomy":"category","embeddable":true,"href":"https:\/\/www.europesays.com\/es\/wp-json\/wp\/v2\/categories?post=269548"},{"taxonomy":"post_tag","embeddable":true,"href":"https:\/\/www.europesays.com\/es\/wp-json\/wp\/v2\/tags?post=269548"}],"curies":[{"name":"wp","href":"https:\/\/api.w.org\/{rel}","templated":true}]}}