{"id":269564,"date":"2025-12-03T20:10:12","date_gmt":"2025-12-03T20:10:12","guid":{"rendered":"https:\/\/www.europesays.com\/es\/269564\/"},"modified":"2025-12-03T20:10:12","modified_gmt":"2025-12-03T20:10:12","slug":"rutte-pide-mantener-el-apoyo-financiero-a-ucrania-incluso-si-no-se-logra-un-consenso-para-usar-activos-rusos","status":"publish","type":"post","link":"https:\/\/www.europesays.com\/es\/269564\/","title":{"rendered":"Rutte pide mantener el apoyo financiero a Ucrania incluso si no se logra un consenso para usar activos rusos"},"content":{"rendered":"<p><img id=\"fotoPrincipalNoticia\" src=\"https:\/\/www.europesays.com\/es\/wp-content\/uploads\/2025\/12\/fotonoticia_20251203171759_690.jpg\" loading=\"eager\" decoding=\"async\" style=\"view-transition-name: fechor_20251203171759;\" border=\"0\" alt=\"El secretario general de la OTAN, Mark Rutte, se re\u00fane con el ministro de Exteriores, Andri Sibiga, en la sede de la OTAN.\" fetchpriority=\"high\" title=\"Rutte pide mantener el apoyo financiero a Ucrania incluso si no se logra un consenso para usar activos rusos\" width=\"690\" height=\"460\" itemprop=\"image\"\/><\/p>\n<p>El secretario general de la OTAN, Mark Rutte, se re\u00fane con el ministro de Exteriores, Andri Sibiga, en la sede de la OTAN. &#8211; -\/NATO\/dpa<\/p>\n<p>   BRUSELAS, 3 Dic. (EUROPA PRESS) &#8211; <\/p>\n<p>   El secretario general de la OTAN, Mark Rutte, ha reclamado este mi\u00e9rcoles a los aliados mantener el apoyo financiero a Ucrania, incluso si la Uni\u00f3n Europea no logra un consenso para usar activos rusos congelados en Europa para un pr\u00e9stamo de reparaci\u00f3n, aunque considera que usar los activos rusos \u00abfacilitar\u00eda\u00bb el respaldo econ\u00f3mico a Kiev.<\/p>\n<p>   \u00abUcrania no puede quedarse sola. Tenemos que asegurarnos de que el dinero siga ah\u00ed, como hemos hecho durante los \u00faltimos a\u00f1os. Hemos podido obtener el dinero necesario para Ucrania, incluso sin los activos congelados\u00bb, ha indicado el jefe pol\u00edtico de la OTAN en rueda de prensa al t\u00e9rmino de la reuni\u00f3n de ministros de Exteriores aliados.<\/p>\n<p>   Seg\u00fan Rutte, los aliados europeos est\u00e1n comprometidos a explorar el uso de los activos rusos congelados, aunque en todo caso ha avisado que \u00absi eso no ocurre\u00bb tendr\u00e1n que buscar otra v\u00eda de financiaci\u00f3n.<\/p>\n<p>   \u00abEntonces est\u00e1 absolutamente claro que necesitaremos obtener el dinero de otra manera\u00bb, ha ahondado. \u00abVeamos hasta d\u00f3nde llegamos, porque, por supuesto, eso facilitar\u00eda las cosas\u00bb, ha argumentado.<\/p>\n<p>   Este comentario del l\u00edder de la OTAN llega el mismo d\u00eda que la Comisi\u00f3n Europea ha presentado la base legal para sacar adelante su propuesta para un pr\u00e9stamo de reparaciones a Ucrania, pese a que B\u00e9lgica cuestiona abiertamente su legalidad.<\/p>\n<p>NEGOCIACIONES NO SE HACEN EN L\u00cdNEA RECTA<\/p>\n<p>   Rutte ha reiterado las alabanzas al presidente estadounidense, Donald Trump, por desbloquear las negociaciones de paz con Rusia, al tiempo que ha avisado de que el proceso \u00abno es algo que ocurra en l\u00ednea recta de una sola vez\u00bb. \u00abNecesitas propuestas sobre la mesa y necesitas tener discusiones\u00bb, ha indicado, asegurando que el proceso ser\u00e1 gradual y \u00abpaso a paso\u00bb.<\/p>\n<p>    Seg\u00fan el secretario general aliado, la OTAN quiere que las conversaciones consoliden una Ucrania \u00absoberana\u00bb y con garant\u00edas de seguridad que aseguren que Rusia \u00abno volver\u00e1 nunca m\u00e1s a intentar atacar a Ucrania\u00bb. \u00abEso es lo que buscamos\u00bb, ha incidido.<\/p>\n<p>   En este sentido, el ex primer ministro de Pa\u00edses Bajos ha instado a continuar con el apoyo militar a Ucrania para fortalecer al pa\u00eds y elevar la presi\u00f3n sobre Rusia. \u00abNo nos iremos a ninguna parte. Hablamos en serio. Nos aseguraremos de que Ucrania tenga lo que necesita para mantenerse en la lucha\u00bb, ha dicho, reiterando la importancia del programa PURL con el que los aliados adquieren armamento de fabricaci\u00f3n estadounidenses para suministrar a Ucrania.<\/p>\n<p>   Igualmente, ha reivindicado seguir imponiendo sanciones econ\u00f3micas a Mosc\u00fa, insistiendo en que se nota el \u00abimpacto en la econom\u00eda rusa\u00bb frente a los intentos del Kremlin de \u00abencubrir\u00bb las consecuencias de la econom\u00eda de guerra. \u00abSe est\u00e1 acercando al final de la l\u00ednea en lo que respecta a estas formas de encubrir el enorme impacto econ\u00f3mico de las sanciones\u00bb, ha indicado, al tiempo que estrechar el cerco sobre flota en la sombra rusa.<\/p>\n","protected":false},"excerpt":{"rendered":"El secretario general de la OTAN, Mark Rutte, se re\u00fane con el ministro de Exteriores, Andri Sibiga, en&hellip;\n","protected":false},"author":2,"featured_media":269565,"comment_status":"","ping_status":"","sticky":false,"template":"","format":"standard","meta":{"footnotes":""},"categories":[42],"tags":[17,18,13,14,11,61,62,63,64,19,20,9,10,15,16,12,21,22,65,66,67],"class_list":{"0":"post-269564","1":"post","2":"type-post","3":"status-publish","4":"format-standard","5":"has-post-thumbnail","7":"category-internacional","8":"tag-breaking-news","9":"tag-breakingnews","10":"tag-featured-news","11":"tag-featurednews","12":"tag-headlines","13":"tag-internacional","14":"tag-international","15":"tag-international-news","16":"tag-internationalnews","17":"tag-latest-news","18":"tag-latestnews","19":"tag-news","20":"tag-noticias","21":"tag-noticias-destacadas","22":"tag-noticiasdestacadas","23":"tag-titulares","24":"tag-ultimas-noticias","25":"tag-ultimasnoticias","26":"tag-world","27":"tag-world-news","28":"tag-worldnews"},"share_on_mastodon":{"url":"https:\/\/pubeurope.com\/@es\/115657456447751725","error":""},"_links":{"self":[{"href":"https:\/\/www.europesays.com\/es\/wp-json\/wp\/v2\/posts\/269564","targetHints":{"allow":["GET"]}}],"collection":[{"href":"https:\/\/www.europesays.com\/es\/wp-json\/wp\/v2\/posts"}],"about":[{"href":"https:\/\/www.europesays.com\/es\/wp-json\/wp\/v2\/types\/post"}],"author":[{"embeddable":true,"href":"https:\/\/www.europesays.com\/es\/wp-json\/wp\/v2\/users\/2"}],"replies":[{"embeddable":true,"href":"https:\/\/www.europesays.com\/es\/wp-json\/wp\/v2\/comments?post=269564"}],"version-history":[{"count":0,"href":"https:\/\/www.europesays.com\/es\/wp-json\/wp\/v2\/posts\/269564\/revisions"}],"wp:featuredmedia":[{"embeddable":true,"href":"https:\/\/www.europesays.com\/es\/wp-json\/wp\/v2\/media\/269565"}],"wp:attachment":[{"href":"https:\/\/www.europesays.com\/es\/wp-json\/wp\/v2\/media?parent=269564"}],"wp:term":[{"taxonomy":"category","embeddable":true,"href":"https:\/\/www.europesays.com\/es\/wp-json\/wp\/v2\/categories?post=269564"},{"taxonomy":"post_tag","embeddable":true,"href":"https:\/\/www.europesays.com\/es\/wp-json\/wp\/v2\/tags?post=269564"}],"curies":[{"name":"wp","href":"https:\/\/api.w.org\/{rel}","templated":true}]}}