{"id":269566,"date":"2025-12-03T20:11:17","date_gmt":"2025-12-03T20:11:17","guid":{"rendered":"https:\/\/www.europesays.com\/es\/269566\/"},"modified":"2025-12-03T20:11:17","modified_gmt":"2025-12-03T20:11:17","slug":"la-izquierda-organiza-un-escrache-contra-juan-soto-ivars-en-la-presentacion-de-su-libro-sobre-las-denuncias-falsas-de-violencia-machista-en-sevilla","status":"publish","type":"post","link":"https:\/\/www.europesays.com\/es\/269566\/","title":{"rendered":"La izquierda organiza un escrache contra Juan Soto Ivars en la presentaci\u00f3n de su libro sobre las denuncias falsas de violencia machista en Sevilla"},"content":{"rendered":"<p style=\"\">El escritor y periodista <strong>Juan Soto Ivars<\/strong> es v\u00edctima de la &#8216;poscensura&#8217; y la cultura de la cancelaci\u00f3n que ejerce la sociedad y las redes sociales, un fen\u00f3meno sobre el que ha teorizado y criticado que limita las posibilidades de expresar y compartir sus  &#8230; ideas a quiene<strong>s se salen del carril de los dogmas establecidos<\/strong>. Uno de esos axiomas, al parecer incuestionable, es la Ley 1\/2004, de 28 de diciembre, de <strong>Medidas de Protecci\u00f3n Integral contra la Violencia de G\u00e9nero<\/strong>, impulsada por el Gobierno de Jos\u00e9 Luis Rodr\u00edguez Zapatero (PSOE), cuyos agujeros y lagunas son analizados por el murciano en su \u00faltimo libro que lleva por t\u00edtulo <a href=\"https:\/\/www.abc.es\/cultura\/juan-soto-ivars-mujeres-utilizando-estado-esbirro-20251124194713-nt.html\" target=\"_self\" data-voc-vtm-id=\"in-text-traffic\" title=\"&#039;Esto no existe. Las denuncias falsas en violencia de g\u00e9nero&#039;,\" data-mrf-link=\"www.abc.es\" rel=\"nofollow noopener\">&#8216;Esto no existe. Las denuncias falsas en violencia de g\u00e9nero&#8217;,<\/a> editado por Debate. <\/p>\n<p class=\"voc-p\" style=\"\">El PSOE y Adelante Andaluc\u00eda se han sumando a otros colectivos feministas para reclamar a la Junta de Andaluc\u00eda que <strong>cancele la presentaci\u00f3n del ensayo de Soto Ivars<\/strong> que est\u00e1 anunciado para el pr\u00f3ximo jueves 4 de diciembre en la Biblioteca Infanta Elena de Sevilla a las 19.00 horas. Los promotores de esta censura le dar\u00e1n la &#8216;bienvenida&#8217; con un escrache a las puertas del centro cultural. <\/p>\n<p class=\"voc-p\" style=\"\">La Asociaci\u00f3n Mujeres por la Paz, la Asociaci\u00f3n Amiga por los Derechos Humanos de las mujeres, Transformando Entre Mujeres y Espacio de hombres por la Igualdad de Ja\u00e9n <strong>han enviado una carta al Centro Andaluz de las Letras<\/strong>, dependiente de la Consejer\u00eda de Cultura, para solicitar \u00abformalmente\u00bb la anulaci\u00f3n de este acto. <\/p>\n<p class=\"voc-p\" style=\"\">El libro es fruto de un trabajo de investigaci\u00f3n del escritor, que zarandea el discurso oficial sobre<strong> la inexistencia de denuncias falsas en el \u00e1mbito de la violencia de g\u00e9nero. <\/strong>En su pol\u00e9mico ensayo se basa en testimonios de jueces y v\u00edctimas, as\u00ed como en datos, para arrojar luz sobre un fen\u00f3meno silenciado: el de las denuncias falsas, instrumentales y espurias de supuestos malos tratos que se est\u00e1n utilizando, por ejemplo, para obtener una ventaja frente <strong>a la expareja masculina en los procesos de divorcio<\/strong>. En su libro no cuestiona, ni mucho menos, que exista una violencia machista pero cree que la norma estatal no est\u00e1 siendo eficaz para atajarla.<\/p>\n<p class=\"voc-title\">En su ensayo se\u00f1ala que se est\u00e1 haciendo un uso espurio e instrumental de las denuncias en procesos de divorcio<\/p>\n<p class=\"voc-p\" style=\"\">En la misiva, facilitada a ABC, estos colectivos piden abiertamente la censura contra el autor. Argumentan que Soto Ivars \u00abha difundido p\u00fablicamente ideas que <strong>resultan especialmente perjudiciales<\/strong>, al sugerir que denuncias por malos tratos interpuestas por mujeres se emplean para obtener ventajas en procesos de custodia u otros fines\u00bb. Consideran que \u00abofrecer un espacio institucional para este tipo de planteamientos puede contribuir a <strong>un clima de desconfianza hacia las v\u00edctimas<\/strong> de violencia de g\u00e9nero\u00bb.<\/p>\n<p class=\"voc-p\" style=\"\">Los mismos colectivos feministas han organizado una concentraci\u00f3n a las 18.30 horas a las puertas de la biblioteca, media hora antes de la presentaci\u00f3n del libro, para <strong>expresar su protesta contra el acto.<\/strong> En la carta esgrimen que el Pacto de Estado contra la Violencia de G\u00e9nero alcanzado en 2017 se \u00abinsta expl\u00edcitamente a las administraciones p\u00fablicas a evitar la difusi\u00f3n de mensajes que puedan<strong> contribuir a la desacreditaci\u00f3n de las v\u00edctimas<\/strong> o fomentar narrativas que minimicen la violencia de g\u00e9nero\u00bb. \u00abLa celebraci\u00f3n del acto resulta contraria al esp\u00edritu de estas normas y compromisos institucionales\u00bb, a\u00f1aden.<\/p>\n<p>\nPromoci\u00f3n del libro\n<\/p>\n<p class=\"voc-p\" style=\"\">La Consejer\u00eda de Cultura de la Junta de Andaluc\u00eda rechaza cancelar la presentaci\u00f3n del libro de Juan Soto Ivars, que se enmarca en la gira de promoci\u00f3n del autor y su editorial por todo el pa\u00eds. Defienden que \u00abel Centro Andaluz de las Letras (CAL) da cabida en su programaci\u00f3n a las editoriales que lo solicitan en el marco de su trabajo de <strong>promoci\u00f3n del libro y colaboraci\u00f3n con el sector,<\/strong> sin que ello signifique que se est\u00e9 o no de acuerdo con los planteamientos de los autores\u00bb.<\/p>\n<p class=\"voc-p\" style=\"\">Desde la consejer\u00eda que dirige<strong> Patricia del Pozo<\/strong> (PP) apelan a la libertad de expresi\u00f3n. La programaci\u00f3n literaria del ente p\u00fablico \u00abse rige por razones de calidad y actualidad, caracteriz\u00e1ndose por su pluralidad y diversidad de puntos de vista, fomentando el debate intelectual,<strong> la libertad de expresi\u00f3n y el contraste de ideas<\/strong> y corrientes de pensamiento\u00bb, exponen.<\/p>\n<p>\nClub de Lectura Feminista\n<\/p>\n<p class=\"voc-p\" style=\"\">El CAL da cabida a diferentes voces, como corresponde a un centro cultural. Cuenta con un Club de Lectura Feminista, ha puesto en marcha un programa llamado &#8216;Gr\u00e1ficas!&#8217;, que es un encuentro de creadoras y escritoras de c\u00f3mic dentro de su voluntad de<strong> dar visibilidad a las autoras actuales<\/strong>, y promueve con el Instituto Universitario de Investigaci\u00f3n de G\u00e9nero e Igualdad de la Universidad de M\u00e1laga iniciativas como las Jornadas de Literatura, G\u00e9nero y Subversi\u00f3n, entre otros. <strong>Solo en los \u00faltimos meses ha contado con voces tan claramente comprometidas<\/strong> como pueden ser Pastora Filigrana, Lola Cabrillana, Vera Kurtic, Cristina Dur\u00e1n, Roc\u00edo Quillahuaman y Silvia Hidalgo, entre otras. Asimismo, Remedios Zafra ser\u00e1 la encargada del manifiesto del D\u00eda de la Lectura el pr\u00f3ximo 16 de diciembre. <\/p>\n<p class=\"voc-p\" style=\"\">Sin embargo, ello <strong>no ha evitado que la Junta sea acusada de contemporizar<\/strong> con ideas que salen de lo pol\u00edticamente correcto, que no es otra cosa que la censura de toda la vida, en un tema tan sensible como es la lacra de la violencia machista. <\/p>\n<p class=\"voc-p\" style=\"\">Subi\u00e9ndose a este carro de la cancelaci\u00f3n, <strong>la concejala del Grupo Municipal Socialista Encarnaci\u00f3n Aguilar<\/strong> ha pedido este mi\u00e9rcoles al Ayuntamiento de Sevilla que exija a la Junta de Andaluc\u00eda la cancelaci\u00f3n de la presentaci\u00f3n del libro de Juan Soto Ivars, prevista para el jueves 4 de diciembre en la Biblioteca p\u00fablica Infanta Elena y que, a su juicio, \u00abfomenta el negacionismo de la violencia de g\u00e9nero\u00bb. Soto Ivars es v\u00edctima del trazo grueso de la demagogia que tanto ha criticado.<\/p>\n","protected":false},"excerpt":{"rendered":"El escritor y periodista Juan Soto Ivars es v\u00edctima de la &#8216;poscensura&#8217; y la cultura de la cancelaci\u00f3n&hellip;\n","protected":false},"author":2,"featured_media":269567,"comment_status":"","ping_status":"","sticky":false,"template":"","format":"standard","meta":{"footnotes":""},"categories":[8],"tags":[17,18,3808,25,52840,24,29501,13,14,11,66332,6326,409,19,20,1496,9075,9,10,15,16,11339,2436,1171,57,27222,23,12,21,22,432],"class_list":{"0":"post-269566","1":"post","2":"type-post","3":"status-publish","4":"format-standard","5":"has-post-thumbnail","7":"category-espana","8":"tag-breaking-news","9":"tag-breakingnews","10":"tag-denuncias","11":"tag-es","12":"tag-escrache","13":"tag-espana","14":"tag-falsas","15":"tag-featured-news","16":"tag-featurednews","17":"tag-headlines","18":"tag-ivars","19":"tag-izquierda","20":"tag-juan","21":"tag-latest-news","22":"tag-latestnews","23":"tag-libro","24":"tag-machista","25":"tag-news","26":"tag-noticias","27":"tag-noticias-destacadas","28":"tag-noticiasdestacadas","29":"tag-organiza","30":"tag-presentacion","31":"tag-sevilla","32":"tag-sobre","33":"tag-soto","34":"tag-spain","35":"tag-titulares","36":"tag-ultimas-noticias","37":"tag-ultimasnoticias","38":"tag-violencia"},"share_on_mastodon":{"url":"","error":"Validation failed: Text character limit of 500 exceeded"},"_links":{"self":[{"href":"https:\/\/www.europesays.com\/es\/wp-json\/wp\/v2\/posts\/269566","targetHints":{"allow":["GET"]}}],"collection":[{"href":"https:\/\/www.europesays.com\/es\/wp-json\/wp\/v2\/posts"}],"about":[{"href":"https:\/\/www.europesays.com\/es\/wp-json\/wp\/v2\/types\/post"}],"author":[{"embeddable":true,"href":"https:\/\/www.europesays.com\/es\/wp-json\/wp\/v2\/users\/2"}],"replies":[{"embeddable":true,"href":"https:\/\/www.europesays.com\/es\/wp-json\/wp\/v2\/comments?post=269566"}],"version-history":[{"count":0,"href":"https:\/\/www.europesays.com\/es\/wp-json\/wp\/v2\/posts\/269566\/revisions"}],"wp:featuredmedia":[{"embeddable":true,"href":"https:\/\/www.europesays.com\/es\/wp-json\/wp\/v2\/media\/269567"}],"wp:attachment":[{"href":"https:\/\/www.europesays.com\/es\/wp-json\/wp\/v2\/media?parent=269566"}],"wp:term":[{"taxonomy":"category","embeddable":true,"href":"https:\/\/www.europesays.com\/es\/wp-json\/wp\/v2\/categories?post=269566"},{"taxonomy":"post_tag","embeddable":true,"href":"https:\/\/www.europesays.com\/es\/wp-json\/wp\/v2\/tags?post=269566"}],"curies":[{"name":"wp","href":"https:\/\/api.w.org\/{rel}","templated":true}]}}