{"id":269568,"date":"2025-12-03T20:12:40","date_gmt":"2025-12-03T20:12:40","guid":{"rendered":"https:\/\/www.europesays.com\/es\/269568\/"},"modified":"2025-12-03T20:12:40","modified_gmt":"2025-12-03T20:12:40","slug":"el-ayuntamiento-de-ciudad-real-reafirma-su-compromiso-con-los-derechos-de-las-personas-con-discapacidad","status":"publish","type":"post","link":"https:\/\/www.europesays.com\/es\/269568\/","title":{"rendered":"El Ayuntamiento de Ciudad Real reafirma su compromiso con los derechos de las personas con discapacidad"},"content":{"rendered":"<dl class=\"article-info\">\n<dt class=\"article-info-term\"\/>\n<dd class=\"published\">\n\t\t\t\t\t Publicado: 03 Diciembre 2025\t\t\t\t<\/dd>\n<\/dl>\n<p>\t\t\t<a class=\"modal thumbnail\" href=\"https:\/\/www.europesays.com\/es\/wp-content\/uploads\/2025\/12\/Discapacidad5_11zon.jpg\"><img decoding=\"async\" src=\"https:\/\/www.europesays.com\/es\/wp-content\/uploads\/2025\/12\/Discapacidad5_11zon.jpg\" alt=\"\"\/><\/a><\/p>\n<p>El sal\u00f3n de plenos del Ayuntamiento ha acogido el acto institucional celebrado con motivo del D\u00eda Internacional de las Personas con Discapacidad, en el que han sido protagonistas los colectivos que integran el Patronato Municipal de Personas con Discapacidad. El alcalde, Francisco Ca\u00f1izares, les ha agradecido el trabajo que hacen cada d\u00eda: \u201csois motor de una sociedad que os tiene que estar eternamente agradecida\u201d.<\/p>\n<p>El Ayuntamiento de Ciudad Real ha celebrado un acto institucional para conmemorar en este 3 de diciembre el D\u00eda Internacional de las Personas con Discapacidad. Un foro con el que el consistorio ha querido agradecer a las entidades que conforman el Patronato Municipal de Personas con Discapacidad el trabajo que hacen a lo largo de todo el a\u00f1o en defensa de los derechos de las personas con discapacidad y para reafirmar el compromiso de la administraci\u00f3n en el avance hacia una sociedad m\u00e1s justa, accesible e inclusiva.<\/p>\n<p>As\u00ed se lo ha expresado a los asistentes el alcalde de Ciudad Real. Francisco Ca\u00f1izares ha calificado como \u201cimpagable\u201d la labor que realizan, que supone un est\u00edmulo trascendental para concienciar al resto de la sociedad y a las propias administraciones de la necesidad de seguir dando pasos \u201cpara conseguir m\u00e1s\u201d. El primer edil les ha animado a no abandonar su lucha en el camino hacia una sociedad m\u00e1s justa: \u201csois motor de una sociedad que os tiene que estar eternamente agradecida\u201d.<\/p>\n<p>Las palabras del alcalde de la capital cerraban un acto en el que previamente los representantes de las entidades del Patronato se encargaban de completar un puzle con la simb\u00f3lica frase de Frida Kahlo \u201cPies, para qu\u00e9 los quiero si tengo alas para volar\u201d, que invita a superar las limitaciones.<\/p>\n<p>Por su parte, la concejal de Servicios Sociales, Aurora Galisteo, ha afirmado que un d\u00eda como este 3 de diciembre tiene que servir no s\u00f3lo como celebraci\u00f3n por todo lo logrado hasta ahora sino tambi\u00e9n para reivindicar mayores avances \u201ccontando siempre con la voz de los colectivos de Patronato\u201d. La edil ha ratificado el compromiso del Ayuntamiento con todos ellos y con su lucha diaria: \u201ccada d\u00eda Ciudad Real es m\u00e1s justa, accesible e inclusiva gracias a vuestro trabajo\u201d.<\/p>\n<p>Adem\u00e1s, durante el acto, representantes de ASPACECIRE y de AUTRADE han sido los encargados de dar lectura al manifiesto elaborado por el Patronato Municipal de Personas con Discapacidad con motivo de la conmemoraci\u00f3n del D\u00eda Internacional de las Personas con Discapacidad<\/p>\n","protected":false},"excerpt":{"rendered":"Publicado: 03 Diciembre 2025 El sal\u00f3n de plenos del Ayuntamiento ha acogido el acto institucional celebrado con motivo&hellip;\n","protected":false},"author":2,"featured_media":269569,"comment_status":"","ping_status":"","sticky":false,"template":"","format":"standard","meta":{"footnotes":""},"categories":[5],"tags":[4071,1250,17,18,777,1940,5509,25,24,13,14,11,19,20,9,10,15,16,5510,23,12,5067,4664,21,22],"class_list":{"0":"post-269568","1":"post","2":"type-post","3":"status-publish","4":"format-standard","5":"has-post-thumbnail","7":"category-titulares","8":"tag-agenda","9":"tag-ayuntamiento","10":"tag-breaking-news","11":"tag-breakingnews","12":"tag-ciudad","13":"tag-ciudad-real","14":"tag-empleo","15":"tag-es","16":"tag-espana","17":"tag-featured-news","18":"tag-featurednews","19":"tag-headlines","20":"tag-latest-news","21":"tag-latestnews","22":"tag-news","23":"tag-noticias","24":"tag-noticias-destacadas","25":"tag-noticiasdestacadas","26":"tag-promocion-economica","27":"tag-spain","28":"tag-titulares","29":"tag-tramites","30":"tag-turismo","31":"tag-ultimas-noticias","32":"tag-ultimasnoticias"},"share_on_mastodon":{"url":"https:\/\/pubeurope.com\/@es\/115657464189738622","error":""},"_links":{"self":[{"href":"https:\/\/www.europesays.com\/es\/wp-json\/wp\/v2\/posts\/269568","targetHints":{"allow":["GET"]}}],"collection":[{"href":"https:\/\/www.europesays.com\/es\/wp-json\/wp\/v2\/posts"}],"about":[{"href":"https:\/\/www.europesays.com\/es\/wp-json\/wp\/v2\/types\/post"}],"author":[{"embeddable":true,"href":"https:\/\/www.europesays.com\/es\/wp-json\/wp\/v2\/users\/2"}],"replies":[{"embeddable":true,"href":"https:\/\/www.europesays.com\/es\/wp-json\/wp\/v2\/comments?post=269568"}],"version-history":[{"count":0,"href":"https:\/\/www.europesays.com\/es\/wp-json\/wp\/v2\/posts\/269568\/revisions"}],"wp:featuredmedia":[{"embeddable":true,"href":"https:\/\/www.europesays.com\/es\/wp-json\/wp\/v2\/media\/269569"}],"wp:attachment":[{"href":"https:\/\/www.europesays.com\/es\/wp-json\/wp\/v2\/media?parent=269568"}],"wp:term":[{"taxonomy":"category","embeddable":true,"href":"https:\/\/www.europesays.com\/es\/wp-json\/wp\/v2\/categories?post=269568"},{"taxonomy":"post_tag","embeddable":true,"href":"https:\/\/www.europesays.com\/es\/wp-json\/wp\/v2\/tags?post=269568"}],"curies":[{"name":"wp","href":"https:\/\/api.w.org\/{rel}","templated":true}]}}