{"id":269576,"date":"2025-12-03T20:22:08","date_gmt":"2025-12-03T20:22:08","guid":{"rendered":"https:\/\/www.europesays.com\/es\/269576\/"},"modified":"2025-12-03T20:22:08","modified_gmt":"2025-12-03T20:22:08","slug":"un-coche-de-alta-gama-valorado-en-75-000-euros","status":"publish","type":"post","link":"https:\/\/www.europesays.com\/es\/269576\/","title":{"rendered":"un coche de alta gama valorado en 75.000 euros"},"content":{"rendered":"<p class=\"c-paragraph\">Lucas Gonz\u00e1lez, conocido por haber formado durante dos d\u00e9cadas el popular d\u00fao musical <a href=\"https:\/\/www.20minutos.es\/tags\/instituciones-empresas\/andy-y-lucas.html\" title=\"Andy y Lucas\" rel=\"nofollow noopener\" target=\"_blank\">Andy y Lucas<\/a>, se ha comprado <b>un coche de alta gama de la marca Porsche por 75.000 euros<\/b>, seg\u00fan ha explicado a\u00a0El tiempo justo el vendedor que intervino en la operaci\u00f3n.<\/p>\n<p class=\"c-paragraph\">El comercial ha detallado al programa conducido por <a href=\"https:\/\/www.20minutos.es\/tags\/personas\/joaquin-prat.html\" title=\"Joaqu\u00edn Prat\" rel=\"nofollow noopener\" target=\"_blank\">Joaqu\u00edn Prat<\/a> que se trata de un veh\u00edculo \u00abcon 80.000 kil\u00f3metros, del a\u00f1o 2018 con todo el mantenimiento en la Porsche y con Porsche approved, o sea, garant\u00eda Porsche\u00bb.<\/p>\n<p class=\"c-paragraph\">El mismo profesional ha destacado el excelente estado del autom\u00f3vil, subrayando su conservaci\u00f3n y <b>su amplio equipamiento<\/b>: \u00abOl\u00eda a nuevo. Estaba impoluto, no ten\u00eda absolutamente ni un rasgu\u00f1o y contaba con pintura original de f\u00e1brica, asientos con fr\u00edo y calor, visi\u00f3n nocturna&#8230; Ven\u00eda muy a tope de extras\u00bb.<\/p>\n<p class=\"c-paragraph\">No obstante, una persona del entorno pr\u00f3ximo a Andy ha sostenido al espacio televisivo que la adquisici\u00f3n no se realiz\u00f3 en las fechas que se han difundido p\u00fablicamente, sino hace unos meses. Seg\u00fan esta fuente, Lucas prefiri\u00f3 no airearlo para <b>evitar interpretaciones relacionadas con la complicada situaci\u00f3n <\/b>entre su excompa\u00f1ero musical y \u00e9l tras el fin del d\u00fao.<\/p>\n<p class=\"c-paragraph\">\u00abYa hace unos meses que lo compr\u00f3, pero <b>no quer\u00eda que la gente dijera que se lo ha comprado con el dinero con el que no paga a Andy<\/b>. Le daba miedo contribuir al testimonio que deja a su excompa\u00f1ero como un pobrecito que no ve\u00eda ni un duro de los beneficios\u00bb, ha apuntado el informante.<\/p>\n","protected":false},"excerpt":{"rendered":"Lucas Gonz\u00e1lez, conocido por haber formado durante dos d\u00e9cadas el popular d\u00fao musical Andy y Lucas, se ha&hellip;\n","protected":false},"author":2,"featured_media":269577,"comment_status":"","ping_status":"","sticky":false,"template":"","format":"standard","meta":{"footnotes":""},"categories":[174],"tags":[255,24171,146,147,25,24,256,21440,7357,7745,23,16743],"class_list":{"0":"post-269576","1":"post","2":"type-post","3":"status-publish","4":"format-standard","5":"has-post-thumbnail","7":"category-famosos","8":"tag-celebrities","9":"tag-con","10":"tag-entertainment","11":"tag-entretenimiento","12":"tag-es","13":"tag-espana","14":"tag-famosos","15":"tag-hace","16":"tag-lucas","17":"tag-se","18":"tag-spain","19":"tag-un"},"share_on_mastodon":{"url":"https:\/\/pubeurope.com\/@es\/115657503110592620","error":""},"_links":{"self":[{"href":"https:\/\/www.europesays.com\/es\/wp-json\/wp\/v2\/posts\/269576","targetHints":{"allow":["GET"]}}],"collection":[{"href":"https:\/\/www.europesays.com\/es\/wp-json\/wp\/v2\/posts"}],"about":[{"href":"https:\/\/www.europesays.com\/es\/wp-json\/wp\/v2\/types\/post"}],"author":[{"embeddable":true,"href":"https:\/\/www.europesays.com\/es\/wp-json\/wp\/v2\/users\/2"}],"replies":[{"embeddable":true,"href":"https:\/\/www.europesays.com\/es\/wp-json\/wp\/v2\/comments?post=269576"}],"version-history":[{"count":0,"href":"https:\/\/www.europesays.com\/es\/wp-json\/wp\/v2\/posts\/269576\/revisions"}],"wp:featuredmedia":[{"embeddable":true,"href":"https:\/\/www.europesays.com\/es\/wp-json\/wp\/v2\/media\/269577"}],"wp:attachment":[{"href":"https:\/\/www.europesays.com\/es\/wp-json\/wp\/v2\/media?parent=269576"}],"wp:term":[{"taxonomy":"category","embeddable":true,"href":"https:\/\/www.europesays.com\/es\/wp-json\/wp\/v2\/categories?post=269576"},{"taxonomy":"post_tag","embeddable":true,"href":"https:\/\/www.europesays.com\/es\/wp-json\/wp\/v2\/tags?post=269576"}],"curies":[{"name":"wp","href":"https:\/\/api.w.org\/{rel}","templated":true}]}}