{"id":269590,"date":"2025-12-03T20:32:13","date_gmt":"2025-12-03T20:32:13","guid":{"rendered":"https:\/\/www.europesays.com\/es\/269590\/"},"modified":"2025-12-03T20:32:13","modified_gmt":"2025-12-03T20:32:13","slug":"el-fallo-en-el-fuselaje-del-airbus-a320-apunta-a-la-espanola-sofitec-expansion","status":"publish","type":"post","link":"https:\/\/www.europesays.com\/es\/269590\/","title":{"rendered":"El fallo en el fuselaje del Airbus A320 apunta a la espa\u00f1ola Sofitec &#8211; Expansi\u00f3n"},"content":{"rendered":"<ol>\n<li><a href=\"https:\/\/news.google.com\/rss\/articles\/CBMijgFBVV95cUxQY3pqUlZBMlRBWGxERG8wRzZyUTZSX3l3NW13SzIxTll1S3FKTGdsaFUwSHI1NlNBRlJscm5oZkkzR21kWXhYU3R3Qkh1TlFwcEhaNnN0dHZMclRJaDd4blFPWUlsbl9XY1VrQm51OGMxaHYwdmQzRGtDZll2R3BYU1QtZ3JGd04yNlF0cmx30gGOAUFVX3lxTE83dnA0ZjYzOVVvTm9IMDV2aWxPZVRlb3FHRGZUanJvM2xqcUJHU0loVVhLRTNnSlVwcTZ5V19rakhFeGU0bVM0TTZWTXZ3bmYtSzB5cXFmMFpOb0d4dVdvNERGMnpzdjJXWjF5QTN0eXRTVmVBOEFENTVvWVd0MU1QNlBrUHFwdkhtNU03VUE?oc=5\" target=\"_blank\" rel=\"nofollow noopener\">El fallo en el fuselaje del Airbus A320 apunta a la espa\u00f1ola Sofitec<\/a>&nbsp;&nbsp;Expansi\u00f3n<\/li>\n<li><a href=\"https:\/\/news.google.com\/rss\/articles\/CBMiqgFBVV95cUxNeXVzblJfQUZLdHBQZ0xyN2xfdXM0TUZrWkxfS29JcVJ6MGFaVERibFdXWk1QTUJ3dEExTXRtcjRONzRjTzlQVVY2am5ZMjhibHBrWWYyWkphU2pxT2Z1V2E4dHFxQ09CaDFnZ1h5Z1NzLTdfenJWMHVkQ1FsS2tmbGJSemMwMnhhNHp4MWQ1S29OcXBfUG00azNoYXd1NEtsb0l2X1dXdnRtUQ?oc=5\" target=\"_blank\" rel=\"nofollow noopener\">Airbus se\u00f1ala a la pyme sevillana Sofitec como origen de uno de los fallos del A320<\/a>&nbsp;&nbsp;ABC<\/li>\n<li><a href=\"https:\/\/news.google.com\/rss\/articles\/CBMi7wFBVV95cUxNcXltcExBb0FhOHlmOWNIaUxjcWJnN0dnXzF6ejZDMUNQN016QmNJRk9Cel8xQThIOENzQVhRUVhWOU83eENrMFVxTnpVVFV5cnlmYXhNZ0dhZ1lXTXp3RlpxZy04VE5oeElPSndyN1lFNzBjZkxQSDM4dEZPci1BTmpmSEVsdHlxWDA2UHJFS1RScE5tY2JYWVcxaHc2amZSVzNaSGw5aS1ZSF9lc19iUDJWbjlhd3N0eFd0M093QjhLbDdPUEJVR1h3OXQyWG5Gemg4bm1WcG9INHdyTHlTTlhoUjN1dGQxbVN6VVFvNA?oc=5\" target=\"_blank\" rel=\"nofollow noopener\">Airbus rebaja su objetivo de entrega de aviones, aunque mantiene su previsi\u00f3n de resultados tras la crisis del A320<\/a>&nbsp;&nbsp;EL PA\u00cdS<\/li>\n<li><a href=\"https:\/\/news.google.com\/rss\/articles\/CBMiowFBVV95cUxOYzRSNjNrbFVoT0kzaWwzOXQ2Q2QyZWp2eHRrRDI4b2VDcnp2NS1nbmFMaEhoNWNMUUhNZ0ZBZ3BKZ2J0aUw4eGxBaEdZUy12QkZucDhRUDFWV1NVRU9ZeGNQTDEtbFZfRE1JQnRCdTJiek56WDNMdU9kZTNiLVc3cmZnSTFwNEJwMEczUnN3V2k2WUNGY1J4T2tTcVBWUzNRYzh30gGoAUFVX3lxTE9LRHVZbDFiNFJWb3M1MXk2LU9fVkgtMWtod0NTLWk2R1k1UDhyVS0yUGtpWl9HRjRrUnNvZ1JqYTdnc0V4M2ItT0FTQTJwdW9FSUNFVXFYeW5memkteVFLWnYxQ1ROTHNOcDJncFliNXBJZ193S2xDd2xGXzZaYnBFNzBMcWx2T1dlOTdjR29oODlQZkx1M0lyQmo0eVZKT3VLUlZvR3lxYg?oc=5\" target=\"_blank\" rel=\"nofollow noopener\">El origen del problema de los Airbus A320 se fragu\u00f3 en Sevilla<\/a>&nbsp;&nbsp;Diario de Sevilla<\/li>\n<li><a href=\"https:\/\/news.google.com\/rss\/articles\/CBMisgFBVV95cUxOSmNyZDI0UnpWTjBsUHdKb2NCcDhEX0VfeE9vYzAxSU5SNHU3ZU5Ga3J1bTRHNFp3UUJ1MDQ2Z1RobjFTYkFFOXVUcWlXZVVmdFV2MXd1a1RSbzdlS0tzR19QVlFLdkdBU2FWZnRLRVFPMW5ieUdPTlY0d1U4emNyOUlhcjdqUTJuMTZSYkdiWWU3U2pMR1k1dzVtamVIUFdabjdJWVoyd2JsakZVWnRvLTZn?oc=5\" target=\"_blank\" rel=\"nofollow noopener\">Airbus asume su responsabilidad tras apuntar a Sofitec en los fallos del A320<\/a>&nbsp;&nbsp;El Confidencial<\/li>\n<\/ol>\n","protected":false},"excerpt":{"rendered":"El fallo en el fuselaje del Airbus A320 apunta a la espa\u00f1ola Sofitec&nbsp;&nbsp;Expansi\u00f3n Airbus se\u00f1ala a la pyme&hellip;\n","protected":false},"author":2,"featured_media":269591,"comment_status":"","ping_status":"","sticky":false,"template":"","format":"standard","meta":{"footnotes":""},"categories":[80],"tags":[82,95,94,2308,53416,25,24,23],"class_list":{"0":"post-269590","1":"post","2":"type-post","3":"status-publish","4":"format-standard","5":"has-post-thumbnail","7":"category-economia","8":"tag-business","9":"tag-economia","10":"tag-economy","11":"tag-empresas","12":"tag-empresas-industria","13":"tag-es","14":"tag-espana","15":"tag-spain"},"share_on_mastodon":{"url":"https:\/\/pubeurope.com\/@es\/115657542808920203","error":""},"_links":{"self":[{"href":"https:\/\/www.europesays.com\/es\/wp-json\/wp\/v2\/posts\/269590","targetHints":{"allow":["GET"]}}],"collection":[{"href":"https:\/\/www.europesays.com\/es\/wp-json\/wp\/v2\/posts"}],"about":[{"href":"https:\/\/www.europesays.com\/es\/wp-json\/wp\/v2\/types\/post"}],"author":[{"embeddable":true,"href":"https:\/\/www.europesays.com\/es\/wp-json\/wp\/v2\/users\/2"}],"replies":[{"embeddable":true,"href":"https:\/\/www.europesays.com\/es\/wp-json\/wp\/v2\/comments?post=269590"}],"version-history":[{"count":0,"href":"https:\/\/www.europesays.com\/es\/wp-json\/wp\/v2\/posts\/269590\/revisions"}],"wp:featuredmedia":[{"embeddable":true,"href":"https:\/\/www.europesays.com\/es\/wp-json\/wp\/v2\/media\/269591"}],"wp:attachment":[{"href":"https:\/\/www.europesays.com\/es\/wp-json\/wp\/v2\/media?parent=269590"}],"wp:term":[{"taxonomy":"category","embeddable":true,"href":"https:\/\/www.europesays.com\/es\/wp-json\/wp\/v2\/categories?post=269590"},{"taxonomy":"post_tag","embeddable":true,"href":"https:\/\/www.europesays.com\/es\/wp-json\/wp\/v2\/tags?post=269590"}],"curies":[{"name":"wp","href":"https:\/\/api.w.org\/{rel}","templated":true}]}}