{"id":269617,"date":"2025-12-03T20:55:12","date_gmt":"2025-12-03T20:55:12","guid":{"rendered":"https:\/\/www.europesays.com\/es\/269617\/"},"modified":"2025-12-03T20:55:12","modified_gmt":"2025-12-03T20:55:12","slug":"henneo-premia-la-excelencia-empresarial-y-la-innovacion-en-la-primera-edicion-de-los-premios-economia-y-empresa-heraldo-es","status":"publish","type":"post","link":"https:\/\/www.europesays.com\/es\/269617\/","title":{"rendered":"Henneo premia la excelencia empresarial y la innovaci\u00f3n en la primera edici\u00f3n de los Premios Econom\u00eda y Empresa &#8211; heraldo.es"},"content":{"rendered":"<ol>\n<li><a href=\"https:\/\/news.google.com\/rss\/articles\/CBMi7gFBVV95cUxOT2NKaVN6M0M3Z253bFZibl9IQU0zXzFMbU9DdzV0UlFQcHdTWWU4R3o5SG1VUG1OeGRfM25mY0VUZUZBbHBFbXBTQ04tNXdCa0VqX0V3UDY0ZlF1V3N2RGZwbVBiLVd2RFhBdUM4R2QxYS1YNl9yNUozbkpsVXdteGg5LWhwZkRNaFl3LUtYTHBTbzRfazNBXzZjU2NYTlhYTlhkMlNzRlFFWVprV3JvTWdmV3c4bHZsZEFQZzZud19wZmhVaWNPd19MYV9zRldLS0hCWUJtWGh5eVc2UUhNeGFjeWpxV0Nmc0czamZ30gHzAUFVX3lxTE1kNldQRkJsUnQ1YnduZzBrNGpXaHY2TEFUdmF5emh5SWpuNi14ZFpwZi1sS21zcWxBRXVXYUdCUWkxRHV1RGd5OUt2a0U5M3BHUDFVeDhtQ1ZGRkNWdnc1ZHhfQ2szbnNKMkpqdi10clJrWjBGa2JyYkxFQmpLWlpKckVGX3ZleGJsRXBQNlNZTVB3ZG1wOV9PNjZCVkJGRkFyNnpqYlhmX0JrSEJHR3JiVlJlNUMzMXhzTF9iX0hCeFlscG1vVnlobEVYQ3puUlRQbXNYUnRMZVVHU0FlbFdvYTRlNUhhRUN0cUtuWmxhRW16RQ?oc=5\" target=\"_blank\" rel=\"nofollow noopener\">Henneo premia la excelencia empresarial y la innovaci\u00f3n en la primera edici\u00f3n de los Premios Econom\u00eda y Empresa<\/a>&nbsp;&nbsp;heraldo.es<\/li>\n<li><a href=\"https:\/\/news.google.com\/rss\/articles\/CBMihwJBVV95cUxPakVocFdYOWxyNEVBVUxnNERQTnFBenhfN3VjenU2TnQwaU9TZnJUYWNMbDdSRFhDOWZPZG1zcm5ZODRJc0I1NC1lME9FcjBTb3k4NzlDYjBqVmhPTzNKZWVlWlYyLV9lMVBFNkNhSjlJYlVLQWlXU1BpQ2Izc290TDMta19xcmFXSlVsNmRSZGVqaldFZVM0ZkdmYmI1VUs0T3lBOVQ1ak9iM3Q1OW84SEJEYzduQWh2a3lQRE43VU9RUFRrUUMxc3lWa1RMTnNDZnhyLXJWakhNR0t5LTdoOUJ3eUFCWkZpZEptN3pwQ2ZlWnFNN3lsYjN6US1TcDJLSHlsN2ZjY9IBjAJBVV95cUxNei1odFRucGl3T0ZPc080S2ZJazNfSkMzSG1pUWpIOGNsWWozTTI3NnZNc0o3bGt2TjZUWHNOLVZZWFhtd1ljREh2d3p4QTUtUHZfSm1FUHBLaXBtc0tPVFF0MHhmWDRlNWpkeVhhY1Q5bDhwSXo0SlloVDlwbndkWW1BTlB0Q2g5MXlDMDJNNHhvRGlBNXJQQ3A5TThHbXZBSC1CRlgyR1Y3LUdCQnNVSHBrdzhDaFZzTlg5ZHRZX1JMTTNvVEprUm5jVlAwZHhNMmU4dWExNHN4MHpNbHJ0M3ctY0UxVkg2OVV3Q2Q0VF8zM3JFOXk2clF1MlZ4dE1IaEFvZ2FCTXhuc2My?oc=5\" target=\"_blank\" rel=\"nofollow noopener\">&#8216;La Informaci\u00f3n Econ\u00f3mica&#8217; y &#8216;Business Insider Espa\u00f1a&#8217; reconocen la excelencia y la innovaci\u00f3n empresarial en los I Premios Econom\u00eda y Empresa<\/a>&nbsp;&nbsp;20Minutos<\/li>\n<li><a href=\"https:\/\/news.google.com\/rss\/articles\/CBMi1gFBVV95cUxPdVVWa1I2OVpILVlqN21meXVHRGlackxDR3hCQXF4cktwS1NTa2VaMEpEQlNPQ2J1WWl0VlhnYXdNem5DcGxCckRqQ0NGNFFiWC02ZkdJSDZ3bFlUajZfbGc2ZHkwcDcyaXlUd1NxcXo1UnFhZHB3SVdsQUhmcW1tNWdoNUdQXzlsWURiOG8xbG1hdWd5WjBFTkNNa3Ewdnl3N25Bd2JzcFVyTGtHX19WU1RUaGhhXzZXdGNhdnBaWGt0RUN3RmltTlBuZWZoMm5UaGp0bHhR0gHbAUFVX3lxTE9sMHg3WE90ZFNYencxU1RRZFFvek1FR2MtTGxiSFNMVnB5U05zM0xJang5OVlsSDUzblFtY2JkNUNQdUJMZWE5Q3NWYU50V2tUenlsQlAzTFc1c3Nwc2g0YUpmSzZnMXEwYy10UmxiY0YxR1FzMHNiWDhzQ3M3Zk90RkJBb0JiUTM2S1NtSDBlb2RSc0VBSlBkOER6NUhPNUM4QTVDSlJGaHl0VzlCU2FnaVg4WjlEeTJBVHd1NjVWSmI5RWxvdGc0WVJKaU54Wmtpb0hXVFY2blBqMA?oc=5\" target=\"_blank\" rel=\"nofollow noopener\">Henneo celebra este mi\u00e9rcoles la primera edici\u00f3n de los Premios Econom\u00eda y Empresa<\/a>&nbsp;&nbsp;heraldo.es<\/li>\n<li><a href=\"https:\/\/news.google.com\/rss\/articles\/CBMi6AFBVV95cUxOQkZYMUtTU3R5ZFFyNXFtQTE5c3U4aUpjQXdldEU0X3VrRm5JbzZ3bmFNb2ZEMGFhNmlUZ3o2akpUdFpfUWdWbXo3ZDg2U09XbEdoMkpXMmtQRmtSUVpib3FWXzJlQldMR1pfYkU5SG5IRDFaU2NSeFZHMUZRNjNQX2pOZmswazdEcTcwcHZFVzVaVkt1eVhYZURfM3ZOTzZ3d0hkT3A3c0pXMXMtUTR2Z2FmMlhaRkljT2oyc1hIdXZBa3V6b2dmVHBNQnVESk5MLXRmZHlWSnJWbWJqR21MX19PbmNfTUJq0gHuAUFVX3lxTE9jeDVxbjc1SjZJSXZicWVsb2UyWVdwZmVubnItZncxMFEtQWZGdy01RUFvd0g1VWowT0ZDeENOdURiZEFDa0NLT0xaSk9Ydm5xYjZmUUN6b09lbk1CRVc1S0dKZ0wzTG5VWTF1SEpQVzZxVVNFSWU2RkdxbHRsOUVKQTVfM0hVNk9fQkpOZWdtaDBaNks0THNkdGl5aDVYZlFlQXUtMU9wMHlIbkIwTHc1anVYT3l6MldhbGFfSWlCVldqVlJSUm9mOHctNmJYSDBHejU2MW84UTktdXdXYnFZTGxOTXRDRzRzbGQ1dkE?oc=5\" target=\"_blank\" rel=\"nofollow noopener\">Ruiz-Tagle, CEO de Iberdrola Espa\u00f1a: \u00abO generamos energ\u00eda aut\u00f3ctona o no tendremos la competitividad a la que aspiramos\u00bb<\/a>&nbsp;&nbsp;20Minutos<\/li>\n<li><a href=\"https:\/\/news.google.com\/rss\/articles\/CBMi9wFBVV95cUxQT2pKM192cjFwYnV5bTlxalhlMS0xN18xbVZ0UkhBZFJyZ3dTSURhZ2lXVm9sVGdXY0VHRFF6S0tybEdTazAwUmh5TmZqTkwzd1VoUTNpdV9SakZXN2wwMGRYSFJFcGM1ZnNqd2F0MWV5cmpVUDFwNmswQVgxNVNSVkU4UUFoT19WNy1aU0JMX3lEQXo0N1pEakxveWxGM19FRFFNMWVPRnF1ME9TdmtXR1BRbFIxUmdQX1cySWl6d0xtc05JX1daemc5ei1lS2ZVMnItNHpyTXVBQnIwYmJ0SFFhZmcyYlNWQkMtSkpBWjQ4V0ZUUmNJ0gH8AUFVX3lxTE1HRzFpRVlfdFNadmFDbnlqd3ZxME9WUDFPQzRjVlhHMjFGUURnTjJ3LXNzTzJLR3dydldtNmhrZG9Ia05RbmVqRTBCVUlRbXN3YzZUTV9WM1R4ekQ4VklVMUE0dFZYMFptUEt2dHNsdTkwclhxWVRoZHBsTXhSYzdfUTE5RS1jOENsdlNLS00takJLSU0yaGlJZ0VpY0s3X2R3Y1VPcmRUMGpja1llZUhsd3o4NER2WHJWdEszemljQWh6bllrUDdXa2ZrZUxKbjdZNHptNVo1Q2Mxa1ZzTENiTEw3MkdVbk84bklkMlFzSEx6bjkzZEE0QUNVdg?oc=5\" target=\"_blank\" rel=\"nofollow noopener\">Elma Saiz destaca en los I Premios Henneo Econom\u00eda y Empresas que las grandes compa\u00f1\u00edas espa\u00f1olas son \u00abel verdadero motor transformador del mercado laboral\u00bb<\/a>&nbsp;&nbsp;20Minutos<\/li>\n<\/ol>\n","protected":false},"excerpt":{"rendered":"Henneo premia la excelencia empresarial y la innovaci\u00f3n en la primera edici\u00f3n de los Premios Econom\u00eda y Empresa&nbsp;&nbsp;heraldo.es&hellip;\n","protected":false},"author":2,"featured_media":248356,"comment_status":"","ping_status":"","sticky":false,"template":"","format":"standard","meta":{"footnotes":""},"categories":[80],"tags":[82,95,94,25,24,23],"class_list":{"0":"post-269617","1":"post","2":"type-post","3":"status-publish","4":"format-standard","5":"has-post-thumbnail","7":"category-economia","8":"tag-business","9":"tag-economia","10":"tag-economy","11":"tag-es","12":"tag-espana","13":"tag-spain"},"share_on_mastodon":{"url":"https:\/\/pubeurope.com\/@es\/115657632965087868","error":""},"_links":{"self":[{"href":"https:\/\/www.europesays.com\/es\/wp-json\/wp\/v2\/posts\/269617","targetHints":{"allow":["GET"]}}],"collection":[{"href":"https:\/\/www.europesays.com\/es\/wp-json\/wp\/v2\/posts"}],"about":[{"href":"https:\/\/www.europesays.com\/es\/wp-json\/wp\/v2\/types\/post"}],"author":[{"embeddable":true,"href":"https:\/\/www.europesays.com\/es\/wp-json\/wp\/v2\/users\/2"}],"replies":[{"embeddable":true,"href":"https:\/\/www.europesays.com\/es\/wp-json\/wp\/v2\/comments?post=269617"}],"version-history":[{"count":0,"href":"https:\/\/www.europesays.com\/es\/wp-json\/wp\/v2\/posts\/269617\/revisions"}],"wp:featuredmedia":[{"embeddable":true,"href":"https:\/\/www.europesays.com\/es\/wp-json\/wp\/v2\/media\/248356"}],"wp:attachment":[{"href":"https:\/\/www.europesays.com\/es\/wp-json\/wp\/v2\/media?parent=269617"}],"wp:term":[{"taxonomy":"category","embeddable":true,"href":"https:\/\/www.europesays.com\/es\/wp-json\/wp\/v2\/categories?post=269617"},{"taxonomy":"post_tag","embeddable":true,"href":"https:\/\/www.europesays.com\/es\/wp-json\/wp\/v2\/tags?post=269617"}],"curies":[{"name":"wp","href":"https:\/\/api.w.org\/{rel}","templated":true}]}}