{"id":269618,"date":"2025-12-03T20:56:13","date_gmt":"2025-12-03T20:56:13","guid":{"rendered":"https:\/\/www.europesays.com\/es\/269618\/"},"modified":"2025-12-03T20:56:13","modified_gmt":"2025-12-03T20:56:13","slug":"israel-informa-de-que-hamas-ya-ha-entregado-a-la-cruz-roja-el-cuerpo-de-un-nuevo-rehen","status":"publish","type":"post","link":"https:\/\/www.europesays.com\/es\/269618\/","title":{"rendered":"Israel informa de que Ham\u00e1s ya ha entregado a la Cruz Roja el cuerpo de un nuevo reh\u00e9n"},"content":{"rendered":"<p>Israel ha recibido el cuerpo de un nuevo reh\u00e9n este mi\u00e9rcoles tras la entrega fallida del martes, que no correspond\u00eda a ninguno de los rehenes. El Movimiento de Resistencia Isl\u00e1mica (Ham\u00e1s) y Yihad Isl\u00e1mica han hallado el cuerpo de <strong><a href=\"https:\/\/www.20minutos.es\/internacional\/hamas-entrega-israel-cuerpo-otro-supuesto-rehen-solo-quedaria-cadaver-un-secuestrado-gaza_6902614_0.html\" rel=\"nofollow noopener\" target=\"_blank\">uno de los dos rehenes<\/a><\/strong> que contin\u00faan en la Franja de Gaza y sus restos ya han sido transferidos a las tropas israel\u00edes. <\/p>\n<p>La oficina del primer ministro de Israel, <a href=\"https:\/\/www.20minutos.es\/tags\/personas\/benjamin-netanyahu.html\" rel=\"nofollow noopener\" target=\"_blank\">Benjam\u00edn Netanyahu<\/a>, ha se\u00f1alado que \u00abIsrael se est\u00e1 preparando para recibir en las pr\u00f3ximas horas, a trav\u00e9s de la Cruz Roja, el ata\u00fad con los restos de un reh\u00e9n ca\u00eddo que ha sido hallado hoy durante las b\u00fasquedas en el norte de la Franja de Gaza\u00bb.<\/p>\n<p>Los restos del reh\u00e9n, cuya identidad no ha trascendido, han sido entregados sobre las 17.00 horas (hora local), seg\u00fan han indicado en un comunicado conjunto los brazos armados de Ham\u00e1s y Yihad Isl\u00e1mica, las Brigadas Ezeld\u00edn al Qasam y las Brigadas Al Quds, respectivamente, que han se\u00f1alado que esta medida se enmarca en el <strong>acuerdo con Israel para aplicar la primera fase<\/strong> de la propuesta de Estados Unidos para el futuro de la Franja y que entr\u00f3 en vigor el pasado 10 de octubre.<\/p>\n<p>Se han entregado los restos de 26 de los 28 fallecidos<\/p>\n<p>\u00abEl fallecido ser\u00e1 trasladado para su examen en el Instituto Nacional de Medicina Forense. La Direcci\u00f3n de Rehenes y Desaparecidos est\u00e1 en contacto continuo con las familias de los dos rehenes ca\u00eddos\u00bb, ha subrayado, en referencia al polic\u00eda israel\u00ed Ran Gvili y el civil tailand\u00e9s Sudthisak Rinthalak, cuyos cuerpos siguen en Gaza a ra\u00edz de los ataques del 7 de octubre de 2023.<\/p>\n<p>El anuncio de la entrega del cuerpo del reh\u00e9n llega tan solo horas despu\u00e9s de que el Gobierno israel\u00ed haya afirmado que<strong> los restos entregados el martes por Ham\u00e1s no corresponden a ninguno de los rehenes<\/strong> que quedan en el enclave palestino. Tras identificar los restos, las autoridades israel\u00edes han indicado que el \u00abCentro Nacional de Medicina Forense ha determinado que no est\u00e1n relacionados con ninguno de los rehenes fallecidos\u00bb en la Franja de Gaza, seg\u00fan un comunicado de la oficina de Netanyahu.<\/p>\n<p>La aplicaci\u00f3n de este acuerdo incluy\u00f3 un alto el fuego que entr\u00f3 en vigor el 10 de octubre y la liberaci\u00f3n de los 20 rehenes que segu\u00edan con vida y la entrega de 30 de los rehenes fallecidos. Los milicianos entregaron los restos de 26 de los 28 fallecidos. Adem\u00e1s, Israel ha liberado a cerca de 2.000 palestinos que estaban en sus c\u00e1rceles y ha entregado cerca de 350 cad\u00e1veres de palestinos que reten\u00eda desde los ataques y la posterior ofensiva contra Gaza.<\/p>\n<p>Al menos cuatro soldados israel\u00edes heridos <\/p>\n<p>En esta misma jornada, al menos <strong>cuatro soldados israel\u00edes<\/strong> han resultado <strong>heridos<\/strong>,<strong> uno <\/strong>de ellos en estado <strong>grave<\/strong>, en combates que han estallado en <strong>Rafah<\/strong>, en el extremo sur de la Franja de Gaza, seg\u00fan ha informado el Ej\u00e9rcito de Israel en un comunicado.<\/p>\n<p>El texto  detalla que las tropas se encontraron en la zona, bajo control israel\u00ed, \u00abcon <strong>varios terroristas<\/strong> que emergieron de una infraestructura terrorista subterr\u00e1nea\u00bb, lo que desencaden\u00f3 combates. \u00abCuatro soldados resultaron heridos y fueron evacuados al hospital para recibir tratamiento m\u00e9dico, y sus familias han sido notificadas\u00bb, agrega el comunicado.<\/p>\n<p>Tras conocerse lo ocurrido, <strong>Netanyahu<\/strong> ha convocado de urgencia a su gabinete para estudiar la respuesta a los combates. Posteriormente, en un comunicado, ha deseado \u00abuna <strong>pronta recuperaci\u00f3n a los heroicos soldados<\/strong>\u00bb y ha <strong>acusado a Ham\u00e1s<\/strong> de \u00abcontinuar <strong>violando el acuerdo<\/strong>\u00bb al estar llevando a cabo \u00abactos terroristas\u00bb contra sus fuerzas. \u00abNuestra pol\u00edtica es clara: <strong>Israel <\/strong>no tolerar\u00e1 da\u00f1os a los soldados y responder\u00e1 en consecuencia\u00bb, ha aseverado.<\/p>\n<p>En Rafah siguen <strong>atrincherados decenas de milicianos de Ham\u00e1s<\/strong> -algunos centenares, seg\u00fan el Ej\u00e9rcito israel\u00ed- y se han producido incidentes con las tropas de Israel desde el alto el fuego alcanzado en octubre.<\/p>\n<p>Rechazo egipcio a la reapertura del cruce de Rafah<\/p>\n<p>Antes de esos combates,<strong> Israel <\/strong>hab\u00eda <strong>anunciado <\/strong>este mi\u00e9rcoles su <strong>decisi\u00f3n de reabrir<\/strong> el cruce de<strong> Rafah <\/strong>durante los pr\u00f3ximos d\u00edas para permitir la salida de gazat\u00edes a Egipto. \u00abDe conformidad con el acuerdo de alto el fuego y una directiva de la c\u00fapula pol\u00edtica, el cruce de Rafah se abrir\u00e1<strong> en los pr\u00f3ximos d\u00edas <\/strong>exclusivamente <strong>para la salida de residentes de la Franja de Gaza hacia Egipto<\/strong>\u00ab, indic\u00f3 en una nota el organismo militar israel\u00ed que gestiona asuntos civiles en los territorios palestinos ocupados.<\/p>\n<p>El comunicado especifica que la salida de los gazat\u00edes a trav\u00e9s del cruce de Rafah se facilitar\u00e1 mediante \u00abla<strong> coordinaci\u00f3n con Egipto<\/strong>, tras la aprobaci\u00f3n de seguridad de Israel y bajo la <strong>supervisi\u00f3n de la misi\u00f3n de la Uni\u00f3n Europea<\/strong>\u00ab, de forma similar al mecanismo que funcion\u00f3 en enero de 2025.<\/p>\n<p>Sin embargo, <strong>el Gobierno egipcio<\/strong> ha reiterado su <strong>rechazo<\/strong> a \u00abcualquier desplazamiento de palestinos de sus tierras\u00bb, seg\u00fan declaraciones a la televisi\u00f3n egipcia Al Qahera News del jefe del Servicio de Informaci\u00f3n Estatal de Egipto, Diaa Rashwan, que act\u00faa como portavoz del Gobierno del pa\u00eds norteafricano.<\/p>\n<p>El propio Servicio de Informaci\u00f3n Estatal ya ha <strong>negado la existencia de un acuerdo<\/strong> con Israel para reabrir Rafah. \u00ab<strong>De llegarse a un acuerdo<\/strong> para abrir el cruce, el tr\u00e1nsito <strong>ser\u00e1 en ambas direcciones<\/strong>, para entrar y salir de la Franja, de acuerdo con lo estipulado en el plan del presidente estadounidense\u00bb, ha respondido una fuente oficial egipcia citada por el Servicio de Informaci\u00f3n Estatal.<\/p>\n<p>No obstante, una fuente de seguridad egipcia ha dicho a la agencia de noticias EFE que Tel Aviv inform\u00f3 a El Cairo de esta medida, que se producir\u00eda bajo un <strong>mecanismo de coordinaci\u00f3n conjunto <\/strong>con Egipto y con supervisi\u00f3n de la Uni\u00f3n Europea, de forma similar a la f\u00f3rmula del acuerdo de enero de 2025.<\/p>\n<p>Hasta ahora s<strong>olo han estado abiertos los cruces de Zikim, Kerem Shalom y Kissufim<\/strong>, que operan <strong>en exclusiva para la entrada de ayuda humanitaria<\/strong> al enclave palestino.<\/p>\n<p>No obstante, <strong>entre los puntos del Plan de paz impulsado por Trump<\/strong>, que sustenta ese cese de las hostilidades, tambi\u00e9n figuraba la <strong>apertura del paso de Rafah<\/strong>,  que hasta su clausura era la <strong>\u00fanica ventana de la Franja al mundo<\/strong> para el transito de personas y cargamentos no controlados por Israel.<\/p>\n","protected":false},"excerpt":{"rendered":"Israel ha recibido el cuerpo de un nuevo reh\u00e9n este mi\u00e9rcoles tras la entrega fallida del martes, que&hellip;\n","protected":false},"author":2,"featured_media":269619,"comment_status":"","ping_status":"","sticky":false,"template":"","format":"standard","meta":{"footnotes":""},"categories":[42],"tags":[17,18,13,14,11,61,62,63,64,19,20,9,10,15,16,12,21,22,65,66,67],"class_list":{"0":"post-269618","1":"post","2":"type-post","3":"status-publish","4":"format-standard","5":"has-post-thumbnail","7":"category-internacional","8":"tag-breaking-news","9":"tag-breakingnews","10":"tag-featured-news","11":"tag-featurednews","12":"tag-headlines","13":"tag-internacional","14":"tag-international","15":"tag-international-news","16":"tag-internationalnews","17":"tag-latest-news","18":"tag-latestnews","19":"tag-news","20":"tag-noticias","21":"tag-noticias-destacadas","22":"tag-noticiasdestacadas","23":"tag-titulares","24":"tag-ultimas-noticias","25":"tag-ultimasnoticias","26":"tag-world","27":"tag-world-news","28":"tag-worldnews"},"share_on_mastodon":{"url":"https:\/\/pubeurope.com\/@es\/115657637017916610","error":""},"_links":{"self":[{"href":"https:\/\/www.europesays.com\/es\/wp-json\/wp\/v2\/posts\/269618","targetHints":{"allow":["GET"]}}],"collection":[{"href":"https:\/\/www.europesays.com\/es\/wp-json\/wp\/v2\/posts"}],"about":[{"href":"https:\/\/www.europesays.com\/es\/wp-json\/wp\/v2\/types\/post"}],"author":[{"embeddable":true,"href":"https:\/\/www.europesays.com\/es\/wp-json\/wp\/v2\/users\/2"}],"replies":[{"embeddable":true,"href":"https:\/\/www.europesays.com\/es\/wp-json\/wp\/v2\/comments?post=269618"}],"version-history":[{"count":0,"href":"https:\/\/www.europesays.com\/es\/wp-json\/wp\/v2\/posts\/269618\/revisions"}],"wp:featuredmedia":[{"embeddable":true,"href":"https:\/\/www.europesays.com\/es\/wp-json\/wp\/v2\/media\/269619"}],"wp:attachment":[{"href":"https:\/\/www.europesays.com\/es\/wp-json\/wp\/v2\/media?parent=269618"}],"wp:term":[{"taxonomy":"category","embeddable":true,"href":"https:\/\/www.europesays.com\/es\/wp-json\/wp\/v2\/categories?post=269618"},{"taxonomy":"post_tag","embeddable":true,"href":"https:\/\/www.europesays.com\/es\/wp-json\/wp\/v2\/tags?post=269618"}],"curies":[{"name":"wp","href":"https:\/\/api.w.org\/{rel}","templated":true}]}}