{"id":269620,"date":"2025-12-03T20:57:10","date_gmt":"2025-12-03T20:57:10","guid":{"rendered":"https:\/\/www.europesays.com\/es\/269620\/"},"modified":"2025-12-03T20:57:10","modified_gmt":"2025-12-03T20:57:10","slug":"aprobado-el-protocolo-comun-contra-la-gripe-que-pide-llevar-mascarillas-en-centros-sanitarios","status":"publish","type":"post","link":"https:\/\/www.europesays.com\/es\/269620\/","title":{"rendered":"Aprobado el protocolo com\u00fan contra la gripe que pide llevar mascarillas en centros sanitarios"},"content":{"rendered":"<p class=\"article-text\">\n        El Gobierno y las comunidades aut\u00f3nomas han aprobado este mi\u00e9rcoles el protocolo com\u00fan de actuaci\u00f3n ante la gripe (y otras infecciones respiratorias). La Comisi\u00f3n de Salud P\u00fablica ha dado luz verde a una bater\u00eda de acciones consensuadas entre las que est\u00e1 el uso de mascarilla en cualquier centro sanitario cuando se alcance el nivel de epidemia, como es la actual situaci\u00f3n.\n    <\/p>\n<p>    <a href=\"https:\/\/www.eldiario.es\/sociedad\/ola-gripe-adelantado-preve-temporada-complicada-mayor-numero-hospitalizaciones_1_12795674.html\" data-mrf-recirculation=\"saber-mas\" data-dl-event=\"saber-mas\" rel=\"nofollow noopener\" target=\"_blank\"><\/p>\n<p class=\"know-more__title\">La ola de gripe se ha adelantado: se prev\u00e9 una temporada m\u00e1s complicada y un mayor n\u00famero de hospitalizaciones<\/p>\n<p>            <img decoding=\"async\" class=\"lazy\" loading=\"lazy\" data-src=\"https:\/\/static.eldiario.es\/clip\/7a515d95-c5da-4fa1-8a8f-740e7458946c_16-9-aspect-ratio_default_0.jpg\" src=\"data:image\/svg+xml,%3Csvg xmlns=\" http:=\"\" viewbox=\"0 0 880 495\" alt=\"La ola de gripe se ha adelantado: se prev\u00e9 una temporada m\u00e1s complicada y un mayor n\u00famero de hospitalizaciones\"\/><\/p>\n<p>                        <\/a><\/p>\n<p class=\"article-text\">\n        El protocolo se present\u00f3 el viernes pasado a los consejeros de Sanidad de la comunidades aut\u00f3nomas y recoge una serie de actuaciones seg\u00fan el nivel de expansi\u00f3n de las enfermedades.\n    <\/p>\n<p class=\"article-text\">\n        As\u00ed, cuando el n\u00famero de casos llegue al umbral de epidemia \u201cse intensifica la recomendaci\u00f3n del uso de mascarilla quir\u00fargica  por parte de personas con s\u00edntomas y en entornos vulnerables\u201d, dice el protocolo. Tambi\u00e9n en \u201chospitales, se recomienda su uso en \u00e1reas sensibles (como unidades oncol\u00f3gicas o de trasplantes) tanto por profesionales como por pacientes y acompa\u00f1antes\u201d.\n    <\/p>\n<p class=\"article-text\">\n        Si se alcanza el nivel epid\u00e9mico alto \u201cse recomienda el uso generalizado de mascarilla en espacios comunes de centros sanitarios, como salas de espera o urgencias\u201d. En las residencias de mayores se puede revisar el r\u00e9gimen de visitas y tambi\u00e9n se recomienda que las personas vulnerables se pongan la mascarilla.\n    <\/p>\n<p class=\"article-text\">\n        En caso de llegar al nivel m\u00e1s grave o muy alto \u201clas autoridades sanitarias podr\u00e1n establecer medidas excepcionales para el control de la transmisi\u00f3n en determinados contextos o colectivos especialmente expuestos\u201d.\n    <\/p>\n<p>    <a href=\"https:\/\/www.eldiario.es\/sociedad\/sanidad-da-hecho-pp-apoyara-protocolo-comun-gripe-rechazo-ano-pasado_1_12805330.html\" data-mrf-recirculation=\"saber-mas-abajo\" data-dl-event=\"saber-mas-abajo\" rel=\"nofollow noopener\" target=\"_blank\"><\/p>\n<p class=\"know-more__title\">Sanidad da por hecho que el PP apoyar\u00e1 el protocolo com\u00fan contra la gripe que rechaz\u00f3 el a\u00f1o pasado<\/p>\n<p>            <img decoding=\"async\" class=\"lazy\" loading=\"lazy\" data-src=\"https:\/\/static.eldiario.es\/clip\/97fac0dd-3a4e-4d9f-aabc-21897b95212d_16-9-aspect-ratio_default_0.jpg\" src=\"data:image\/svg+xml,%3Csvg xmlns=\" http:=\"\" viewbox=\"0 0 880 495\" alt=\"Sanidad da por hecho que el PP apoyar\u00e1 el protocolo com\u00fan contra la gripe que rechaz\u00f3 el a\u00f1o pasado\"\/><\/p>\n<p>                        <\/a><\/p>\n<p class=\"article-text\">\n        La ministra de Sanidad, M\u00f3nica Garc\u00eda, se ha felicitado tras el resultado de la reuni\u00f3n: \u201cEl teletrabajo o las mascarillas en centros sanitarios salvan vidas\u201d.\n    <\/p>\n","protected":false},"excerpt":{"rendered":"El Gobierno y las comunidades aut\u00f3nomas han aprobado este mi\u00e9rcoles el protocolo com\u00fan de actuaci\u00f3n ante la gripe&hellip;\n","protected":false},"author":2,"featured_media":269621,"comment_status":"","ping_status":"","sticky":false,"template":"","format":"standard","meta":{"footnotes":""},"categories":[8],"tags":[24711,17,18,4114,10052,25,24,13,14,7749,11,19,20,10484,58057,9,10,15,16,34,28545,16587,23,12,21,22],"class_list":{"0":"post-269620","1":"post","2":"type-post","3":"status-publish","4":"format-standard","5":"has-post-thumbnail","7":"category-espana","8":"tag-aprobado","9":"tag-breaking-news","10":"tag-breakingnews","11":"tag-centros","12":"tag-comun","13":"tag-es","14":"tag-espana","15":"tag-featured-news","16":"tag-featurednews","17":"tag-gripe","18":"tag-headlines","19":"tag-latest-news","20":"tag-latestnews","21":"tag-llevar","22":"tag-mascarillas","23":"tag-news","24":"tag-noticias","25":"tag-noticias-destacadas","26":"tag-noticiasdestacadas","27":"tag-pide","28":"tag-protocolo","29":"tag-sanitarios","30":"tag-spain","31":"tag-titulares","32":"tag-ultimas-noticias","33":"tag-ultimasnoticias"},"share_on_mastodon":{"url":"https:\/\/pubeurope.com\/@es\/115657640844585195","error":""},"_links":{"self":[{"href":"https:\/\/www.europesays.com\/es\/wp-json\/wp\/v2\/posts\/269620","targetHints":{"allow":["GET"]}}],"collection":[{"href":"https:\/\/www.europesays.com\/es\/wp-json\/wp\/v2\/posts"}],"about":[{"href":"https:\/\/www.europesays.com\/es\/wp-json\/wp\/v2\/types\/post"}],"author":[{"embeddable":true,"href":"https:\/\/www.europesays.com\/es\/wp-json\/wp\/v2\/users\/2"}],"replies":[{"embeddable":true,"href":"https:\/\/www.europesays.com\/es\/wp-json\/wp\/v2\/comments?post=269620"}],"version-history":[{"count":0,"href":"https:\/\/www.europesays.com\/es\/wp-json\/wp\/v2\/posts\/269620\/revisions"}],"wp:featuredmedia":[{"embeddable":true,"href":"https:\/\/www.europesays.com\/es\/wp-json\/wp\/v2\/media\/269621"}],"wp:attachment":[{"href":"https:\/\/www.europesays.com\/es\/wp-json\/wp\/v2\/media?parent=269620"}],"wp:term":[{"taxonomy":"category","embeddable":true,"href":"https:\/\/www.europesays.com\/es\/wp-json\/wp\/v2\/categories?post=269620"},{"taxonomy":"post_tag","embeddable":true,"href":"https:\/\/www.europesays.com\/es\/wp-json\/wp\/v2\/tags?post=269620"}],"curies":[{"name":"wp","href":"https:\/\/api.w.org\/{rel}","templated":true}]}}