{"id":269622,"date":"2025-12-03T20:58:21","date_gmt":"2025-12-03T20:58:21","guid":{"rendered":"https:\/\/www.europesays.com\/es\/269622\/"},"modified":"2025-12-03T20:58:21","modified_gmt":"2025-12-03T20:58:21","slug":"la-sala-el-molino-acoge-la-muestra-retrospectiva-de-carteleria-navidena-de-la-asociacion-de-belenistas","status":"publish","type":"post","link":"https:\/\/www.europesays.com\/es\/269622\/","title":{"rendered":"La Sala El Molino acoge la muestra retrospectiva de carteler\u00eda navide\u00f1a de la Asociaci\u00f3n de Belenistas"},"content":{"rendered":"<p>El teniente de alcaldesa de Turismo, Antonio Real, y el delegado de Cultura, Francisco Zurita, han asistido junto al presidente de la Asociaci\u00f3n de Belenistas de Jerez, Ram\u00f3n Garc\u00eda,<strong> a la inauguraci\u00f3n de la exposici\u00f3n de carteles anunciadores de la Navidad de dicha entidad<\/strong>, que ha tenido lugar en la Sala El Molino, ubicada en el Conjunto Monumental del Alc\u00e1zar, y que<strong> permanecer\u00e1 abierta al p\u00fablico hasta el 11 de enero<\/strong>. Esta retrospectiva, que celebra las &#8217;50 Navidades montando el Bel\u00e9n&#8217;, se presenta al p\u00fablico visitante como un testimonio de la maestr\u00eda y la evoluci\u00f3n art\u00edstica de sus creadores a lo largo de medio siglo.<\/p>\n<p>Durante su inauguraci\u00f3n, los representantes municipales han expresado su profundo reconocimiento a los organizadores, destacando l<strong>a dimensi\u00f3n cultural y tur\u00edstica de esta manifestaci\u00f3n en la ciudad.<\/strong> En primer lugar, Francisco Zurita ha destacado el significativo esfuerzo de la Asociaci\u00f3n de Belenistas de Jerez, la entidad m\u00e1s antigua de Andaluc\u00eda en su \u00e1mbito. Zurita ha puesto en valor la extensa oferta cultural que han programado en esta edici\u00f3n, y tambi\u00e9n ha subrayado la dimensi\u00f3n internacional de la exposici\u00f3n de belenes en los Claustros con la incorporaci\u00f3n de obras de origen malt\u00e9s, en el marco del fortalecimiento de lazos culturales a nivel internacional.<\/p>\n<p>Seguidamente, Ram\u00f3n Garc\u00eda ha agradecido el respaldo municipal en el a\u00f1o en que la entidad conmemora sus 50 navidades, resaltando el intenso trabajo realizado. Garc\u00eda ha invitado a la ciudadan\u00eda y a los visitantes a recorrer la amplia oferta expositiva, poniendo \u00e9nfasis no solo en la muestra que acoge El Molino, sino tambi\u00e9n en el Bel\u00e9n del edificio Consistorio y en la muestra de los Claustros de Santo Domingo que agrupar\u00e1 trabajos de la asociaci\u00f3n, de la provincia y la destacada participaci\u00f3n internacional de Malta.<\/p>\n<p>Sobre el XX Congreso Andaluz de Belenistas, Garc\u00eda <strong>ha calificado esta pr\u00f3xima cita regional como un evento de gran calado <\/strong>y un motivo de orgullo para la ciudad, y ha avanzado que la exposici\u00f3n de los Claustros se mantendr\u00e1 abierta hasta la clausura del congreso para acoger a los asistentes. Por \u00faltimo, Antonio Real ha reiterado el respaldo institucional a la entidad, la contribuci\u00f3n del belenismo a la promoci\u00f3n cultural de Jerez y a la relevancia de la acogida del congreso andaluz a principios de enero.<\/p>\n<p><strong>Cabe recordar que la actividad belenista goza de una doble distinci\u00f3n que subraya su valor patrimonial<\/strong>. A nivel nacional, fue declarada en junio de 2022 como Manifestaci\u00f3n Representativa del Patrimonio Cultural Inmaterial, un reconocimiento que destaca su importancia como hecho sociol\u00f3gico y cultural, m\u00e1s all\u00e1 de la expresi\u00f3n religiosa. Paralelamente, en el \u00e1mbito regional, esta expresi\u00f3n art\u00edstica fue inscrita como \u00abActividad de Inter\u00e9s Etnol\u00f3gico\u00bb en el Cat\u00e1logo General del Patrimonio Hist\u00f3rico Andaluz, otorg\u00e1ndole la denominaci\u00f3n de Bien de Inter\u00e9s Cultural (BIC).<strong> <\/strong><\/p>\n","protected":false},"excerpt":{"rendered":"El teniente de alcaldesa de Turismo, Antonio Real, y el delegado de Cultura, Francisco Zurita, han asistido junto&hellip;\n","protected":false},"author":2,"featured_media":269623,"comment_status":"","ping_status":"","sticky":false,"template":"","format":"standard","meta":{"footnotes":""},"categories":[5],"tags":[17,18,25,24,13,14,11,19,20,9,10,15,16,23,12,21,22],"class_list":{"0":"post-269622","1":"post","2":"type-post","3":"status-publish","4":"format-standard","5":"has-post-thumbnail","7":"category-titulares","8":"tag-breaking-news","9":"tag-breakingnews","10":"tag-es","11":"tag-espana","12":"tag-featured-news","13":"tag-featurednews","14":"tag-headlines","15":"tag-latest-news","16":"tag-latestnews","17":"tag-news","18":"tag-noticias","19":"tag-noticias-destacadas","20":"tag-noticiasdestacadas","21":"tag-spain","22":"tag-titulares","23":"tag-ultimas-noticias","24":"tag-ultimasnoticias"},"share_on_mastodon":{"url":"https:\/\/pubeurope.com\/@es\/115657644645251435","error":""},"_links":{"self":[{"href":"https:\/\/www.europesays.com\/es\/wp-json\/wp\/v2\/posts\/269622","targetHints":{"allow":["GET"]}}],"collection":[{"href":"https:\/\/www.europesays.com\/es\/wp-json\/wp\/v2\/posts"}],"about":[{"href":"https:\/\/www.europesays.com\/es\/wp-json\/wp\/v2\/types\/post"}],"author":[{"embeddable":true,"href":"https:\/\/www.europesays.com\/es\/wp-json\/wp\/v2\/users\/2"}],"replies":[{"embeddable":true,"href":"https:\/\/www.europesays.com\/es\/wp-json\/wp\/v2\/comments?post=269622"}],"version-history":[{"count":0,"href":"https:\/\/www.europesays.com\/es\/wp-json\/wp\/v2\/posts\/269622\/revisions"}],"wp:featuredmedia":[{"embeddable":true,"href":"https:\/\/www.europesays.com\/es\/wp-json\/wp\/v2\/media\/269623"}],"wp:attachment":[{"href":"https:\/\/www.europesays.com\/es\/wp-json\/wp\/v2\/media?parent=269622"}],"wp:term":[{"taxonomy":"category","embeddable":true,"href":"https:\/\/www.europesays.com\/es\/wp-json\/wp\/v2\/categories?post=269622"},{"taxonomy":"post_tag","embeddable":true,"href":"https:\/\/www.europesays.com\/es\/wp-json\/wp\/v2\/tags?post=269622"}],"curies":[{"name":"wp","href":"https:\/\/api.w.org\/{rel}","templated":true}]}}