{"id":269624,"date":"2025-12-03T21:04:10","date_gmt":"2025-12-03T21:04:10","guid":{"rendered":"https:\/\/www.europesays.com\/es\/269624\/"},"modified":"2025-12-03T21:04:10","modified_gmt":"2025-12-03T21:04:10","slug":"vuelta-ciclista-a-asturias-ciclismo-espana","status":"publish","type":"post","link":"https:\/\/www.europesays.com\/es\/269624\/","title":{"rendered":"VUELTA CICLISTA A ASTURIAS CICLISMO ESPA\u00d1A"},"content":{"rendered":"<p class=\"ft-text ft-helper-closenews\"><strong>La<\/strong><a class=\"ft-link ft-link--decoration\" href=\"https:\/\/www.lne.es\/deportes\/deporte-astur\/2025\/10\/06\/vuelta-asturias-consolida-grandes-objetivos-122346354.html\" rel=\"nofollow noopener\" target=\"_blank\"><strong> Vuelta Ciclista a Asturias tiene buena parte del trabajo hecho de cara a la edici\u00f3n del pr\u00f3ximo a\u00f1o<\/strong><\/a><strong>.<\/strong> Tras consolidar las cuatro etapas, que tendr\u00e1n lugar <strong>entre el 23 y el 26 de abril<\/strong>, la organizaci\u00f3n tiene definida pr\u00e1cticamente la totalidad del recorrido, que<strong> ser\u00e1 similar al del a\u00f1o pasado<\/strong>, en el que<a class=\"ft-link ft-link--decoration\" href=\"https:\/\/www.lne.es\/deportes\/deporte-astur\/2025\/04\/01\/vuelta-ciclista-asturias-centenario-cartel-115896772.html\" rel=\"nofollow noopener\" target=\"_blank\"><strong> se celebr\u00f3 el centenario de la primera edici\u00f3n de la prueba y que fue muy bien valorado<\/strong><\/a><strong> tanto por los ciclistas como por los aficionados. <\/strong><\/p>\n<p>Un recorrido testado y celebrado <\/p>\n<p class=\"ft-text\">La carrera <strong>saldr\u00e1 de Oviedo y concluir\u00e1 en Oviedo<\/strong>, como viene siendo habitual desde hace bastantes a\u00f1os.<strong> La primera etapa se desarrollar\u00e1 entre la capital del Principado y la llegada se debate a\u00fan entre dos opciones, <\/strong><a class=\"ft-link ft-link--decoration\" href=\"https:\/\/www.lne.es\/deportes\/deporte-astur\/2025\/04\/24\/steff-cras-gana-llanes-delante-116698167.html\" rel=\"nofollow noopener\" target=\"_blank\"><strong>Llanes<\/strong><\/a><strong> o Benia de On\u00eds. <\/strong>De esas dos, la que no sea llegada de la primera etapa ser\u00e1 la salida de la segunda. Desde el Oriente se ir\u00e1 a otro lugar que se ha convertido en un cl\u00e1sico de la Vueltina<strong>, <\/strong><a class=\"ft-link ft-link--decoration\" href=\"https:\/\/www.lne.es\/deportes\/deporte-astur\/2025\/04\/25\/espectacular-victoria-ivan-garcia-cortina-116738293.html\" rel=\"nofollow noopener\" target=\"_blank\"><strong>como es Lena, zona monta\u00f1osa por la que suele transcurrir la etapa con m\u00e1s desnivel. <\/strong><\/a><\/p>\n<p>Los ciclistas asturianos, muy presentes <\/p>\n<p class=\"ft-text\">El a\u00f1o pasado la segunda etapa fue similar a como va a ser la de este a\u00f1o y result\u00f3 un gran espect\u00e1culo, con mucho protagonismo asturiano. <a class=\"ft-link ft-link--decoration\" href=\"https:\/\/www.lne.es\/deportes\/deporte-astur\/2025\/04\/26\/pildora-j-cima-victoria-ivan-116747214.html\" rel=\"nofollow noopener\" target=\"_blank\"><strong>El ganador fue el gijon\u00e9s Iv\u00e1n Garc\u00eda Cortina (Movistar)<\/strong><\/a><strong>, <\/strong>que ven\u00eda de hacer un gran noveno puesto en el <strong>Tour de Flandes <\/strong>y que complet\u00f3 una excelente temporada. Ese d\u00eda destacaron tambi\u00e9n los asturianos <strong>Hugo de la Calle (Burgos Burpellet BH)<\/strong> y <strong>Samuel Fern\u00e1ndez (Caja Rural-Seguros RGA)<\/strong>, siendo cuarto y quinto respectivamente.<\/p>\n<p>La belleza de Los Oscos y Taramundi <\/p>\n<p class=\"ft-text\"><a class=\"ft-link ft-link--decoration\" href=\"https:\/\/www.lne.es\/deportes\/deporte-astur\/2025\/01\/10\/vuelta-asturias-2025-llega-occidente-113279647.html\" rel=\"nofollow noopener\" target=\"_blank\">La tercera etapa ser\u00e1 de nuevo en el Occidente<\/a>, <strong>con salida en Castropol y llegada en Vegadeo<\/strong>, repitiendo tambi\u00e9n una jornada que fue quiz\u00e1s la que m\u00e1s sorprendi\u00f3 a todo el mundo en la pasada edici\u00f3n.<strong> El paso por Los Oscos y Taramundi fue una novedad que no pas\u00f3 desapercibida en el pelot\u00f3n. <\/strong><\/p>\n<p class=\"ft-text\">La cuarta etapa es la \u00fanica que est\u00e1 todav\u00eda sin cerrar del todo<strong>. <\/strong><a class=\"ft-link ft-link--decoration\" href=\"https:\/\/www.lne.es\/deportes\/deporte-astur\/2025\/04\/27\/exhibicion-marc-soler-gana-etapa-116789271.html\" rel=\"nofollow noopener\" target=\"_blank\"><strong>Se sabe que la llegada ser\u00e1 en Oviedo, pero la salida no ser\u00e1 en esta ocasi\u00f3n en Navia y la organizaci\u00f3n todav\u00eda trabaja para cerrar la localidad desde la que comience esa \u00faltima jornada de la Vuelta a Asturias<\/strong><\/a><strong>.<\/strong> El final de Oviedo ser\u00e1, como estos \u00faltimos a\u00f1os, sobre las dos de la tarde, en la calle Ur\u00eda.<\/p>\n<p>La televisi\u00f3n lo cambia todo <\/p>\n<p class=\"ft-text\">Pero si hay algo que puede cambiar todo en la <strong>Vuelta a Asturias <\/strong>y que est\u00e1 muy avanzado, pr\u00e1cticamente a punto de cerrarse, es la retransmisi\u00f3n en directo.<strong> La organizaci\u00f3n, encabezada por <\/strong><a class=\"ft-link ft-link--decoration\" href=\"https:\/\/www.lne.es\/deportes\/deporte-astur\/2025\/04\/30\/cristian-alvarez-mendo-futuro-vuelta-116881098.html\" rel=\"nofollow noopener\" target=\"_blank\"><strong>Cristina \u00c1lvarez Mendo, directora general de la prueba, reconoce estar \u00abmuy cerca, m\u00e1s cerca que nunca\u00bb<\/strong><\/a><a class=\"ft-link ft-link--decoration\" href=\"https:\/\/www.lne.es\/deportes\/deporte-astur\/2025\/04\/30\/cristian-alvarez-mendo-futuro-vuelta-116881098.html\" rel=\"nofollow noopener\" target=\"_blank\"> <\/a>de tener asegurada esa retransmisi\u00f3n que est\u00e1n luchando porque sea a nivel nacional e incluso europeo.<\/p>\n<p class=\"ft-text\"><strong>La organizaci\u00f3n reconoce que esta posibilidad est\u00e1 tan avanzada por la implicaci\u00f3n del Principado de Asturias, especialmente de Gimena Llamedo, <\/strong>vicepresidenta del gobierno regional. \u00abHay una excelente sinton\u00eda, <strong>Gimena Llamedo est\u00e1 muy implicada y gracias a eso est\u00e1 muy cerca, m\u00e1s cerca que nunca<\/strong>\u00ab, reconoc\u00eda <a class=\"ft-link ft-link--decoration\" href=\"https:\/\/www.lne.es\/deportes\/deporte-astur\/2025\/10\/07\/cristina-mendo-vuelta-asturias-2026-122383013.html\" rel=\"nofollow noopener\" target=\"_blank\"><strong>Cristina \u00c1lvarez Mendo<\/strong><\/a><strong> en declaraciones a LA NUEVA ESPA\u00d1A<\/strong>. La intenci\u00f3n es que la <strong>Vuelta a Asturias<\/strong> se pueda ver tanto en <strong>Teledeporte como en Eurosport,<\/strong> lo que le dar\u00eda una enorme repercusi\u00f3n.<\/p>\n<p>El UAE, cerca de repetir <\/p>\n<p class=\"ft-text\">En cuanto a la participaci\u00f3n, <strong>otro de los \u00e9xitos de las \u00faltimas ediciones ha sido la presencia del mejor equipo del mundo, <\/strong><a class=\"ft-link ft-link--decoration\" href=\"https:\/\/www.lne.es\/deportes\/deporte-astur\/2025\/04\/26\/uae-team-emirates-prueba-bicicleta-116747217.html\" rel=\"nofollow noopener\" target=\"_blank\"><strong>el UAE Team Emirates<\/strong><\/a><strong>.<\/strong> La participaci\u00f3n de este equipo en la edici\u00f3n de 2026 est\u00e1 tambi\u00e9n muy avanzada, as\u00ed como la del otro equipo espa\u00f1ol de la m\u00e1xima categor\u00eda,<strong> el Movistar Team<\/strong>. Adem\u00e1s, la posibilidad de que la ronda asturiana sea retransmitida en directo por canales <strong>como Eurosport y Teledeporte har\u00e1 a\u00fan m\u00e1s atractivo para los mejores equipos del pelot\u00f3n participar en la Vuelta de Asturias .<\/strong><\/p>\n<p data-close=\"closedContent\" class=\"subscribeHideForDisplay\">Suscr\u00edbete para seguir leyendo<\/p>\n","protected":false},"excerpt":{"rendered":"La Vuelta Ciclista a Asturias tiene buena parte del trabajo hecho de cara a la edici\u00f3n del pr\u00f3ximo&hellip;\n","protected":false},"author":2,"featured_media":269625,"comment_status":"","ping_status":"","sticky":false,"template":"","format":"standard","meta":{"footnotes":""},"categories":[273],"tags":[1770,313,1757,312,168,25,24,7789,1786,2902,23,167,1357],"class_list":{"0":"post-269624","1":"post","2":"type-post","3":"status-publish","4":"format-standard","5":"has-post-thumbnail","7":"category-ciclismo","8":"tag-asturias","9":"tag-ciclismo","10":"tag-ciclista","11":"tag-cycling","12":"tag-deportes","13":"tag-es","14":"tag-espana","15":"tag-la-vuelta","16":"tag-recorrido","17":"tag-regresa","18":"tag-spain","19":"tag-sports","20":"tag-vuelta"},"share_on_mastodon":{"url":"https:\/\/pubeurope.com\/@es\/115657668243832312","error":""},"_links":{"self":[{"href":"https:\/\/www.europesays.com\/es\/wp-json\/wp\/v2\/posts\/269624","targetHints":{"allow":["GET"]}}],"collection":[{"href":"https:\/\/www.europesays.com\/es\/wp-json\/wp\/v2\/posts"}],"about":[{"href":"https:\/\/www.europesays.com\/es\/wp-json\/wp\/v2\/types\/post"}],"author":[{"embeddable":true,"href":"https:\/\/www.europesays.com\/es\/wp-json\/wp\/v2\/users\/2"}],"replies":[{"embeddable":true,"href":"https:\/\/www.europesays.com\/es\/wp-json\/wp\/v2\/comments?post=269624"}],"version-history":[{"count":0,"href":"https:\/\/www.europesays.com\/es\/wp-json\/wp\/v2\/posts\/269624\/revisions"}],"wp:featuredmedia":[{"embeddable":true,"href":"https:\/\/www.europesays.com\/es\/wp-json\/wp\/v2\/media\/269625"}],"wp:attachment":[{"href":"https:\/\/www.europesays.com\/es\/wp-json\/wp\/v2\/media?parent=269624"}],"wp:term":[{"taxonomy":"category","embeddable":true,"href":"https:\/\/www.europesays.com\/es\/wp-json\/wp\/v2\/categories?post=269624"},{"taxonomy":"post_tag","embeddable":true,"href":"https:\/\/www.europesays.com\/es\/wp-json\/wp\/v2\/tags?post=269624"}],"curies":[{"name":"wp","href":"https:\/\/api.w.org\/{rel}","templated":true}]}}