{"id":269628,"date":"2025-12-03T21:07:16","date_gmt":"2025-12-03T21:07:16","guid":{"rendered":"https:\/\/www.europesays.com\/es\/269628\/"},"modified":"2025-12-03T21:07:16","modified_gmt":"2025-12-03T21:07:16","slug":"el-curioso-gesto-de-nico-williams-con-el-segundo-gol-de-mbappe","status":"publish","type":"post","link":"https:\/\/www.europesays.com\/es\/269628\/","title":{"rendered":"El curioso gesto de Nico Williams con el segundo gol de Mbapp\u00e9"},"content":{"rendered":"<p><img fetchpriority=\"high\" class=\"v-a-img\" src=\"https:\/\/www.europesays.com\/es\/wp-content\/uploads\/2025\/12\/nico-mbappe-gesto-kYSD-U240442764819doG-1200x840@El Correo.JPG\" loading=\"eager\" decoding=\"async\" alt=\"El curioso gesto de Nico Williams con el segundo gol de Mbapp\u00e9\"  width=\"1200\" height=\"840\"\/><\/p>\n<p>El franc\u00e9s, con su diana, la tercera del Madrid, ha sentenciado al Athletic<\/p>\n<p><a class=\"v-mdl-ath__fig-a\" href=\"https:\/\/www.elcorreo.com\/autor\/juanma-mallo-90.html\" title=\"Juanma Mallo\" rel=\"nofollow noopener\" target=\"_blank\"><br \/>\n<img decoding=\"async\" class=\"v-mdl-ath__img\" src=\"https:\/\/www.europesays.com\/es\/wp-content\/uploads\/2025\/07\/autor-90-foto-2.jpeg\" alt=\"Juanma Mallo\"\/><br \/>\n<\/a><\/p>\n<p class=\"v-mdl-ath__p v-mdl-ath__p--6\">\nMi\u00e9rcoles, 3 de diciembre 2025, 20:37<\/p>\n<p>| Actualizado 22:06h.<\/p>\n<p class=\"v-p\">Era la sentencia del Real Madrid. Despu\u00e9s del 0-2 al descanso, con goles de Mbapp\u00e9 y Camavinga, al inicio de la segunda parte, el delantero galo se sac\u00f3 un disparo desde fuera del \u00e1rea que destroz\u00f3 cualquier esperanza para el Athletic. Fue una diana brutal, espectacular, que sorprendi\u00f3 a Unai Sim\u00f3n y tambi\u00e9n a otros futbolistas bilba\u00ednos que estaban sobre el c\u00e9sped.<\/p>\n<p><img decoding=\"async\" loading=\"lazy\" src=\"https:\/\/www.europesays.com\/es\/wp-content\/uploads\/2025\/12\/nico-gesto.jpeg\" class=\"v-a-img\" width=\"1080\" height=\"1350\" alt=\"\" data-voc-vtm-id=\"in-text-traffic\"\/><\/p>\n<p class=\"v-p\">Las c\u00e1maras que retransmiten el encuentro han enfocado a Nico Williams. El gesto del peque\u00f1o de los hermanos hablaba por muchos de los hinchas locales que se llevaban las manos a la cabeza con la diana anotada por el franc\u00e9s. Es una mueca de sorpresa, de extra\u00f1eza, como diciendo que no comprende la enorme capacidad que tiene Mbappe\u00e9 para superar a los adversarios. <\/p>\n<p class=\"v-p\">Desde fuera del \u00e1rea, se ha sacado un potente disparo para dar los tres puntos al Real Madrid. Como en la primera mitad, el ariete ha sido capaz de superar al portero de Murgia desde fuera del \u00e1rea. <\/p>\n<p class=\"v-p\">Entre Mbapp\u00e9 y Camavinga han superado al Athletic para llevarse el triunfo a Madrid y despejar las dudas que se cern\u00edan sobre su t\u00e9cnico, Xabi Alonso. <\/p>\n<p>Reporta un error<\/p>\n","protected":false},"excerpt":{"rendered":"El franc\u00e9s, con su diana, la tercera del Madrid, ha sentenciado al Athletic Mi\u00e9rcoles, 3 de diciembre 2025,&hellip;\n","protected":false},"author":2,"featured_media":269629,"comment_status":"","ping_status":"","sticky":false,"template":"","format":"standard","meta":{"footnotes":""},"categories":[268],"tags":[31594,168,25,24,280,282,14136,3689,24904,1446,1566,281,23,167,308],"class_list":{"0":"post-269628","1":"post","2":"type-post","3":"status-publish","4":"format-standard","5":"has-post-thumbnail","7":"category-futbol","8":"tag-curioso","9":"tag-deportes","10":"tag-es","11":"tag-espana","12":"tag-football","13":"tag-futbol","14":"tag-gesto","15":"tag-gol","16":"tag-mbappe","17":"tag-nico","18":"tag-segundo","19":"tag-soccer","20":"tag-spain","21":"tag-sports","22":"tag-williams"},"share_on_mastodon":{"url":"https:\/\/pubeurope.com\/@es\/115657681359172848","error":""},"_links":{"self":[{"href":"https:\/\/www.europesays.com\/es\/wp-json\/wp\/v2\/posts\/269628","targetHints":{"allow":["GET"]}}],"collection":[{"href":"https:\/\/www.europesays.com\/es\/wp-json\/wp\/v2\/posts"}],"about":[{"href":"https:\/\/www.europesays.com\/es\/wp-json\/wp\/v2\/types\/post"}],"author":[{"embeddable":true,"href":"https:\/\/www.europesays.com\/es\/wp-json\/wp\/v2\/users\/2"}],"replies":[{"embeddable":true,"href":"https:\/\/www.europesays.com\/es\/wp-json\/wp\/v2\/comments?post=269628"}],"version-history":[{"count":0,"href":"https:\/\/www.europesays.com\/es\/wp-json\/wp\/v2\/posts\/269628\/revisions"}],"wp:featuredmedia":[{"embeddable":true,"href":"https:\/\/www.europesays.com\/es\/wp-json\/wp\/v2\/media\/269629"}],"wp:attachment":[{"href":"https:\/\/www.europesays.com\/es\/wp-json\/wp\/v2\/media?parent=269628"}],"wp:term":[{"taxonomy":"category","embeddable":true,"href":"https:\/\/www.europesays.com\/es\/wp-json\/wp\/v2\/categories?post=269628"},{"taxonomy":"post_tag","embeddable":true,"href":"https:\/\/www.europesays.com\/es\/wp-json\/wp\/v2\/tags?post=269628"}],"curies":[{"name":"wp","href":"https:\/\/api.w.org\/{rel}","templated":true}]}}