{"id":269630,"date":"2025-12-03T21:08:22","date_gmt":"2025-12-03T21:08:22","guid":{"rendered":"https:\/\/www.europesays.com\/es\/269630\/"},"modified":"2025-12-03T21:08:22","modified_gmt":"2025-12-03T21:08:22","slug":"asi-ha-evolucionado-su-estilo-iconico-en-hollywood","status":"publish","type":"post","link":"https:\/\/www.europesays.com\/es\/269630\/","title":{"rendered":"as\u00ed ha evolucionado su estilo ic\u00f3nico en Hollywood"},"content":{"rendered":"<p id=\"etw8LY0xSS\" data-wc=\"142\">Est\u00e1 de enhorabuena. La estadounidense <strong>Amanda Seyfried<\/strong>, natural de Pensilvania, <strong>cumple 40 a\u00f1os<\/strong> en pleno esplendor personal y profesional. Discreta en su vida privada (est\u00e1 casada con el actor Thomas Sadoski con quien tiene dos hijos, Nina y Thomas), se ha convertido en una de las actrices m\u00e1s queridas de Hollywood gracias a una amplia trayectoria que abarca desde su debut en Mean Girls hasta destacadas interpretaciones en t\u00edtulos como Los Miserables o Mamma Mia!. Esto tambi\u00e9n viene acompa\u00f1ado de <strong>un estilo, tan rom\u00e1ntico como sofisticado<\/strong>, en el que combina siluetas femeninas, un glamour eterno que no entiende de d\u00e9cadas y delicadeza a la hora de buscar sus complementos. En definitiva, y como vemos a trav\u00e9s de <strong>sus mejores looks<\/strong> en esta galer\u00eda fotogr\u00e1fica, se ha convertido en un icono de talento incuestionable que encuentra el equilibrio perfecto entre naturalidad y elegancia.<\/p>\n<p>120<\/p>\n<p>  <img src=\"https:\/\/www.europesays.com\/es\/wp-content\/uploads\/2025\/12\/f8bab980bd4b-gettyimages-2247066446.jpg\"   width=\"682\" height=\"1024\" loading=\"lazy\" decoding=\"async\" alt=\"Amanda Seyfried\" fetchpriority=\"auto\" class=\"image ho-image\"\/>\u00a9 Getty Images<\/p>\n<p> Un rom\u00e1ntico lazo<\/p>\n<p id=\"eG0XjLbbVe\">En la <a class=\"hm-link ho-link\" href=\"https:\/\/www.hola.com\/moda\/20251117867835\/governors-awards-alfombra-roja-looks-premios-jennifer-lopez-ariana-grande\/\" data-mrf-recirculation=\"article-body-link\" rel=\"nofollow noopener\" target=\"_blank\">16\u00aa edici\u00f3n de los Governors Awards<\/a> celebrados en el The Ray Dolby Ballroom de Hollywood (16 de noviembre de 2025), Amanda Seyfried estren\u00f3 un rom\u00e1ntico vestido de lunares con gran lazada rosa en el pecho, de Valentino (colecci\u00f3n Resort 2026).<\/p>\n<p>220<\/p>\n<p>  <img src=\"https:\/\/www.europesays.com\/es\/wp-content\/uploads\/2025\/12\/4c8187280154-gettyimages-2241917229.jpg\"   width=\"705\" height=\"1024\" loading=\"lazy\" decoding=\"async\" alt=\"Amanda Seyfried\" fetchpriority=\"auto\" class=\"image ho-image\"\/>\u00a9 Getty Images<\/p>\n<p> Escote transparente<\/p>\n<p id=\"eFhkwvJMd0Ac\">Para la 5\u00aa edici\u00f3n de la <a class=\"hm-link ho-link\" href=\"https:\/\/www.hola.com\/moda\/20251019862399\/looks-invitadas-academy-museum-gala-2025-hollywood\/\" data-mrf-recirculation=\"article-body-link\" rel=\"nofollow noopener\" target=\"_blank\">Academy Museum Gala en Los \u00c1ngeles<\/a> (18 de octubre de 2025), Amanda Seyfried apost\u00f3 por una seductora y elegante creaci\u00f3n, un vestido negro con escote transparente cuajado de pedrer\u00eda, de Prada.<\/p>\n<p>320<\/p>\n<p>  <img src=\"https:\/\/www.europesays.com\/es\/wp-content\/uploads\/2025\/12\/7d4f584f66ba-gettyimages-2233185578.jpg\"   width=\"1080\" height=\"1800\" loading=\"lazy\" decoding=\"async\" alt=\"Amanda Seyfried\" fetchpriority=\"auto\" class=\"image ho-image\"\/>\u00a9 Getty Images<\/p>\n<p> Volumen inmenso<\/p>\n<p id=\"eG_ujqdXtj\">El 1 de septiembre de 2025, Amanda Seyfried impact\u00f3 durante la presentaci\u00f3n en el Festival Internacional de Cine de Venecia de la pel\u00edcula El testimonio de Ann Lee. Para tan se\u00f1alada ocasi\u00f3n, apost\u00f3 por un vestido palabra de honor, en color azul marino, con botonadura frontal y voluminosa l\u00ednea trapecio, de Prada.<\/p>\n<p>420<\/p>\n<p>  <img src=\"https:\/\/www.europesays.com\/es\/wp-content\/uploads\/2025\/12\/2c4b8b6e106d-gettyimages-2203506026.jpg\"   width=\"682\" height=\"1024\" loading=\"lazy\" decoding=\"async\" alt=\"Amanda Seyfried\" fetchpriority=\"auto\" class=\"image ho-image\"\/>\u00a9 Getty Images<\/p>\n<p> Un minivestido brillante<\/p>\n<p id=\"euNZvMPJg9\">Amanda Seyfried brill\u00f3, literalmente, en el estreno de Long Bright River en el Metrograph de Nueva York (5 de marzo de 2025). Estaba deslumbrante con un minivestido cuajado de lentejuelas doradas y silueta magnificada, de Marc Jacobs. Lo realz\u00f3 con pendientes de Yvonne L\u00e9on.<\/p>\n<p>520<\/p>\n<p>  <img src=\"https:\/\/www.europesays.com\/es\/wp-content\/uploads\/2025\/12\/18e2183274d5-gettyimages-2194605627.jpg\"   width=\"1080\" height=\"1800\" loading=\"lazy\" decoding=\"async\" alt=\"Amanda Seyfried\" fetchpriority=\"auto\" class=\"image ho-image\"\/>\u00a9 Getty Images<\/p>\n<p> Una elecci\u00f3n muy coquette<\/p>\n<p id=\"eba8AD82y0\">Para los 2025 Joy Awards, que se celebraron en Riyadh (Arabia Saud\u00ed) el 18 de enero, Amanda Seyfried estaba vibrante con un vestido rojo con capas de volantes y lazada frontal en negro, de Alessandro Michele para Valentino (colecci\u00f3n Primavera\/Verano 2025).<\/p>\n<p>620<\/p>\n<p>  <img src=\"https:\/\/www.europesays.com\/es\/wp-content\/uploads\/2025\/12\/3419411ea5db-gettyimages-2151799127.jpg\"   width=\"731\" height=\"1024\" loading=\"lazy\" decoding=\"async\" alt=\"Amanda Seyfried\" fetchpriority=\"auto\" class=\"image ho-image\"\/>\u00a9 Getty Images<\/p>\n<p> Total look en plata<\/p>\n<p id=\"eYmY-df8-z\">Con una est\u00e9tica muy camp, Amanda Seyfried deslumbr\u00f3 en la <a class=\"hm-link ho-link\" href=\"https:\/\/www.hola.com\/moda\/tendencias\/20240507253529\/met-gala-2024-mejores-looks-alfombra-roja\/\" data-mrf-recirculation=\"article-body-link\" rel=\"nofollow noopener\" target=\"_blank\">MET Gala de 2024<\/a>, que se celebraba bajo la tem\u00e1tica Sleeping Beauties: Reawkening Fashion. En concreto, llev\u00f3 un vestido plateado, que se realzaba con aplicaciones florales, de Prada. Esta creaci\u00f3n, inspirada en la colecci\u00f3n Primavera\/Verano 2009 de la casa italiana, se coordinaba con su diadema vegetal y su pelo, te\u00f1ido para la ocasi\u00f3n al tono.<\/p>\n<p>720<\/p>\n<p>  <img src=\"https:\/\/www.europesays.com\/es\/wp-content\/uploads\/2025\/12\/12280636f4cb-gettyimages-2030758663.jpg\"   width=\"683\" height=\"1024\" loading=\"lazy\" decoding=\"async\" alt=\"Amanda Seyfried\" fetchpriority=\"auto\" class=\"image ho-image\"\/>\u00a9 Getty Images<\/p>\n<p> Vestido lencero en negro<\/p>\n<p id=\"egJrv7KfFq\">Para el estreno de Seven Veils en el Festival de Cine de Berl\u00edn el 22 de febrero de 2024, Amanda Seyfried apost\u00f3 por la seducci\u00f3n de un vestido lencero con finos tirantes y detalles de encaje en negro, de Givenchy (colecci\u00f3n Primavera\/Verano 2024).<\/p>\n<p>820<\/p>\n<p>  <img src=\"https:\/\/www.europesays.com\/es\/wp-content\/uploads\/2025\/12\/cde55d20314d-gettyimages-1915834458.jpg\"   width=\"682\" height=\"1024\" loading=\"lazy\" decoding=\"async\" alt=\"Amanda Seyfried\" fetchpriority=\"auto\" class=\"image ho-image\"\/>\u00a9 Getty Images<\/p>\n<p> Maxilazo brillante<\/p>\n<p id=\"etOzTCPbUL\">Muy elegante, Amanda Seyfried conquist\u00f3 a todos los presentes en <a class=\"hm-link ho-link\" href=\"https:\/\/www.hola.com\/moda\/tendencias\/20240108246209\/globos-de-oro-mejores-looks\/\" data-mrf-recirculation=\"article-body-link\" rel=\"nofollow noopener\" target=\"_blank\">los Globo de Oro de 2024<\/a> (17 de enero), en el The Beverly Hilton de Los \u00c1ngeles. En concreto, luci\u00f3 un vestido de terciopelo, que se realzaba con un gran lazo. Para complementar esta sofisticada creaci\u00f3n de Armani Priv\u00e9, luci\u00f3 joyas de Pomellato y sandalias de Stuart Weitzman.<\/p>\n<p> <img src=\"https:\/\/www.europesays.com\/es\/wp-content\/uploads\/2025\/12\/2127d7dd6f79-seyfried002a-a.jpg\"   width=\"748\" height=\"1024\" loading=\"lazy\" decoding=\"async\" alt=\"seyfried002a\" fetchpriority=\"auto\" class=\"image ho-image\"\/>\u00a9 Getty Images<\/p>\n<p> <img src=\"https:\/\/www.europesays.com\/es\/wp-content\/uploads\/2025\/12\/d41e1e4e367c-seyfried012a-a.jpg\"   width=\"682\" height=\"1024\" loading=\"lazy\" decoding=\"async\" alt=\"seyfried012a\" fetchpriority=\"auto\" class=\"image ho-image\"\/>\u00a9 Getty ImagesLa tendencia m\u00e1s exitosa llevada al extremo<\/p>\n<p>Amanda Seyfried fue una de las invitadas a un photocall organizado por Lanc\u00f4me durante la\u00a0<strong>Fashion Week de Par\u00eds<\/strong>, el 26 de septiembre de 2023. Para esta cita con la belleza, se decant\u00f3 por un vestido del <strong>color m\u00e1s exitoso de la temporada<\/strong>, cortes\u00eda de Prada. Nos enamor\u00f3 el original escote con el que contaba, pues era\u00a0cruzado y con lentejuelas grandes que dibujaban lo que parec\u00edan flores.\u00a0<\/p>\n<p>&#8211;<a href=\"https:\/\/www.hola.com\/fashion\/belleza\/2022100874172\/unas-barbiecore-manicura-rosa-inspiracion-sa\/\" rel=\"nofollow noopener\" target=\"_blank\">La tendencia &#8216;barbiecore&#8217; llega a las u\u00f1as: te presentamos las manicuras rosas m\u00e1s deseadas<\/a><\/p>\n<p> <img src=\"https:\/\/www.europesays.com\/es\/wp-content\/uploads\/2025\/12\/e4a23e097498-seyfried005a-a.jpg\"   width=\"682\" height=\"1024\" loading=\"lazy\" decoding=\"async\" alt=\"seyfried005a\" fetchpriority=\"auto\" class=\"image ho-image\"\/>\u00a9 Getty Images<\/p>\n<p> <img src=\"https:\/\/www.europesays.com\/es\/wp-content\/uploads\/2025\/12\/8a383f69a380-seyfried004a-a.jpg\"   width=\"729\" height=\"1024\" loading=\"lazy\" decoding=\"async\" alt=\"seyfried004a\" fetchpriority=\"auto\" class=\"image ho-image\"\/>\u00a9 Getty ImagesComo una verdadera princesa<\/p>\n<p>Con motivo de los <strong>Critics Choice Awards<\/strong> de 2023, celebrados el 15 de enero en Los \u00c1ngeles, la estadounidense opt\u00f3 por un <strong>vestidazo dorado<\/strong> con cut out en la cintura, que nos recordaba a la estructura cl\u00e1sica de una verdadera princesa Disney. Como complementos, se decant\u00f3 por joyer\u00eda de Cartier y unas sandalias a juego con la tonalidad de la pieza.\u00a0<\/p>\n<p>&#8211;<a href=\"https:\/\/www.hola.com\/moda\/actualidad\/20230116224616\/zendaya-amy-brenneman-critics-choice-awards-look-vestido\/\" rel=\"nofollow noopener\" target=\"_blank\">El efecto Zendaya se cuela en &#8216;red carpet&#8217; incluso sin acudir a los premios<\/a><\/p>\n<p> <img src=\"https:\/\/www.europesays.com\/es\/wp-content\/uploads\/2025\/12\/6e8ea1a974ec-seyfried011a-a.jpg\"   width=\"682\" height=\"1024\" loading=\"lazy\" decoding=\"async\" alt=\"seyfried011a\" fetchpriority=\"auto\" class=\"image ho-image\"\/>\u00a9 Getty Images<\/p>\n<p> <img src=\"https:\/\/www.europesays.com\/es\/wp-content\/uploads\/2025\/12\/7c738f79764d-seyfried009a-a.jpg\"   width=\"682\" height=\"1024\" loading=\"lazy\" decoding=\"async\" alt=\"seyfried009a\" fetchpriority=\"auto\" class=\"image ho-image\"\/>\u00a9 Getty ImagesEl total black look que siempre es un s\u00ed<\/p>\n<p>Para los <strong>CFDA Fashion Awards<\/strong>, celebrados el 7 de noviembre de 2022 en Nueva York, la actriz apost\u00f3 por un conjunto en color negro, formado por un body palabra de honor, junto a unos <strong>pantalones semitransparentes<\/strong>. El sello del look fue el labial en color rojo que le otorgaba el mejor de los contrastes.\u00a0<\/p>\n<p>&#8211;<a href=\"https:\/\/www.hola.com\/moda\/tendencias\/20221108220486\/cfda-fashion-awards-2022-looks-alfombra-roja\/\" rel=\"nofollow noopener\" target=\"_blank\">Los mejores looks y los m\u00e1s comentados de los &#8216;Oscar de la moda&#8217;<\/a><\/p>\n<p> <img src=\"https:\/\/www.europesays.com\/es\/wp-content\/uploads\/2025\/12\/794ce97dc5e5-seyfried010a-a.jpg\"   width=\"682\" height=\"1024\" loading=\"lazy\" decoding=\"async\" alt=\"seyfried010a\" fetchpriority=\"auto\" class=\"image ho-image\"\/>\u00a9 Getty ImagesOld Holywood vibes<\/p>\n<p>Con motivo de la <strong>29\u00ba edici\u00f3n de los SAG Awards<\/strong>, el 26 de febrero de 2023 en Los \u00c1ngeles, la actriz se decant\u00f3 por un dise\u00f1o de Prada en color verde, el cual nos record\u00f3 a los estilismos que <strong>predominaban en Hollywood en los a\u00f1os 60<\/strong>. Se trat\u00f3 de una pieza satinada corta con escote cuadrado que, adem\u00e1s, contaba con una lazada que ca\u00eda por la espalda a modo de cola. Como complementos, opt\u00f3 por unas sandalias finas junto a unos pendientes de Cartier.\u00a0<\/p>\n<p>&#8211;<a href=\"https:\/\/www.hola.com\/actualidad\/20230227227139\/sag-awards-lista-ganadores\/\" rel=\"nofollow noopener\" target=\"_blank\">La lista completa de ganadores de los premios SAG<\/a><\/p>\n<p> <img src=\"https:\/\/www.europesays.com\/es\/wp-content\/uploads\/2025\/12\/d4eb0c82e0f7-seyfried006a-a.jpg\"   width=\"682\" height=\"1024\" loading=\"lazy\" decoding=\"async\" alt=\"seyfried006a\" fetchpriority=\"auto\" class=\"image ho-image\"\/>\u00a9 Getty Images<\/p>\n<p> <img src=\"https:\/\/www.europesays.com\/es\/wp-content\/uploads\/2025\/12\/d0f5ba6acc7c-seyfried007a-a.jpg\"   width=\"736\" height=\"1024\" loading=\"lazy\" decoding=\"async\" alt=\"seyfried007a\" fetchpriority=\"auto\" class=\"image ho-image\"\/>\u00a9 Getty Images<\/p>\n<p> <img src=\"https:\/\/www.europesays.com\/es\/wp-content\/uploads\/2025\/12\/8d24ebd4db81-seyfried008a-a.jpg\"   width=\"682\" height=\"1024\" loading=\"lazy\" decoding=\"async\" alt=\"seyfried008a\" fetchpriority=\"auto\" class=\"image ho-image\"\/>\u00a9 Getty ImagesEn una de sus noches m\u00e1s significativas<\/p>\n<p>La actriz se proclam\u00f3 <strong>ganadora del premio Emmy a mejor actriz protagonista<\/strong> por su papel en The Dropout. Esto ocurri\u00f3 el 12 de septiembre de 2022, en la<strong> 74\u00ba edici\u00f3n de estos galardones<\/strong>. Para la cita, se decant\u00f3 por un dise\u00f1o de Armani Priv\u00e9 con escote palabra de honor, que result\u00f3 uno de los m\u00e1s sofisticados de la noche.\u00a0<\/p>\n<p>&#8211;<a href=\"https:\/\/www.hola.com\/moda\/tendencias\/20220913217002\/premios-emmy-2022-mejores-looks-alfombra-roja\/\" rel=\"nofollow noopener\" target=\"_blank\">Zendaya, Lily James y los mejores looks de los Premios Emmy<\/a><\/p>\n<p> <img src=\"https:\/\/www.europesays.com\/es\/wp-content\/uploads\/2025\/12\/d9087aebe220-seyfried003a-a.jpg\"   width=\"682\" height=\"1024\" loading=\"lazy\" decoding=\"async\" alt=\"seyfried003a\" fetchpriority=\"auto\" class=\"image ho-image\"\/>\u00a9 Getty Images<\/p>\n<p> <img src=\"https:\/\/www.europesays.com\/es\/wp-content\/uploads\/2025\/12\/37385f343acb-seyfried001a-a.jpg\"   width=\"691\" height=\"1024\" loading=\"lazy\" decoding=\"async\" alt=\"seyfried001a\" fetchpriority=\"auto\" class=\"image ho-image\"\/>\u00a9 Getty ImagesUn dise\u00f1o de lo m\u00e1s elegante<\/p>\n<p>Con motivo de la afterparty de los Oscar 2018, celebrada el 4 de marzo en Beverly Hills, Seyfried luci\u00f3 un <strong>vestido muy elegante<\/strong>, firmado por Oscar de la Renta. Result\u00f3 un dise\u00f1o de lo m\u00e1s sofisticado puesto que contaba con un <strong>estampado floral en blanco y negro<\/strong>, que, en su conjunto, combin\u00f3 junto a unos stilettos y un collar de diamantes.\u00a0<\/p>\n<p>&#8211;<a href=\"https:\/\/www.hola.com\/actualidad\/20210325186698\/amanda-seyfried-mank-nominada-oscars-2021\/\" rel=\"nofollow noopener\" target=\"_blank\">Amanda Seyfried y la pel\u00edcula que puede alzarle a la gloria del Oscar<\/a><\/p>\n","protected":false},"excerpt":{"rendered":"Est\u00e1 de enhorabuena. La estadounidense Amanda Seyfried, natural de Pensilvania, cumple 40 a\u00f1os en pleno esplendor personal y&hellip;\n","protected":false},"author":2,"featured_media":269631,"comment_status":"","ping_status":"","sticky":false,"template":"","format":"standard","meta":{"footnotes":""},"categories":[174],"tags":[1024,22404,66308,255,146,147,25,24,256,22403,1023,23],"class_list":{"0":"post-269630","1":"post","2":"type-post","3":"status-publish","4":"format-standard","5":"has-post-thumbnail","7":"category-famosos","8":"tag-actualidad-moda","9":"tag-alfombra-roja","10":"tag-amanda-seyfried","11":"tag-celebrities","12":"tag-entertainment","13":"tag-entretenimiento","14":"tag-es","15":"tag-espana","16":"tag-famosos","17":"tag-mejores-looks","18":"tag-moda","19":"tag-spain"},"share_on_mastodon":{"url":"https:\/\/pubeurope.com\/@es\/115657685919982827","error":""},"_links":{"self":[{"href":"https:\/\/www.europesays.com\/es\/wp-json\/wp\/v2\/posts\/269630","targetHints":{"allow":["GET"]}}],"collection":[{"href":"https:\/\/www.europesays.com\/es\/wp-json\/wp\/v2\/posts"}],"about":[{"href":"https:\/\/www.europesays.com\/es\/wp-json\/wp\/v2\/types\/post"}],"author":[{"embeddable":true,"href":"https:\/\/www.europesays.com\/es\/wp-json\/wp\/v2\/users\/2"}],"replies":[{"embeddable":true,"href":"https:\/\/www.europesays.com\/es\/wp-json\/wp\/v2\/comments?post=269630"}],"version-history":[{"count":0,"href":"https:\/\/www.europesays.com\/es\/wp-json\/wp\/v2\/posts\/269630\/revisions"}],"wp:featuredmedia":[{"embeddable":true,"href":"https:\/\/www.europesays.com\/es\/wp-json\/wp\/v2\/media\/269631"}],"wp:attachment":[{"href":"https:\/\/www.europesays.com\/es\/wp-json\/wp\/v2\/media?parent=269630"}],"wp:term":[{"taxonomy":"category","embeddable":true,"href":"https:\/\/www.europesays.com\/es\/wp-json\/wp\/v2\/categories?post=269630"},{"taxonomy":"post_tag","embeddable":true,"href":"https:\/\/www.europesays.com\/es\/wp-json\/wp\/v2\/tags?post=269630"}],"curies":[{"name":"wp","href":"https:\/\/api.w.org\/{rel}","templated":true}]}}