{"id":269634,"date":"2025-12-03T21:12:13","date_gmt":"2025-12-03T21:12:13","guid":{"rendered":"https:\/\/www.europesays.com\/es\/269634\/"},"modified":"2025-12-03T21:12:13","modified_gmt":"2025-12-03T21:12:13","slug":"katy-perry-muy-enamorada-cantante-fue-captada-por-paparazzis-de-la-mano-con-justin-trudeau","status":"publish","type":"post","link":"https:\/\/www.europesays.com\/es\/269634\/","title":{"rendered":"Katy Perry muy enamorada: Cantante fue captada por paparazzis de la mano con Justin Trudeau"},"content":{"rendered":"<p>\t\t\t\tEn medio de su gira de conciertos \u00abLifetimes\u00bb, la ex de Orlando Bloom se mostr\u00f3 en la capital japonesa junto a su nueva pareja.                 <\/p>\n<p>    Mi\u00e9rcoles 3 diciembre 2025<\/p>\n<p>        <a href=\"https:\/\/www.guioteca.com\/paparazzis\/katy-perry-muy-enamorada-cantante-fue-captada-por-paparazzis-de-la-mano-con-justin-trudeau\/javascript:void(0);\" rel=\"nofollow noopener\" target=\"_blank\"><\/p>\n<p>                <img decoding=\"async\" src=\"https:\/\/static.emol.cl\/emol50\/img\/logo_compartir.svg\" alt=\"\" \/><\/p>\n<p>        <\/a><br \/>\n        <a href=\"https:\/\/www.guioteca.com\/paparazzis\/katy-perry-muy-enamorada-cantante-fue-captada-por-paparazzis-de-la-mano-con-justin-trudeau\/javascript:void(0);\" onclick=\"SharedTW();\" rel=\"nofollow noopener\" target=\"_blank\"><\/p>\n<p>        <\/a><br \/>\n        <a href=\"https:\/\/www.guioteca.com\/paparazzis\/katy-perry-muy-enamorada-cantante-fue-captada-por-paparazzis-de-la-mano-con-justin-trudeau\/javascript:void(0);\" onclick=\"SharedFB();\" rel=\"nofollow noopener\" target=\"_blank\"><\/p>\n<p>        <\/a><br \/>\n        <a href=\"https:\/\/www.guioteca.com\/paparazzis\/katy-perry-muy-enamorada-cantante-fue-captada-por-paparazzis-de-la-mano-con-justin-trudeau\/javascript:void(0);\" onclick=\"SharedPin();\" rel=\"nofollow noopener\" target=\"_blank\"><\/p>\n<p>        <\/a><\/p>\n<p>        <a href=\"https:\/\/www.guioteca.com\/paparazzis\/katy-perry-muy-enamorada-cantante-fue-captada-por-paparazzis-de-la-mano-con-justin-trudeau\/mailto:?subject=Guioteca.com\" katy=\"\" perry=\"\" muy=\"\" enamorada:=\"\" cantante=\"\" fue=\"\" captada=\"\" por=\"\" paparazzis=\"\" de=\"\" la=\"\" mano=\"\" con=\"\" justin=\"\" trudeau=\"\" env=\"\" un=\"\" art=\"\" guioteca.com=\"\" que=\"\" me=\"\" pareci=\"\" interesante:=\"\" rel=\"nofollow noopener\" target=\"_blank\"><\/p>\n<p>        <\/a><\/p>\n<p><a href=\"https:\/\/www.europesays.com\/es\/wp-content\/uploads\/2025\/12\/perry-paparazzis-1.jpg\"><img loading=\"lazy\" decoding=\"async\" class=\"alignnone wp-image-46960 size-full\" src=\"https:\/\/www.europesays.com\/es\/wp-content\/uploads\/2025\/12\/perry-paparazzis-1.jpg\" alt=\"perry-paparazzis-1\" width=\"560\" height=\"292\" \/><\/a><\/p>\n<p>Las im\u00e1genes son elocuentes, y muestran a Katy Perry muy enamorada y muy contenta. Lo anterior se vio en el marco de la gira que la cantante est\u00e1 llevando adelante, y que la llev\u00f3 a presentarse en Tokio. Y es que, en medio de sus shows, la artista sali\u00f3 a pasear por la capital japonesa de la mano de Justin Trudeau.<\/p>\n<p>La ex de Orlando Bloom ya se olvid\u00f3 del protagonista de \u201cPiratas del Caribe\u201d, quien a los pocos d\u00edas de separarse ya se lo vio divirti\u00e9ndose junto a otras mujeres.<\/p>\n<p>No fue el caso de Perry, quien encontr\u00f3 en el ex primer ministro canadiense a su nuevo acompa\u00f1ante sentimental. Adem\u00e1s, pesar del poco tiempo transcurrido, ambos ya lucen como una pareja consolidada y, por sobre todas las cosas, muy feliz.<\/p>\n<p>\u00bfY qu\u00e9 hicieron para festejar? Se dirigieron al restaurante Asakusa Sumo Stable Annex. Al margen de los platos t\u00edpicos de la cocina japonesa, el local -como el nombre lo sugiere-, cuenta con luchas de sumo en vivo para disfrute de los comensales.<\/p>\n<p><a href=\"https:\/\/www.europesays.com\/es\/wp-content\/uploads\/2025\/12\/perry.jpg\"><img loading=\"lazy\" decoding=\"async\" class=\"size-full wp-image-46955\" src=\"https:\/\/www.europesays.com\/es\/wp-content\/uploads\/2025\/12\/perry.jpg\" alt=\"Katy Perry, muy enamorada: Cantante fue fotografiada de la mano de Justin Trudeau \/ Captura x.com\/PageSix\" width=\"620\" height=\"491\" \/><\/a><\/p>\n<p class=\"wp-caption-text\">Katy Perry, muy enamorada: Cantante fue fotografiada de la mano de Justin Trudeau \/ Captura x.com\/PageSix<\/p>\n<p>\n        Comentarios<br \/>\n        Deja tu comentario \u2193\n    <\/p>\n","protected":false},"excerpt":{"rendered":"En medio de su gira de conciertos \u00abLifetimes\u00bb, la ex de Orlando Bloom se mostr\u00f3 en la capital&hellip;\n","protected":false},"author":2,"featured_media":269635,"comment_status":"","ping_status":"","sticky":false,"template":"","format":"standard","meta":{"footnotes":""},"categories":[170],"tags":[146,147,25,24,4885,59898,66340,66341,184,185,58124,27029,23,25972],"class_list":{"0":"post-269634","1":"post","2":"type-post","3":"status-publish","4":"format-standard","5":"has-post-thumbnail","7":"category-musica","8":"tag-entertainment","9":"tag-entretenimiento","10":"tag-es","11":"tag-espana","12":"tag-katy-perry","13":"tag-katy-perry-justin-trudeau","14":"tag-katy-perry-paparazzis","15":"tag-katy-perry-romance","16":"tag-music","17":"tag-musica","18":"tag-paparazzis","19":"tag-romances","20":"tag-spain","21":"tag-temas"},"share_on_mastodon":{"url":"https:\/\/pubeurope.com\/@es\/115657700265658213","error":""},"_links":{"self":[{"href":"https:\/\/www.europesays.com\/es\/wp-json\/wp\/v2\/posts\/269634","targetHints":{"allow":["GET"]}}],"collection":[{"href":"https:\/\/www.europesays.com\/es\/wp-json\/wp\/v2\/posts"}],"about":[{"href":"https:\/\/www.europesays.com\/es\/wp-json\/wp\/v2\/types\/post"}],"author":[{"embeddable":true,"href":"https:\/\/www.europesays.com\/es\/wp-json\/wp\/v2\/users\/2"}],"replies":[{"embeddable":true,"href":"https:\/\/www.europesays.com\/es\/wp-json\/wp\/v2\/comments?post=269634"}],"version-history":[{"count":0,"href":"https:\/\/www.europesays.com\/es\/wp-json\/wp\/v2\/posts\/269634\/revisions"}],"wp:featuredmedia":[{"embeddable":true,"href":"https:\/\/www.europesays.com\/es\/wp-json\/wp\/v2\/media\/269635"}],"wp:attachment":[{"href":"https:\/\/www.europesays.com\/es\/wp-json\/wp\/v2\/media?parent=269634"}],"wp:term":[{"taxonomy":"category","embeddable":true,"href":"https:\/\/www.europesays.com\/es\/wp-json\/wp\/v2\/categories?post=269634"},{"taxonomy":"post_tag","embeddable":true,"href":"https:\/\/www.europesays.com\/es\/wp-json\/wp\/v2\/tags?post=269634"}],"curies":[{"name":"wp","href":"https:\/\/api.w.org\/{rel}","templated":true}]}}