{"id":269636,"date":"2025-12-03T21:13:11","date_gmt":"2025-12-03T21:13:11","guid":{"rendered":"https:\/\/www.europesays.com\/es\/269636\/"},"modified":"2025-12-03T21:13:11","modified_gmt":"2025-12-03T21:13:11","slug":"las-diez-peliculas-del-siglo-xxi-favoritas-de-tarantino","status":"publish","type":"post","link":"https:\/\/www.europesays.com\/es\/269636\/","title":{"rendered":"Las diez pel\u00edculas del siglo XXI favoritas de Tarantino"},"content":{"rendered":"<p data-gtm-element-container=\"modulo-texto-link\" class=\"paragraph\">Quentin Tarantino ha anunciado en un reciente podcast que su pel\u00edcula favorita del siglo XXI es\u00a0Black Hawk derribado, dirigida por Ridley Scott en 2001.\u201dLa haza\u00f1a de direcci\u00f3n de Scott es m\u00e1s que extraordinaria\u201d, ha declarado respecto a la cinta b\u00e9lica basada en hechos reales y protagonizada por Josh Hartnett y Eric Bana. La lista de los diez t\u00edtulos elegidos por el cineasta estadounidense la completan la cinta de animaci\u00f3n Toy Story 3, de\u00a0Lee Unkrich; Lost in translation, de Sofia Coppola;\u00a0Dunkerque\u00a0, de Christopher Nolan; Pozos de ambici\u00f3n, de Paul Thomas Anderson;\u00a0 Zodiac, de David Fincher; Unstopabble, de Tony Scott;\u00a0Mad Max: Furia en la carretera, de George Miller; Zombies Party, de Edgar Wright y Midnight in Paris, de Woody Allen.\u00a0\u00a0<\/p>\n<p>        Lee tambi\u00e9n<\/p>\n<p>    Agencias<\/p>\n<p>             <img loading=\"lazy\" decoding=\"async\" data-full-src=\"https:\/\/www.lavanguardia.com\/uploads\/2023\/04\/10\/6434465a87d86.jpeg\" alt=\"Quentin Tarantino en el estreno en Roma de '\u00c9rase una vez en... Hollywood'\" width=\"104\" height=\"108\" src=\"https:\/\/www.europesays.com\/es\/wp-content\/uploads\/2025\/12\/6434465a87d86.r_d.2124-1305.jpeg\" class=\"lazy\"\/><\/p>\n<p data-gtm-element-container=\"modulo-texto-link\" class=\"paragraph\">\u201cMe gust\u00f3 la primera vez que la vi, pero creo que fue tan intensa que no la llev\u00e9 conmigo como deber\u00eda\u201d, dijo Tarantino sobre la elecci\u00f3n de la pel\u00edcula de Scott como su favorita. \u201cDesde entonces, la he visto un par de veces, no muchas, pero creo que es una obra maestra, y una de las cosas que m\u00e1s me gusta de ella es que es la \u00fanica pel\u00edcula que realmente busca el prop\u00f3sito, el efecto visual y la emoci\u00f3n al estilo de Apocalypse Now. Mantiene la intensidad durante 2 horas y 45 minutos, o lo que sea, y la volv\u00ed a ver hace poco; mi coraz\u00f3n lat\u00eda con fuerza durante toda la pel\u00edcula; me atrap\u00f3 y no me solt\u00f3, y hac\u00eda tiempo que no la ve\u00eda. La proeza de la direcci\u00f3n es m\u00e1s que extraordinaria\u201d, matiz\u00f3.<\/p>\n<p>                <img loading=\"lazy\" decoding=\"async\" data-full-src=\"https:\/\/www.lavanguardia.com\/uploads\/2020\/02\/05\/5fa8fc81a631f.jpeg\" alt=\"Horizontal\" width=\"449\" height=\"253\" src=\"https:\/\/www.europesays.com\/es\/wp-content\/uploads\/2025\/12\/5fa8fc81a631f.jpeg\" class=\"lazy\"\/><\/p>\n<p class=\"caption-title \">TOY STORY 3 (2010)<\/p>\n<p>                    Otras Fuentes<\/p>\n<p data-gtm-element-container=\"modulo-texto-link\" class=\"paragraph\">La tercera entrega de Toy Story\u00a0 la tild\u00f3 de \u201cpel\u00edcula casi perfecta\u201d, agregando: \u201cEsos \u00faltimos cinco minutos me arrancaron el coraz\u00f3n, y si intento describir el final, comenzar\u00e9 a llorar y me emocionar\u00e9\u201d. Sobre Dunkerque, su cuarta favorita, dijo que no le gust\u00f3 la primera vez que la vio.\u00a0\u201dLo que me encanta ahora es que siento que es una verdadera obra maestra, y me convenci\u00f3 vi\u00e9ndola una y otra vez\u201d.\u00a0<\/p>\n<p data-gtm-element-container=\"modulo-texto-link\" class=\"paragraph\">\u201cLa primera vez, no me dej\u00f3 indiferente; fue una experiencia alucinante; no sab\u00eda qu\u00e9 ve\u00eda, era casi demasiado. Luego, la segunda vez, mi cerebro pudo asimilarla un poco mejor, y la tercera y la cuarta vez, fue simplemente: \u00a1Guau!, me dej\u00f3 alucinado\u201d, confes\u00f3.<\/p>\n<p>                <img loading=\"lazy\" decoding=\"async\" data-full-src=\"https:\/\/www.lavanguardia.com\/uploads\/2025\/12\/03\/6930782f919cf.jpeg\" alt=\"Fotograma de 'Dunkerque', de Nolan\" width=\"449\" height=\"188\" src=\"https:\/\/www.europesays.com\/es\/wp-content\/uploads\/2025\/12\/6930782f919cf.jpeg\" class=\"lazy\"\/><\/p>\n<p class=\"caption-title \">Fotograma de &#8216;Dunkerque&#8217;, de Nolan<\/p>\n<p data-gtm-element-container=\"modulo-texto-link\" class=\"paragraph\">Tarantino ha compartido variaciones de su lista de pel\u00edculas favoritas a lo largo de los a\u00f1os. En 2020, cit\u00f3 La Red Social de David Fincher como la mejor pel\u00edcula de la d\u00e9cada de 2010, y en una entrevista con Premiere declar\u00f3: \u201cEs La Red Social, sin lugar a dudas. Es la n\u00famero uno porque es la mejor, \u00a1y nada m\u00e1s! Aplasta a toda la competencia\u201d. Como se puede comprobar, los gustos del realizador de Pulp fiction van cambiando y esta vez la que hab\u00eda sido la n\u00famero uno de esa d\u00e9cada no ha entrado en su top 10 del siglo.\u00a0<\/p>\n","protected":false},"excerpt":{"rendered":"Quentin Tarantino ha anunciado en un reciente podcast que su pel\u00edcula favorita del siglo XXI es\u00a0Black Hawk derribado,&hellip;\n","protected":false},"author":2,"featured_media":269637,"comment_status":"","ping_status":"","sticky":false,"template":"","format":"standard","meta":{"footnotes":""},"categories":[169],"tags":[177,146,147,25,24,176,175,23],"class_list":{"0":"post-269636","1":"post","2":"type-post","3":"status-publish","4":"format-standard","5":"has-post-thumbnail","7":"category-cine","8":"tag-cine","9":"tag-entertainment","10":"tag-entretenimiento","11":"tag-es","12":"tag-espana","13":"tag-film","14":"tag-movies","15":"tag-spain"},"share_on_mastodon":{"url":"https:\/\/pubeurope.com\/@es\/115657704112045341","error":""},"_links":{"self":[{"href":"https:\/\/www.europesays.com\/es\/wp-json\/wp\/v2\/posts\/269636","targetHints":{"allow":["GET"]}}],"collection":[{"href":"https:\/\/www.europesays.com\/es\/wp-json\/wp\/v2\/posts"}],"about":[{"href":"https:\/\/www.europesays.com\/es\/wp-json\/wp\/v2\/types\/post"}],"author":[{"embeddable":true,"href":"https:\/\/www.europesays.com\/es\/wp-json\/wp\/v2\/users\/2"}],"replies":[{"embeddable":true,"href":"https:\/\/www.europesays.com\/es\/wp-json\/wp\/v2\/comments?post=269636"}],"version-history":[{"count":0,"href":"https:\/\/www.europesays.com\/es\/wp-json\/wp\/v2\/posts\/269636\/revisions"}],"wp:featuredmedia":[{"embeddable":true,"href":"https:\/\/www.europesays.com\/es\/wp-json\/wp\/v2\/media\/269637"}],"wp:attachment":[{"href":"https:\/\/www.europesays.com\/es\/wp-json\/wp\/v2\/media?parent=269636"}],"wp:term":[{"taxonomy":"category","embeddable":true,"href":"https:\/\/www.europesays.com\/es\/wp-json\/wp\/v2\/categories?post=269636"},{"taxonomy":"post_tag","embeddable":true,"href":"https:\/\/www.europesays.com\/es\/wp-json\/wp\/v2\/tags?post=269636"}],"curies":[{"name":"wp","href":"https:\/\/api.w.org\/{rel}","templated":true}]}}