{"id":269639,"date":"2025-12-03T21:16:15","date_gmt":"2025-12-03T21:16:15","guid":{"rendered":"https:\/\/www.europesays.com\/es\/269639\/"},"modified":"2025-12-03T21:16:15","modified_gmt":"2025-12-03T21:16:15","slug":"petra-se-rebela-contra-teresa","status":"publish","type":"post","link":"https:\/\/www.europesays.com\/es\/269639\/","title":{"rendered":"Petra se rebela contra Teresa"},"content":{"rendered":"\n<ul class=\"bodyList bodyList--unordered\">\n<li class=\"bodyList__item\"><strong><a href=\"https:\/\/www.elconfidencial.com\/television\/series-tv\/2025-11-25\/la-promesa-guillermo-serrano-dcorazon-villanos_4254063\/\" target=\"_self\" rel=\"nofollow noopener\">Guillermo Serrano, actor de La Promesa:<\/a> \u00abSe acaba la serie sin los villanos\u00bb<\/strong><\/li>\n<li class=\"bodyList__item\"><strong><a href=\"https:\/\/www.elconfidencial.com\/television\/series-tv\/2025-12-02\/tve-cancela-valle-salvaje-la-promesa-sorteo_4257778\/\" target=\"_self\" rel=\"nofollow noopener\">TVE cancela este viernes las emisiones de Valle Salvaje y La Promesa<\/a><\/strong><\/li>\n<\/ul>\n<p> La b\u00fasqueda de ayuda del personaje de Curro en la serie <a href=\"https:\/\/www.elconfidencial.com\/television\/series-tv\/2025-12-02\/tve-cancela-valle-salvaje-la-promesa-sorteo_4257778\/\" target=\"_self\" rel=\"nofollow noopener\">La Promesa<\/a> podr\u00eda haber dado resultados, y es que en la \u00faltima entrega de la ficci\u00f3n de \u00e9poca, emitida en La 1 de Televisi\u00f3n Espa\u00f1ola, Manuel por fin ha intentado inmiscuirse en el perverso plan de boda de Lorenzo. Por otro lado, en el nuevo cap\u00edtulo de<strong> este jueves, 4 de diciembre<\/strong>, que llegar\u00e1 a las 18:35 horas, todos los cambios en palacio, especialmente entre el servicio, tendr\u00e1n consecuencias inesperadas. <\/p>\n<p> Durante el episodio anterior, emitido este mi\u00e9rcoles, del melodrama protagonizado por <a href=\"https:\/\/www.elconfidencial.com\/television\/series-tv\/2025-12-02\/tve-cancela-valle-salvaje-la-promesa-sorteo_4257778\/\" target=\"_self\" rel=\"nofollow noopener\">Xavi Lock<\/a>, Arturo Garc\u00eda Sancho e Isabel Serrano, entre otros int\u00e9rpretes, \u00c1ngela ha confesado a Martina su desesperaci\u00f3n ante la inminente boda, mientras que Martina ha seguido lidiando con<strong> las tensiones entre Jacobo y Adriano<\/strong>, que han estallado en una dura discusi\u00f3n agravada por Leocadia. <\/p>\n<p>              <img decoding=\"async\" class=\"inTextNews__img\" alt=\"Foto: la-promesa-nuevo-personaje-padre-bebe-maria-1qrt\" src=\"https:\/\/www.europesays.com\/es\/wp-content\/uploads\/2025\/12\/f.elconfidencial.com\/original\/536\/554\/a31\/536554a31b402fcedb53be8d4bc3a81a.jpg\"  \/>     <\/p>\n<p>TE PUEDE INTERESAR<\/p>\n<p>      <a class=\"inTextNews__title\" href=\"https:\/\/www.elconfidencial.com\/television\/series-tv\/2025-12-02\/la-promesa-nuevo-personaje-padre-bebe-maria-1qrt_4258496\/\" onclick=\"window.ECCO.emit(&#039;amplitude&#039;, { dataEventName: &#039;click_related_article_module&#039;, data: { related_article_url: &#039;https:\/\/www.elconfidencial.com\/television\/series-tv\/2025-12-02\/la-promesa-nuevo-personaje-padre-bebe-maria-1qrt_4258496\/&#039;, related_article_author: &#039;Alberto Richart&#039;, related_article_section: &#039;series-tv&#039; } })\" rel=\"nofollow noopener\" target=\"_blank\"> \u00abEs el reencuentro que necesitabais\u00bb: &#8216;La Promesa&#8217; da la bienvenida a un nuevo personaje que cambiar\u00e1 la vida de Mar\u00eda Fern\u00e1ndez <\/a>   <\/p>\n<p>    A. Richart   <\/p>\n<p> Curro ha revelado a Manuel su amor por \u00c1ngela y su enfrentamiento con Lorenzo, logrando <strong>su apoyo para impedir la boda<\/strong>, lo que ha provocado un nuevo encontronazo entre el heredero y el capit\u00e1n. Mar\u00eda Fern\u00e1ndez se ha incomodado con <a href=\"https:\/\/www.elconfidencial.com\/television\/series-tv\/2025-12-02\/la-promesa-nuevo-personaje-padre-bebe-maria-1qrt_4258496\/\" target=\"_self\" rel=\"nofollow noopener\">la llegada de Carlo<\/a>, el padre del hijo que espera, pero Samuel la ha animado a hablar con \u00e9l. <\/p>\n<p> Teresa ha advertido a las doncellas del aumento de trabajo y ha recibido la negativa de Crist\u00f3bal a ofrecerles una compensaci\u00f3n, aunque<strong> ha liberado a Lope<\/strong> para colaborar en el men\u00fa de la boda. Petra ha investigado junto a Lope y Vera qui\u00e9n estaba detr\u00e1s del plagio de las recetas, sin obtener todav\u00eda resultados. <\/p>\n<p>              <img decoding=\"async\" class=\"inTextNews__img\" alt=\"Foto: Imagen de la serie 'La Promesa'. (RTVE)\" src=\"https:\/\/www.europesays.com\/es\/wp-content\/uploads\/2025\/12\/f.elconfidencial.com\/original\/524\/74f\/067\/52474f06728b251242c64e8577fd9e04.jpg\"  \/>     <\/p>\n<p>TE PUEDE INTERESAR<\/p>\n<p>      <a class=\"inTextNews__title\" href=\"https:\/\/www.elconfidencial.com\/television\/series-tv\/2025-12-03\/tve-cancela-valle-salvaje-la-promesa-sorteo_4257778\/\" onclick=\"window.ECCO.emit(&#039;amplitude&#039;, { dataEventName: &#039;click_related_article_module&#039;, data: { related_article_url: &#039;https:\/\/www.elconfidencial.com\/television\/series-tv\/2025-12-03\/tve-cancela-valle-salvaje-la-promesa-sorteo_4257778\/&#039;, related_article_author: &#039;Xabier Migelez&#039;, related_article_section: &#039;series-tv&#039; } })\" rel=\"nofollow noopener\" target=\"_blank\"> TVE cancela las emisiones de &#8216;Valle Salvaje&#8217; y &#8216;La Promesa&#8217;: as\u00ed queda la parrilla de La 1 este pr\u00f3ximo viernes <\/a>   <\/p>\n<p>    Xabier Migelez   <\/p>\n<p> Manuel ha pedido a Enora que se centrase en investigar a don Lisandro, y no en mejorar el motor. Sin embargo, <strong>Enora ha persuadido a To\u00f1o<\/strong> para que la apoyase a espaldas de Manuel. <\/p>\n<p>            Avance del cap\u00edtulo 729           <\/p>\n<p> Las investigaciones de Petra no tardan en dar frutos, pero <strong>el ladr\u00f3n de recetas trata de convencerla<\/strong> para que no lo delate. \u00bfLo conseguir\u00e1? <\/p>\n<p> Samuel y Mar\u00eda Fern\u00e1ndez se ven obligados a reprender a Carlo por prestarle demasiada atenci\u00f3n a las doncellas. En vez de investigar para Manuel, <strong>Enora y To\u00f1o trabajan en secreto<\/strong> en un nuevo motor que promete ser mucho mejor que el anterior. <\/p>\n<blockquote class=\"twitter-tweet\">\n<p lang=\"es\" dir=\"ltr\">Curro confiesa a Manuel sus sentimientos: \u00ab\u00c1ngela es el amor de mi vida\u00bb <a href=\"https:\/\/twitter.com\/hashtag\/LaPromesa?src=hash&amp;ref_src=twsrc%5Etfw\" rel=\"nofollow noopener\" target=\"_blank\">#LaPromesa<\/a><\/p>\n<p>\u2b55 <a href=\"https:\/\/t.co\/HG2b5Elrg7\" rel=\"nofollow\">https:\/\/t.co\/HG2b5Elrg7<\/a> <a href=\"https:\/\/t.co\/NKU3hZkMB0\" rel=\"nofollow\">pic.twitter.com\/NKU3hZkMB0<\/a><\/p>\n<p>\u2014 La Promesa (@lapromesa_tve) <a href=\"https:\/\/twitter.com\/lapromesa_tve\/status\/1995565309311549909?ref_src=twsrc%5Etfw\" rel=\"nofollow noopener\" target=\"_blank\">December 1, 2025<\/a><\/p><\/blockquote>\n<p> Adriano pide a Leocadia hablar personalmente con el detective que ella contrat\u00f3 para buscar a <a href=\"https:\/\/www.elconfidencial.com\/television\/series-tv\/2025-09-24\/la-promesa-despedida-carmen-asecas-catalina-tve_4215093\/\" target=\"_self\" rel=\"nofollow noopener\">Catalina<\/a>. Por \u00faltimo, Teresa informa al servicio de que no habr\u00e1 libranzas ni gratificaci\u00f3n, lo que desemboca en <strong>las protestas de Petra<\/strong>. <\/p>\n<ul class=\"bodyList bodyList--unordered\">\n<li class=\"bodyList__item\"><strong><a href=\"https:\/\/www.elconfidencial.com\/television\/series-tv\/2025-11-25\/la-promesa-guillermo-serrano-dcorazon-villanos_4254063\/\" target=\"_self\" rel=\"nofollow noopener\">Guillermo Serrano, actor de La Promesa:<\/a> \u00abSe acaba la serie sin los villanos\u00bb<\/strong><\/li>\n<li class=\"bodyList__item\"><strong><a href=\"https:\/\/www.elconfidencial.com\/television\/series-tv\/2025-12-02\/tve-cancela-valle-salvaje-la-promesa-sorteo_4257778\/\" target=\"_self\" rel=\"nofollow noopener\">TVE cancela este viernes las emisiones de Valle Salvaje y La Promesa<\/a><\/strong><\/li>\n<\/ul>\n<p> La b\u00fasqueda de ayuda del personaje de Curro en la serie <a href=\"https:\/\/www.elconfidencial.com\/television\/series-tv\/2025-12-02\/tve-cancela-valle-salvaje-la-promesa-sorteo_4257778\/\" target=\"_self\" rel=\"nofollow noopener\">La Promesa<\/a> podr\u00eda haber dado resultados, y es que en la \u00faltima entrega de la ficci\u00f3n de \u00e9poca, emitida en La 1 de Televisi\u00f3n Espa\u00f1ola, Manuel por fin ha intentado inmiscuirse en el perverso plan de boda de Lorenzo. Por otro lado, en el nuevo cap\u00edtulo de<strong> este jueves, 4 de diciembre<\/strong>, que llegar\u00e1 a las 18:35 horas, todos los cambios en palacio, especialmente entre el servicio, tendr\u00e1n consecuencias inesperadas. <\/p>\n<p>              <script async src=\"https:\/\/platform.twitter.com\/widgets.js\" charset=\"utf-8\"><\/script><\/p>\n","protected":false},"excerpt":{"rendered":"Guillermo Serrano, actor de La Promesa: \u00abSe acaba la serie sin los villanos\u00bb TVE cancela este viernes las&hellip;\n","protected":false},"author":2,"featured_media":269640,"comment_status":"","ping_status":"","sticky":false,"template":"","format":"standard","meta":{"footnotes":""},"categories":[91],"tags":[146,147,25,24,23],"class_list":{"0":"post-269639","1":"post","2":"type-post","3":"status-publish","4":"format-standard","5":"has-post-thumbnail","7":"category-entretenimiento","8":"tag-entertainment","9":"tag-entretenimiento","10":"tag-es","11":"tag-espana","12":"tag-spain"},"share_on_mastodon":{"url":"https:\/\/pubeurope.com\/@es\/115657715939132639","error":""},"_links":{"self":[{"href":"https:\/\/www.europesays.com\/es\/wp-json\/wp\/v2\/posts\/269639","targetHints":{"allow":["GET"]}}],"collection":[{"href":"https:\/\/www.europesays.com\/es\/wp-json\/wp\/v2\/posts"}],"about":[{"href":"https:\/\/www.europesays.com\/es\/wp-json\/wp\/v2\/types\/post"}],"author":[{"embeddable":true,"href":"https:\/\/www.europesays.com\/es\/wp-json\/wp\/v2\/users\/2"}],"replies":[{"embeddable":true,"href":"https:\/\/www.europesays.com\/es\/wp-json\/wp\/v2\/comments?post=269639"}],"version-history":[{"count":0,"href":"https:\/\/www.europesays.com\/es\/wp-json\/wp\/v2\/posts\/269639\/revisions"}],"wp:featuredmedia":[{"embeddable":true,"href":"https:\/\/www.europesays.com\/es\/wp-json\/wp\/v2\/media\/269640"}],"wp:attachment":[{"href":"https:\/\/www.europesays.com\/es\/wp-json\/wp\/v2\/media?parent=269639"}],"wp:term":[{"taxonomy":"category","embeddable":true,"href":"https:\/\/www.europesays.com\/es\/wp-json\/wp\/v2\/categories?post=269639"},{"taxonomy":"post_tag","embeddable":true,"href":"https:\/\/www.europesays.com\/es\/wp-json\/wp\/v2\/tags?post=269639"}],"curies":[{"name":"wp","href":"https:\/\/api.w.org\/{rel}","templated":true}]}}