{"id":269655,"date":"2025-12-03T21:31:15","date_gmt":"2025-12-03T21:31:15","guid":{"rendered":"https:\/\/www.europesays.com\/es\/269655\/"},"modified":"2025-12-03T21:31:15","modified_gmt":"2025-12-03T21:31:15","slug":"una-decoracion-con-mucho-papel-pintado-hasta-en-su-nueva-cocina","status":"publish","type":"post","link":"https:\/\/www.europesays.com\/es\/269655\/","title":{"rendered":"una decoraci\u00f3n con mucho papel pintado, hasta en su nueva cocina"},"content":{"rendered":"<p>Se dice pronto, pero Alba Carrillo (39 a\u00f1os)<strong> lleva metida en el mundo de la televisi\u00f3n 18 a\u00f1os<\/strong>. La primera vez que apareci\u00f3 en nuestras pantallas fue cuando particip\u00f3 en \u2018Supermodelo 2007\u2019. Desde entonces, la madrile\u00f1a se hizo un hueco en este mundillo, donde la hemos visto trabajando como modelo, colaboradora en programas de coraz\u00f3n y <strong>concursando en una gran variedad de realities shows<\/strong>, como \u2018Supervientes\u2019, \u2018Gran Hermano VIP\u2019, \u2018Bake Off: Famosos al horno\u2019, y el m\u00e1s reciente (y que est\u00e1 activo en la actualidad), \u2018Hasta el fin del mundo\u2019, el nuevo programa de aventuras de Televisi\u00f3n Espa\u00f1ola.<\/p>\n<p>Con tantos proyectos al frente, tambi\u00e9n colabora en \u2018D Coraz\u00f3n\u2019 y \u2018Pasa sin llamar\u2019 en RTVE y \u2018Jugando con fuego\u2019 en Netflix, es <strong>normal que Alba se haya comprado este impresionante chalet <\/strong>al que no le falta ni un detalle para ser su refugio de paz donde relajarse tranquilamente y <strong>recargar pilas junto a su hijo Lucas<\/strong>. La vivienda de Alba se encuentra en Torrelodones, una lujosa urbanizaci\u00f3n a las afueras de Madrid alejada de todo el bullicio de la ciudad.<\/p>\n<p>La casa de Alba destaca por ser muy grande, luminosa y por tener una<strong> decoraci\u00f3n muy colorida donde el papel pintado es el protagonista<\/strong> de algunas de sus estancias, como el dormitorio principal o la cocina, la cual, por cierto, la presentadora acaba de reformar. \u00bfVamos dentro? \u00a1Vamos dentro!<\/p>\n<p><img decoding=\"async\" src=\"https:\/\/www.europesays.com\/es\/wp-content\/uploads\/2025\/12\/kate-y-guillermo_04626fb8_251203221212_800x800.webp.webp\" alt=\"Kate y Guillermo\" class=\"image lazyload\"\/><img loading=\"lazy\" decoding=\"async\" src=\"https:\/\/www.europesays.com\/es\/wp-content\/uploads\/2025\/12\/kate-y-guillermo_04626fb8_251203221223_1280x720.webp.webp\" alt=\"Kate Middleton, impresionante, se transforma en Frozen: estrena la ic\u00f3nica tiara oriental y arrasa con un vestido con capa plagado de lentejuelas\" class=\"image lazyload\" width=\"1280\" height=\"720\" data-aspectratio=\"1280\/720\"\/><\/p>\n","protected":false},"excerpt":{"rendered":"Se dice pronto, pero Alba Carrillo (39 a\u00f1os) lleva metida en el mundo de la televisi\u00f3n 18 a\u00f1os.&hellip;\n","protected":false},"author":2,"featured_media":269656,"comment_status":"","ping_status":"","sticky":false,"template":"","format":"standard","meta":{"footnotes":""},"categories":[174],"tags":[255,146,147,25,24,256,23],"class_list":{"0":"post-269655","1":"post","2":"type-post","3":"status-publish","4":"format-standard","5":"has-post-thumbnail","7":"category-famosos","8":"tag-celebrities","9":"tag-entertainment","10":"tag-entretenimiento","11":"tag-es","12":"tag-espana","13":"tag-famosos","14":"tag-spain"},"share_on_mastodon":{"url":"https:\/\/pubeurope.com\/@es\/115657775015668477","error":""},"_links":{"self":[{"href":"https:\/\/www.europesays.com\/es\/wp-json\/wp\/v2\/posts\/269655","targetHints":{"allow":["GET"]}}],"collection":[{"href":"https:\/\/www.europesays.com\/es\/wp-json\/wp\/v2\/posts"}],"about":[{"href":"https:\/\/www.europesays.com\/es\/wp-json\/wp\/v2\/types\/post"}],"author":[{"embeddable":true,"href":"https:\/\/www.europesays.com\/es\/wp-json\/wp\/v2\/users\/2"}],"replies":[{"embeddable":true,"href":"https:\/\/www.europesays.com\/es\/wp-json\/wp\/v2\/comments?post=269655"}],"version-history":[{"count":0,"href":"https:\/\/www.europesays.com\/es\/wp-json\/wp\/v2\/posts\/269655\/revisions"}],"wp:featuredmedia":[{"embeddable":true,"href":"https:\/\/www.europesays.com\/es\/wp-json\/wp\/v2\/media\/269656"}],"wp:attachment":[{"href":"https:\/\/www.europesays.com\/es\/wp-json\/wp\/v2\/media?parent=269655"}],"wp:term":[{"taxonomy":"category","embeddable":true,"href":"https:\/\/www.europesays.com\/es\/wp-json\/wp\/v2\/categories?post=269655"},{"taxonomy":"post_tag","embeddable":true,"href":"https:\/\/www.europesays.com\/es\/wp-json\/wp\/v2\/tags?post=269655"}],"curies":[{"name":"wp","href":"https:\/\/api.w.org\/{rel}","templated":true}]}}