{"id":269660,"date":"2025-12-03T21:34:12","date_gmt":"2025-12-03T21:34:12","guid":{"rendered":"https:\/\/www.europesays.com\/es\/269660\/"},"modified":"2025-12-03T21:34:12","modified_gmt":"2025-12-03T21:34:12","slug":"telecinco-cancela-gran-hermano-20-tras-los-datos-de-audiencia-insostenibles","status":"publish","type":"post","link":"https:\/\/www.europesays.com\/es\/269660\/","title":{"rendered":"Telecinco cancela \u2018Gran Hermano 20\u2019 tras los datos de audiencia insostenibles"},"content":{"rendered":"<p data-gtm-element-container=\"modulo-texto-link\" class=\"paragraph\">Telecinco no vive su mejor momento en audiencias, un claro ejemplo de esta situaci\u00f3n son los bajos datos de espectadores que est\u00e1 teniendo esta nueva edici\u00f3n de Gran Hermano. Por este mismo motivo, la cadena ha tomado la decisi\u00f3n repentina de cancelar el reality.<\/p>\n<p data-gtm-element-container=\"modulo-texto-link\" class=\"paragraph\">A pesar de que la idea original era que el formato durara hasta febrero de 2026 y enlazarla con Supervivientes 2026, tal y como ha avanzado la cuenta Poco Pasa TV, la corporaci\u00f3n \u201cfiniquitar\u00e1 la edici\u00f3n antes de Navidad\u201d. La misma fuente ha adelantado tambi\u00e9n que la cadena ya est\u00e1 trabajando a contrarreloj para reabrir la casa lo m\u00e1s pronto posible con una edici\u00f3n de famosos, lo que implicar\u00eda el retorno de una nueva propuesta de reality, sobre la que todav\u00eda no han trascendido m\u00e1s detalles.<\/p>\n<blockquote class=\"instagram-media\" data-instgrm-captioned=\"\" data-instgrm-version=\"6\" style=\"background: #FFF; border: 0; border-radius: 3px; box-shadow: 0 0 1px 0 rgba(0,&#10;0, 0, 0.5), 0 1px 10px 0 rgba(0, 0, 0, 0.15); margin: 1px; max-width: 658px; padding: 0;&#10;width: 99.375%; width: -webkit-calc(100% - 2px); width: calc(100% - 2px);\">\n<\/blockquote>\n<p> \u00ab&gt;<\/p>\n<p data-gtm-element-container=\"modulo-texto-link\" class=\"paragraph\">Este final acelerado del programa, ha provocado que las expulsiones de los concursantes sean mucho m\u00e1s r\u00e1pidas de lo esperado. En las siguientes galas, ser\u00e1n eliminados m\u00e1s de un participante de la casa, f\u00f3rmula que se conoce como \u201ccami\u00f3n de la mudanza\u201d, y que ya ha sido  utilizada en pasadas ediciones para echar a aquellos concursantes menos queridos por el p\u00fablico.<\/p>\n<p data-gtm-element-container=\"modulo-texto-link\" class=\"paragraph\">Seg\u00fan la citada fuente, la idea de Mediaset ser\u00eda lanzar un nuevo formato, protagonizado por un \u201creencuentro con los VIPS\u201d. El nuevo proyecto ver\u00eda la luz pasadas las fiestas con la intenci\u00f3n de contar con un reality nuevo hasta que comience la pr\u00f3xima edici\u00f3n de Supervivientes.<\/p>\n<p>        Lee tambi\u00e9n<\/p>\n<p>    H\u00e9ctor Farr\u00e9s<\/p>\n<p>             <img loading=\"lazy\" decoding=\"async\" data-full-src=\"https:\/\/www.lavanguardia.com\/uploads\/2025\/11\/06\/690d23c908467.png\" alt=\"La se\u00f1al mostr\u00f3 una secuencia fuera de orden que provoc\u00f3 desconcierto entre quienes segu\u00edan la gala\" width=\"104\" height=\"108\" src=\"https:\/\/www.europesays.com\/es\/wp-content\/uploads\/2025\/12\/690d23c908467.png\" class=\"lazy\"\/><\/p>\n<p data-gtm-element-container=\"modulo-texto-link\" class=\"paragraph\">La casa de Gran Hermano 20 abri\u00f3 sus puertas hace apenas dos meses. A pesar de que esta edici\u00f3n promet\u00eda ser hist\u00f3rica debido a los nuevos cambios en el formato, parece no haber tenido un buen recibimiento entre los espectadores, quienes ya se muestran cansados del reality.\u00a0<\/p>\n","protected":false},"excerpt":{"rendered":"Telecinco no vive su mejor momento en audiencias, un claro ejemplo de esta situaci\u00f3n son los bajos datos&hellip;\n","protected":false},"author":2,"featured_media":269661,"comment_status":"","ping_status":"","sticky":false,"template":"","format":"standard","meta":{"footnotes":""},"categories":[171],"tags":[146,147,25,24,23,214],"class_list":{"0":"post-269660","1":"post","2":"type-post","3":"status-publish","4":"format-standard","5":"has-post-thumbnail","7":"category-tv","8":"tag-entertainment","9":"tag-entretenimiento","10":"tag-es","11":"tag-espana","12":"tag-spain","13":"tag-tv"},"share_on_mastodon":{"url":"https:\/\/pubeurope.com\/@es\/115657787328777655","error":""},"_links":{"self":[{"href":"https:\/\/www.europesays.com\/es\/wp-json\/wp\/v2\/posts\/269660","targetHints":{"allow":["GET"]}}],"collection":[{"href":"https:\/\/www.europesays.com\/es\/wp-json\/wp\/v2\/posts"}],"about":[{"href":"https:\/\/www.europesays.com\/es\/wp-json\/wp\/v2\/types\/post"}],"author":[{"embeddable":true,"href":"https:\/\/www.europesays.com\/es\/wp-json\/wp\/v2\/users\/2"}],"replies":[{"embeddable":true,"href":"https:\/\/www.europesays.com\/es\/wp-json\/wp\/v2\/comments?post=269660"}],"version-history":[{"count":0,"href":"https:\/\/www.europesays.com\/es\/wp-json\/wp\/v2\/posts\/269660\/revisions"}],"wp:featuredmedia":[{"embeddable":true,"href":"https:\/\/www.europesays.com\/es\/wp-json\/wp\/v2\/media\/269661"}],"wp:attachment":[{"href":"https:\/\/www.europesays.com\/es\/wp-json\/wp\/v2\/media?parent=269660"}],"wp:term":[{"taxonomy":"category","embeddable":true,"href":"https:\/\/www.europesays.com\/es\/wp-json\/wp\/v2\/categories?post=269660"},{"taxonomy":"post_tag","embeddable":true,"href":"https:\/\/www.europesays.com\/es\/wp-json\/wp\/v2\/tags?post=269660"}],"curies":[{"name":"wp","href":"https:\/\/api.w.org\/{rel}","templated":true}]}}