{"id":269675,"date":"2025-12-03T21:43:09","date_gmt":"2025-12-03T21:43:09","guid":{"rendered":"https:\/\/www.europesays.com\/es\/269675\/"},"modified":"2025-12-03T21:43:09","modified_gmt":"2025-12-03T21:43:09","slug":"el-ceo-de-ribera-salud-se-aparta-de-la-gestion-del-hospital-de-torrejon-y-la-compania-anuncia-una-auditoria-en-profundidad-sociedad","status":"publish","type":"post","link":"https:\/\/www.europesays.com\/es\/269675\/","title":{"rendered":"El CEO de Ribera Salud se aparta de la gesti\u00f3n del Hospital de Torrej\u00f3n y la compa\u00f1\u00eda anuncia una auditor\u00eda \u201cen profundidad\u201d | Sociedad"},"content":{"rendered":"<p class=\"\">El grupo Ribera Salud ha enviado un comunicado la noche de este mi\u00e9rcoles anunciando que, \u201cpara garantizar los valores y la \u00e9tica que siempre ha caracterizado al Grupo, Pablo Gallart [el CEO] ha solicitado al presidente de Ribera, Emmanuel de Geuser, desvincularse de las responsabilidades sobre la gesti\u00f3n del Hospital de Torrej\u00f3n mientras el grupo lleva a cabo una auditor\u00eda en profundidad para garantizar que no se ha producido ning\u00fan incumplimiento de los est\u00e1ndares de calidad en la atenci\u00f3n a los pacientes, de la \u00e9tica profesional, ni de la ley\u201d. Este comunicado llega <a href=\"https:\/\/elpais.com\/sociedad\/2025-12-03\/la-empresa-gestora-del-hospital-publico-de-torrejon-ordena-rechazar-pacientes-para-ganar-mas-hacemos-actividad-que-nos-perjudica.html\" target=\"_blank\" rel=\"noreferrer nofollow noopener\" title=\"https:\/\/elpais.com\/sociedad\/2025-12-03\/la-empresa-gestora-del-hospital-publico-de-torrejon-ordena-rechazar-pacientes-para-ganar-mas-hacemos-actividad-que-nos-perjudica.html\">despu\u00e9s de que EL PA\u00cdS desvelara los audios<\/a> en los que Gallart ordenaba aumentar las listas de espera y descartar procesos rentables para aumentar beneficios.<\/p>\n<p class=\"\">Tras la reuni\u00f3n del 25 de septiembre en la que Gallart traslad\u00f3 estas instrucciones a una veintena de mandos, <a href=\"https:\/\/elpais.com\/sociedad\/2025-12-03\/la-ministra-de-sanidad-carga-contra-ayuso-por-el-escandalo-del-hospital-de-torrejon-este-es-el-modelo-del-pp.html\" target=\"_blank\" rel=\"noreferrer nofollow noopener\" title=\"https:\/\/elpais.com\/sociedad\/2025-12-03\/la-ministra-de-sanidad-carga-contra-ayuso-por-el-escandalo-del-hospital-de-torrejon-este-es-el-modelo-del-pp.html\">las reacciones pol\u00edticas en la Comunidad de Madrid y el Gobierno<\/a>, han sido inmediatas. El Ejecutivo de Isabel D\u00edaz Ayuso, a media tarde de este mi\u00e9rcoles, <a href=\"https:\/\/elpais.com\/sociedad\/2025-12-03\/la-comunidad-de-madrid-envia-un-equipo-al-hospital-de-torrejon-para-constatar-in-situ-como-presta-el-servicio.html\" target=\"_blank\" rel=\"noreferrer nofollow noopener\" title=\"https:\/\/elpais.com\/sociedad\/2025-12-03\/la-comunidad-de-madrid-envia-un-equipo-al-hospital-de-torrejon-para-constatar-in-situ-como-presta-el-servicio.html\">ha convocado de urgencia a la gestora del hospital de Torrej\u00f3n<\/a> y se ha comprometido a tomar medidas. Horas despu\u00e9s, el Grupo bajo el que est\u00e1 la gesti\u00f3n del Hospital de Torrej\u00f3n, p\u00fablico con un concierto privado, ha enviado su comunicado.<\/p>\n<p class=\"\">El presidente del Gobierno, <a href=\"https:\/\/x.com\/sanchezcastejon\/status\/1996231976185926081\" rel=\"nofollow\" title=\"https:\/\/x.com\/sanchezcastejon\/status\/1996231976185926081\">Pedro S\u00e1nchez, a trav\u00e9s de un post en X ha aludido a la cuesti\u00f3n<\/a>: \u201cEste es el modelo del PP: hacer de la salud un negocio y de la enfermedad una oportunidad para enriquecerse. El CEO de una empresa decidiendo sobre la vida de la gente: en eso consiste la privatizaci\u00f3n de la sanidad. M\u00e1s listas de espera, m\u00e1s rentabilidad, m\u00e1s injusticias. No lo vamos a permitir. El Gobierno defender\u00e1 la sanidad p\u00fablica con todos los instrumentos del Estado\u201d. <\/p>\n<p class=\"\">Y tambi\u00e9n lo han hecho la ministra de Sanidad, M\u00f3nica Garc\u00eda (Sumar), que ha acusado a la presidenta de la Comunidad de Madrid, Isabel D\u00edaz Ayuso, de poner \u201cel dinero por encima de las vidas\u201d y ha adelantado que M\u00e1s Madrid est\u00e1 preparando \u201cacciones legales\u201d contra el gobierno regional. El portavoz del PSOE regional y ministro para la Transformaci\u00f3n Digital, \u00d3scar L\u00f3pez, ha asegurado que su partido tambi\u00e9n est\u00e1 barajando opciones legales para cargar contra el ejecutivo auton\u00f3mico y ha adelantado que pedir\u00e1 la comparecencia en la Asamblea de la consejera de Sanidad, F\u00e1tima Matute, para que rinda cuentas.<\/p>\n<p class=\"\">En el comunicado de Ribera, adem\u00e1s de hacer ese anuncio sobre Gallart, afirma que \u201cla prioridad absoluta del grupo y su m\u00e1ximo accionista Vivalto Sant\u00e9 son y seguir\u00e1n siendo sus pacientes\u201d, que \u201cpor ello, el servicio y atenci\u00f3n al paciente seguir\u00e1n teniendo la calidad y el rigor de siempre\u201d. Tambi\u00e9n que el \u201cGrupo sanitario Ribera mantiene su compromiso con el sistema sanitario p\u00fablico para seguir ofreciendo al paciente la mejor atenci\u00f3n posible\u201d, y que esa \u201cha sido siempre la prioridad para el Hospital de Torrej\u00f3n y para Ribera en sus 26 a\u00f1os de historia\u201d.<\/p>\n","protected":false},"excerpt":{"rendered":"El grupo Ribera Salud ha enviado un comunicado la noche de este mi\u00e9rcoles anunciando que, \u201cpara garantizar los&hellip;\n","protected":false},"author":2,"featured_media":269676,"comment_status":"","ping_status":"","sticky":false,"template":"","format":"standard","meta":{"footnotes":""},"categories":[8],"tags":[17,18,1467,25,24,13,14,11,3515,19,20,9,10,15,16,2959,66348,66347,1811,26164,17109,492,23,12,65845,21,22],"class_list":{"0":"post-269675","1":"post","2":"type-post","3":"status-publish","4":"format-standard","5":"has-post-thumbnail","7":"category-espana","8":"tag-breaking-news","9":"tag-breakingnews","10":"tag-comunidad-de-madrid","11":"tag-es","12":"tag-espana","13":"tag-featured-news","14":"tag-featurednews","15":"tag-headlines","16":"tag-isabel-diaz-ayuso","17":"tag-latest-news","18":"tag-latestnews","19":"tag-news","20":"tag-noticias","21":"tag-noticias-destacadas","22":"tag-noticiasdestacadas","23":"tag-pedro-sanchez","24":"tag-privatizacion-sanidad","25":"tag-ribera-salud","26":"tag-sanidad","27":"tag-sanidad-privada","28":"tag-sanidad-publica","29":"tag-sociedad","30":"tag-spain","31":"tag-titulares","32":"tag-torrejon-de-ardoz","33":"tag-ultimas-noticias","34":"tag-ultimasnoticias"},"share_on_mastodon":{"url":"","error":"Validation failed: Text character limit of 500 exceeded"},"_links":{"self":[{"href":"https:\/\/www.europesays.com\/es\/wp-json\/wp\/v2\/posts\/269675","targetHints":{"allow":["GET"]}}],"collection":[{"href":"https:\/\/www.europesays.com\/es\/wp-json\/wp\/v2\/posts"}],"about":[{"href":"https:\/\/www.europesays.com\/es\/wp-json\/wp\/v2\/types\/post"}],"author":[{"embeddable":true,"href":"https:\/\/www.europesays.com\/es\/wp-json\/wp\/v2\/users\/2"}],"replies":[{"embeddable":true,"href":"https:\/\/www.europesays.com\/es\/wp-json\/wp\/v2\/comments?post=269675"}],"version-history":[{"count":0,"href":"https:\/\/www.europesays.com\/es\/wp-json\/wp\/v2\/posts\/269675\/revisions"}],"wp:featuredmedia":[{"embeddable":true,"href":"https:\/\/www.europesays.com\/es\/wp-json\/wp\/v2\/media\/269676"}],"wp:attachment":[{"href":"https:\/\/www.europesays.com\/es\/wp-json\/wp\/v2\/media?parent=269675"}],"wp:term":[{"taxonomy":"category","embeddable":true,"href":"https:\/\/www.europesays.com\/es\/wp-json\/wp\/v2\/categories?post=269675"},{"taxonomy":"post_tag","embeddable":true,"href":"https:\/\/www.europesays.com\/es\/wp-json\/wp\/v2\/tags?post=269675"}],"curies":[{"name":"wp","href":"https:\/\/api.w.org\/{rel}","templated":true}]}}