{"id":269687,"date":"2025-12-03T21:54:17","date_gmt":"2025-12-03T21:54:17","guid":{"rendered":"https:\/\/www.europesays.com\/es\/269687\/"},"modified":"2025-12-03T21:54:17","modified_gmt":"2025-12-03T21:54:17","slug":"angel-llacer-se-sincera-tras-casi-perder-la-pierna-a-causa-de-una-infeccion-vi-a-la-muerte","status":"publish","type":"post","link":"https:\/\/www.europesays.com\/es\/269687\/","title":{"rendered":"\u00c1ngel Ll\u00e0cer se sincera tras casi perder la pierna a causa de una infecci\u00f3n: \u00abVi a la muerte\u00bb"},"content":{"rendered":"<p>Son fechas en las que se acostumbra a leer o escuchar las impactantes declaraciones de algunos de los rostros m\u00e1s conocidos de nuestro pa\u00eds. <strong>A puertas de recibir al 2026<\/strong>, algunos de ellos ya han hablado de c\u00f3mo se preparan para dar la bienvenida al nuevo a\u00f1o y c\u00f3mo se deshacen de los tragos amargos que, a veces, la vida les pone delante. Si no, que se lo digan a Lydia Lozano con su a\u00f1o horribilis <strong><a href=\"https:\/\/www.lecturas.com\/actualidad\/entorno-lydia-lozano-muy-preocupado-tras-ultimos-avances-estado-salud-su-marido_185163\" rel=\"nofollow noopener\" target=\"_blank\">enfrentando las complicadas circunstancias que atraviesa su marido Charly.<\/a><\/strong><\/p>\n<p><strong>Aunque hay muchos m\u00e1s.<\/strong> Uno de los miembros m\u00e1s queridos del jurado de &#8216;Tu cara me suena&#8217;,\u00a0 <strong>\u00c1ngel Ll\u00e1cer (51 a\u00f1os) <\/strong>ha posado frente a los medios este pasado s\u00e1bado en un evento de <strong>Atresmedia<\/strong> en L<strong>as Palmas de Gran Canaria<\/strong>. Una presentaci\u00f3n que no ha querido dejar escapar para <strong>sincerarse y contar<\/strong> todo lo que ha llevado arrastrando desde abril de 2024.\u00a0<\/p>\n<p>Y es que, para el c\u00f3mico, el a\u00f1o pasado fue uno de los <strong>peores de su existencia.<\/strong> Tal vez, porque habr\u00eda podido ser el \u00faltimo: <strong>una peligrosa infecci\u00f3n<\/strong> a ra\u00edz de una bacteria le hizo temer por su vida. Hecho que le llev\u00f3 a ser ingresado durante 14 d\u00edas en la Unidad de Cuidados Intensivos y a ser sometido a <strong>cuatro intensas operaciones.\u00a0<\/strong><\/p>\n<p>La muerte, al otro lado<img loading=\"lazy\" decoding=\"async\"   src=\"https:\/\/www.europesays.com\/es\/wp-content\/uploads\/2025\/12\/angel-llacer_d8090003_251203200509_1200x800.webp.webp\" alt=\"\u00c1ngel Llacer\" class=\"lazyload\" width=\"1200\" height=\"800\" data-aspectratio=\"1200\/800\"\/><\/p>\n<p>Para \u00c1ngel Ll\u00e0cer no hay que no se pueda afrontar con humor, a pesar de las duras adversidades de la vida.<\/p>\n<p>&#13;GTRES<\/p>\n<p>El actor y director de teatro ha asegurado ante los medios de Atresmedia que tras vivir <strong>\u00abun a\u00f1o y medio complicado porque he estado muy enfermo\u00bb<\/strong>, se ha planteado cu\u00e1les son las verdaderas cosas por las que merece vivir: \u00abAhora estoy m\u00e1s tranquilo, m\u00e1s relajado, <strong>m\u00e1s dispuesto a hablar con la gente\u00bb<\/strong>.<\/p>\n<p><img decoding=\"async\" src=\"https:\/\/www.europesays.com\/es\/wp-content\/uploads\/2025\/12\/kate-y-guillermo_04626fb8_251203221212_800x800.webp.webp\" alt=\"Kate y Guillermo\" class=\"image lazyload\"\/><img loading=\"lazy\" decoding=\"async\" src=\"https:\/\/www.europesays.com\/es\/wp-content\/uploads\/2025\/12\/kate-y-guillermo_04626fb8_251203221223_1280x720.webp.webp\" alt=\"Kate Middleton, impresionante, se transforma en Frozen: estrena la ic\u00f3nica tiara oriental y arrasa con un vestido con capa plagado de lentejuelas\" class=\"image lazyload\" width=\"1280\" height=\"720\" data-aspectratio=\"1280\/720\"\/><\/p>\n<p>Seg\u00fan ha querido a\u00f1adir, se encuentra mucho m\u00e1s cari\u00f1oso con aquellas personas que le rodean.\u00a0Una serie de circunstancias que, al final, <strong>consiguen plantear qu\u00e9 es lo verdaderamente importante de la vida.<\/strong>\u00a0Adem\u00e1s, ahora solo se centra en el \u00abaqu\u00ed y ahora\u00bb: <strong>\u00abNo me estreso por las cosas que vendr\u00e1n\u00bb<\/strong>, ha confesado. <\/p>\n<p>Sin duda, ver a la muerte tocar a tu ventana se ha convertido para \u00e9l en un acontecimiento que ha provocado que disfrute <strong>m\u00e1s pl\u00e1cidamente <\/strong>de cada bocado de la vida, <strong>sin temer por lo que vendr\u00e1<\/strong> o por lo que se vive en el momento: <strong>\u00abTuve que aprender a andar y mi \u00fanico objetivo era poner un pie delante del otro\u201d<\/strong>, ha sentenciado el showman televisivo.\u00a0<\/p>\n<p>Y no solo de experiencias malas se crean recuerdos angustiosos. Para Ll\u00e0cer, esta experiencia ha conseguido convertirse en <strong>un lema vital:<\/strong> \u00abAhora voy mucho m\u00e1s tranquilo y<strong> las cosas<\/strong><strong>ya no me aturullan\u00bb<\/strong>, ha relatado.\u00a0<\/p>\n<p>El humor frente al p\u00e1nico\u00a0<\/p>\n<p>\u00a0<\/p>\n<p><img loading=\"lazy\" decoding=\"async\"   src=\"https:\/\/www.europesays.com\/es\/wp-content\/uploads\/2025\/12\/angel-llacer_52cd5549_251203201057_1200x800.webp.webp\" alt=\"\u00c1NGEL LLACER\" class=\"lazyload\" width=\"1200\" height=\"800\" data-aspectratio=\"1200\/800\"\/><\/p>\n<p>El c\u00f3mico ha decidido no regocijarse en la tristeza ni en la pena, a pesar de todo.\u00a0<\/p>\n<p>&#13;GTRES<\/p>\n<p><strong>Acongojado y visiblemente emocionado<\/strong>, Ll\u00e0cer ha confesado que <strong>vio a la muerte muy de cerca.<\/strong> Casi como si la hubiera tenido al lado cada minuto: <strong>\u00abClaro que la vi&#8230; y le dije hola&#8230;! Y tambi\u00e9n le dije\u00a0 \u00a1adi\u00f3s&#8230;!\u00bb. <\/strong>Adem\u00e1s,<strong>\u00a0<\/strong>ha confesado que el momento de casi morir fue traum\u00e1tico para \u00e9l, pero que <strong>mucho m\u00e1s duro<\/strong> fue el proceso a posteriori en el que deb\u00eda recuperarse.\u00a0<\/p>\n<p>Pero esto \u00faltimo, para el catal\u00e1n, <strong>no ha sido impedimento<\/strong> para anclarse en el pasado, ni rebozarse en la tragedia: \u00ab<strong>Al contrario, siempre es como, venga, &#8216;adelante&#8217;<\/strong><strong>y eso me ha ense\u00f1ado que soy bastante fuerte, la verdad\u00bb<\/strong>, ha dicho el tambi\u00e9n presentador.\u00a0<\/p>\n<p>Ahora, <strong>solo queda mirar el futuro<\/strong> y todo lo que le pueda deparar. Por ello, su respuesta a la pregunta de cu\u00e1l es su deseo para el pr\u00f3ximo nuevo a\u00f1o, ha sido \u00absalud, yo ahora siempre pido salud. Al 2026, 27, 28, 29&#8230;. les pido lo mismo.\u00a0<strong data-gid=\"eOjslRcib5x\">Salud, tranquilidad y amor<\/strong>. Es que <strong>no hay nada mejor que estar con tus seres queridos<\/strong>, hacer las cosas que te interesen y disfrutar con los proyectos\u00bb, sentenciando que ese <strong>\u00abes el mayor \u00e9xito de todos\u00bb.\u00a0<\/strong><\/p>\n<p>Un viaje a Vietnam: el inicio de todo<img loading=\"lazy\" decoding=\"async\"   src=\"https:\/\/www.europesays.com\/es\/wp-content\/uploads\/2025\/12\/angel-llacer_9976adde_251203200848_1200x800.webp.webp\" alt=\"\u00c1ngel Ll\u00e0cer\" class=\"lazyload\" width=\"1200\" height=\"800\" data-aspectratio=\"1200\/800\"\/><\/p>\n<p>Motos y Ll\u00e0cer conversaron tras en &#8216;El Hormiguero&#8217; tras la enfermedad del c\u00f3mico.\u00a0<\/p>\n<p>&#13;GTRES<\/p>\n<p>Seg\u00fan le cont\u00f3 el actor y director de teatro a Pablo Motos en &#8216;El Hormiguero&#8217;, viaj\u00f3 hasta el pa\u00eds asi\u00e1tico el pasado a\u00f1o, y como cualquier viajero, <strong>consumi\u00f3 el agua y los alimentos t\u00edpicos<\/strong> del lugar que se visita. Aunque, en esta ocasi\u00f3n, el catal\u00e1n <strong>no lo hizo siguiendo las recomendaciones m\u00e9dicas<\/strong> oportunas.\u00a0<\/p>\n<p>Es en aquel instante cuando Ll\u00e1cer comienza a sufrir <strong>una serie de v\u00f3mitos y diarreas<\/strong> que le impidieron continuar su traves\u00eda con total normalidad, por lo que <strong>fue ingresado de inmediato <\/strong>en un hospital de Bangkok. All\u00ed le dieron el diagn\u00f3stico de lo que ser\u00eda el principio de una historia que, el c\u00f3mico, casi no llegar\u00eda a contar: <strong>la bacteria Shigella<\/strong>.\u00a0<\/p>\n<p>Gracias a los antibi\u00f3ticos que le proporcionaron, el catal\u00e1n pudo terminar su viaje y regresar a Madrid para continuar sus proyectos. En la capital, <strong>volvi\u00f3 a encontrarse mal <\/strong>y fue ingresado nuevamente a causa de <strong>\u00abuna shigelosis\u00bb<\/strong>, una <strong>inflamaci\u00f3n en el col\u00f3n<\/strong> que le llev\u00f3 a estar encamado <strong>10 d\u00edas<\/strong>. Poco despu\u00e9s, comenz\u00f3 las grabaciones de &#8216;Tu cara me suena&#8217;, momento en el que <strong>una de sus piernas empez\u00f3 a dolerle<\/strong>. Es en aquel entonces cuando el artista tuvo una premonici\u00f3n de lo m\u00e1s aterradora: <strong>\u00abPensaba que esa semana iba a morirme\u00bb.\u00a0<\/strong><\/p>\n<p>Tres d\u00edas despu\u00e9s, y<strong> \u00abcon un dolor insoportable con el que no pod\u00eda m\u00e1s\u00bb<\/strong>, Ll\u00e0cer tuvo que acudir una vez m\u00e1s al hospital. All\u00ed una enfermera le sugiri\u00f3 <strong>abrir la pierna<\/strong> inmediatamente porque \u00abestaba muy roja\u00bb.\u00a0<\/p>\n<p>Fascitis necrosante\u00a0<\/p>\n<p>Y menos mal que as\u00ed fue. \u00c1ngel sufr\u00eda de una <strong>fascitis necrosante<\/strong>, una<strong> infecci\u00f3n potencialmente peligrosa<\/strong> si no se aborda a tiempo. Una operaci\u00f3n que era de vida o muerte. <strong>Cuatro<\/strong> fueron las veces que los m\u00e9dicos tuvieron que intervenirle: <strong>\u00abEn la primera me quitaron el 30-40% del gemelo. Pero yo ten\u00eda la muerte instalada conmigo, la notaba al lado como el mono Amedio de Marco.<\/strong> Yo sab\u00eda que eso no hab\u00eda acabado\u00bb, confes\u00f3 a Motos.\u00a0<\/p>\n<p>El catal\u00e1n a\u00f1adi\u00f3 que, incluso, lleg\u00f3 a pensar en <strong>querer despedirse de sus seres m\u00e1s queridos<\/strong>, pero que una duda le asalt\u00f3 en su cabeza: <strong>\u00ab\u00bfC\u00f3mo te despides de tus padres?\u00bb<\/strong>, pens\u00f3 en medio de la tragedia. Y es que, si la infecci\u00f3n hubiera empezado por otro lugar del cuerpo, la suerte con la que hoy corre no hubiera sido la misma: \u00abEl domingo por la noche me operaron y <strong>lo primero que hice al despertar fue comprobar si estaba la pierna.<\/strong> El martes, de golpe, me conecto a la vida, como una cosa de ciencia ficci\u00f3n. <strong>Dije \u00abtranquilos&#8230; \u00a1Que ya no me muero!\u00bb<\/strong>\u00ab.\u00a0<\/p>\n<p>Adem\u00e1s, sigui\u00f3 contando que sufri\u00f3 dos operaciones m\u00e1s y permaneci\u00f3 otros 15 d\u00edas en la UCI. D\u00edas en los que afortunadamente <strong>el miedo ya hab\u00eda desaparecido<\/strong> de su cuerpo, pero no la idea de que, muchas veces, <strong>la muerte est\u00e1 en cada esquina esperando.\u00a0<\/strong><\/p>\n<p>\u00a0<\/p>\n<p>\u00a0<\/p>\n","protected":false},"excerpt":{"rendered":"Son fechas en las que se acostumbra a leer o escuchar las impactantes declaraciones de algunos de los&hellip;\n","protected":false},"author":2,"featured_media":269688,"comment_status":"","ping_status":"","sticky":false,"template":"","format":"standard","meta":{"footnotes":""},"categories":[174],"tags":[255,146,147,25,24,256,23],"class_list":{"0":"post-269687","1":"post","2":"type-post","3":"status-publish","4":"format-standard","5":"has-post-thumbnail","7":"category-famosos","8":"tag-celebrities","9":"tag-entertainment","10":"tag-entretenimiento","11":"tag-es","12":"tag-espana","13":"tag-famosos","14":"tag-spain"},"share_on_mastodon":{"url":"https:\/\/pubeurope.com\/@es\/115657865383057562","error":""},"_links":{"self":[{"href":"https:\/\/www.europesays.com\/es\/wp-json\/wp\/v2\/posts\/269687","targetHints":{"allow":["GET"]}}],"collection":[{"href":"https:\/\/www.europesays.com\/es\/wp-json\/wp\/v2\/posts"}],"about":[{"href":"https:\/\/www.europesays.com\/es\/wp-json\/wp\/v2\/types\/post"}],"author":[{"embeddable":true,"href":"https:\/\/www.europesays.com\/es\/wp-json\/wp\/v2\/users\/2"}],"replies":[{"embeddable":true,"href":"https:\/\/www.europesays.com\/es\/wp-json\/wp\/v2\/comments?post=269687"}],"version-history":[{"count":0,"href":"https:\/\/www.europesays.com\/es\/wp-json\/wp\/v2\/posts\/269687\/revisions"}],"wp:featuredmedia":[{"embeddable":true,"href":"https:\/\/www.europesays.com\/es\/wp-json\/wp\/v2\/media\/269688"}],"wp:attachment":[{"href":"https:\/\/www.europesays.com\/es\/wp-json\/wp\/v2\/media?parent=269687"}],"wp:term":[{"taxonomy":"category","embeddable":true,"href":"https:\/\/www.europesays.com\/es\/wp-json\/wp\/v2\/categories?post=269687"},{"taxonomy":"post_tag","embeddable":true,"href":"https:\/\/www.europesays.com\/es\/wp-json\/wp\/v2\/tags?post=269687"}],"curies":[{"name":"wp","href":"https:\/\/api.w.org\/{rel}","templated":true}]}}