{"id":269716,"date":"2025-12-03T22:16:09","date_gmt":"2025-12-03T22:16:09","guid":{"rendered":"https:\/\/www.europesays.com\/es\/269716\/"},"modified":"2025-12-03T22:16:09","modified_gmt":"2025-12-03T22:16:09","slug":"el-albacete-vuelve-a-perder-otro-envite-legal-y-tiene-que-pagar-75-000-euros-por-manu-fuster","status":"publish","type":"post","link":"https:\/\/www.europesays.com\/es\/269716\/","title":{"rendered":"El Albacete vuelve a perder otro envite legal y tiene que pagar 75.000 euros por Manu Fuster"},"content":{"rendered":"<p>Decir que defenderse no es lo que mejor se le da al Albacete Balompi\u00e9 de Alberto Gonz\u00e1lez no es nada nuevo, y como muestra un bot\u00f3n: los blancos son el equipo m\u00e1s goleado de la Liga Hypermotion. Donde tampoco se defiende nada bien el club blanco es cuando hay abogados de por medio, pues \u00faltimamente, cada vez que tienen que intervenir los letrados, <a href=\"https:\/\/www.eldigitaldealbacete.com\/2025\/01\/17\/varapalo-judicial-a-la-propiedad-del-albacete-balompie-ante-su-demanda-judicial-a-periodistas\/\" rel=\"nofollow noopener\" target=\"_blank\">al Alba le toca palmatoria<\/a>. El \u00faltimo caso en conocerse ha sido por Manu Fuster, pues los blancos quer\u00edan ahorrarse 75.000 euros y los abogados del CD Guijuelo le habr\u00edan ganado el pulso al club blanco, seg\u00fan firma el compa\u00f1ero Iv\u00e1n Ramajo en La Gaceta de Salamanca.<\/p>\n<p>As\u00ed las cosas, siete a\u00f1os despu\u00e9s de marcharse Manu Fuster del CD Guijuelo al hist\u00f3rico Carlos Belmonte de Albacete, el de Manises (Valencia) contin\u00faa generando buenas noticias para el club chacinero\u2026 aunque ahora lo haga desde la distancia.<\/p>\n<p>LaLiga de Tebas no le da la raz\u00f3n al Albacete<\/p>\n<p>Tal y como ha avanzado el compa\u00f1ero Iv\u00e1n Ramajo en La Gaceta de Salamanca, el CD Guijuelo habr\u00eda ganado un litigio al Albacete Balompi\u00e9 ante LaLiga \u2014la vista se celebr\u00f3 en la sede madrile\u00f1a del organismo que preside Javier Tebas\u2014 y ha logrado cobrar el 5% del traspaso que el conjunto manchego pact\u00f3 con la UD Las Palmas en el verano de 2024 por el mediapunta valenciano. Ese porcentaje se ha abonado al Guijuelo en dos plazos.<\/p>\n<p>La operaci\u00f3n entre el club insular, que la pasada temporada compiti\u00f3 en Primera Divisi\u00f3n, y el Albacete se cifr\u00f3 en 1\u20195 millones de euros, una cantidad que no se hizo p\u00fablica en su momento en la nota oficial del traspaso. De esa suma, 75.000 euros han terminado en las arcas del CD Guijuelo, tal y como recog\u00eda el contrato firmado en julio de 2019 entre ambos clubes. Aquel acuerdo permiti\u00f3 al Albacete evitar el pago de los 200.000 euros de la cl\u00e1usula de rescisi\u00f3n estipulada entonces para sacar a Fuster del Estadio Luis Ramos de la localidad salmantina.<\/p>\n<p>La renovaci\u00f3n de Fuster, a lo que se aferraba el Albacete<\/p>\n<p>Aunque el documento parec\u00eda no dejar lugar a dudas, el Guijuelo ha tenido que esperar hasta ahora para ver ese dinero. Seg\u00fan firma Ramajo y as\u00ed ha podido confirmar El Digital de Albacete, el Albacete trat\u00f3 de esquivar el pago esgrimiendo una interpretaci\u00f3n distinta de lo firmado. El club salmantino intent\u00f3 resolver el asunto de forma amistosa \u2014como ya hab\u00eda sucedido con otros pagos por objetivos, como el debut en Segunda o la participaci\u00f3n en Primera\u2014, pero esta vez la entidad manchega deriv\u00f3 el conflicto a los servicios jur\u00eddicos, con LaLiga actuando como \u00e1rbitro. El quid de la cuesti\u00f3n para el Albacete, y lo que alegaban los blancos para ahorrarse esos 75.000 euros, era que entend\u00edan que tras extender el contrato de Manu Fuster tiempo despu\u00e9s de su llegada, el contrato era nuevo y, por tanto, dejaba sin efecto la cl\u00e1usula que alegaba el Guijuelo. Finalmente, los salmantinos se han llevado el gato al agua tras la interpretaci\u00f3n por parte de LaLiga de lo firmado en su momento.<\/p>\n<p>Pese a que, por historia y dimensi\u00f3n de ambos clubes, el pulso no parec\u00eda sencillo, la direcci\u00f3n general del CD Guijuelo \u2014cargo que ocupa Emilio S\u00e1nchez desde junio de 2022\u2014 decidi\u00f3 ir hasta el final y reclamar lo que consideraba suyo. Un a\u00f1o despu\u00e9s, la resoluci\u00f3n de LaLiga dio la raz\u00f3n al club chacinero: \u00abAl Guijuelo le corresponde ese 5%\u00bb.<\/p>\n<p>Defenderse no es lo que mejor se le da al Albacete<\/p>\n<p>El dinero extra ya tiene uso asignado en el club chacinero. No se destinar\u00e1 a reforzar la plantilla actual ni a proyectos deportivos futuros, sino que se ha empleado directamente en saldar deudas pendientes.<\/p>\n<p>M\u00e1s all\u00e1 de lo llamativo del caso que adelantaba <a href=\"https:\/\/www.lagacetadesalamanca.es\/deportes\/futbol-local\/guijuelo-gana-albacete-75000-euros-traves-laliga-20251202072500-nt.html?ref=https%3A%2F%2Fwww.lagacetadesalamanca.es%2Fdeportes%2Ffutbol-local%2Fguijuelo-gana-albacete-75000-euros-traves-laliga-20251202072500-nt.html\" rel=\"nofollow noopener\" target=\"_blank\">Iv\u00e1n Ramajo en La Gaceta de Salamanca<\/a>, este nuevo ingreso confirma a Manu Fuster como el futbolista m\u00e1s rentable de la historia del CD Guijuelo en m\u00e1s de medio siglo de vida. Y que el Albacete se defiende luego a luego peor cuando hay abogados de por medio que sobre el terreno de juego. Y ya es decir\u2026<\/p>\n","protected":false},"excerpt":{"rendered":"Decir que defenderse no es lo que mejor se le da al Albacete Balompi\u00e9 de Alberto Gonz\u00e1lez no&hellip;\n","protected":false},"author":2,"featured_media":269717,"comment_status":"","ping_status":"","sticky":false,"template":"","format":"standard","meta":{"footnotes":""},"categories":[268],"tags":[2545,168,25,24,280,282,281,23,167],"class_list":{"0":"post-269716","1":"post","2":"type-post","3":"status-publish","4":"format-standard","5":"has-post-thumbnail","7":"category-futbol","8":"tag-albacete","9":"tag-deportes","10":"tag-es","11":"tag-espana","12":"tag-football","13":"tag-futbol","14":"tag-soccer","15":"tag-spain","16":"tag-sports"},"share_on_mastodon":{"url":"https:\/\/pubeurope.com\/@es\/115657951599918557","error":""},"_links":{"self":[{"href":"https:\/\/www.europesays.com\/es\/wp-json\/wp\/v2\/posts\/269716","targetHints":{"allow":["GET"]}}],"collection":[{"href":"https:\/\/www.europesays.com\/es\/wp-json\/wp\/v2\/posts"}],"about":[{"href":"https:\/\/www.europesays.com\/es\/wp-json\/wp\/v2\/types\/post"}],"author":[{"embeddable":true,"href":"https:\/\/www.europesays.com\/es\/wp-json\/wp\/v2\/users\/2"}],"replies":[{"embeddable":true,"href":"https:\/\/www.europesays.com\/es\/wp-json\/wp\/v2\/comments?post=269716"}],"version-history":[{"count":0,"href":"https:\/\/www.europesays.com\/es\/wp-json\/wp\/v2\/posts\/269716\/revisions"}],"wp:featuredmedia":[{"embeddable":true,"href":"https:\/\/www.europesays.com\/es\/wp-json\/wp\/v2\/media\/269717"}],"wp:attachment":[{"href":"https:\/\/www.europesays.com\/es\/wp-json\/wp\/v2\/media?parent=269716"}],"wp:term":[{"taxonomy":"category","embeddable":true,"href":"https:\/\/www.europesays.com\/es\/wp-json\/wp\/v2\/categories?post=269716"},{"taxonomy":"post_tag","embeddable":true,"href":"https:\/\/www.europesays.com\/es\/wp-json\/wp\/v2\/tags?post=269716"}],"curies":[{"name":"wp","href":"https:\/\/api.w.org\/{rel}","templated":true}]}}