{"id":269718,"date":"2025-12-03T22:17:14","date_gmt":"2025-12-03T22:17:14","guid":{"rendered":"https:\/\/www.europesays.com\/es\/269718\/"},"modified":"2025-12-03T22:17:14","modified_gmt":"2025-12-03T22:17:14","slug":"rosanna-zanetti-se-sincera-sobre-la-enfermedad-del-padre-de-david-bisbal-lo-tengo-normalizado","status":"publish","type":"post","link":"https:\/\/www.europesays.com\/es\/269718\/","title":{"rendered":"Rosanna Zanetti se sincera sobre la enfermedad del padre de David Bisbal: \u201cLo tengo normalizado\u201d"},"content":{"rendered":"<p class=\"\">Rosanna Zanetti ha aprovechado su reaparici\u00f3n p\u00fablica en un reciente <b>evento navide\u00f1o de la marca GHD <\/b>para compartir <b>detalles<\/b> de su vida personal y hablar abiertamente sobre la familia de su marido, David Bisbal. Entre los temas tratados, la modelo se refiri\u00f3 a la <b>salud del padre del cantante<\/b>, que padece Alzheimer.<\/p>\n<p class=\"\"><b>\u201cPara el p\u00fablico ha sido quiz\u00e1s un poco impactante,<\/b> pero por lo menos yo lo tengo normalizado desde que conozco a Pepe, que ya son siete a\u00f1os, casi ocho\u201d, explic\u00f3 Zanetti. La modelo a\u00f1adi\u00f3 que el padre de Bisbal <b>\u201cya estaba malito desde hace mucho tiempo\u201d, <\/b>pero que no se hab\u00eda hablado del tema, por lo tanto, para el p\u00fablico era algo casi desconocido, mientras que la familia llevaba <b>a\u00f1os<\/b> ya cargando con ello. <\/p>\n<p class=\"\">Adem\u00e1s, Rosanna aprovech\u00f3 para expresar su <b>admiraci\u00f3n por David Bisbal,<\/b> destacando su <b>dedicaci\u00f3n y profesionalismo:<\/b> \u201cLo admiro un mont\u00f3n porque s\u00e9 lo mucho que trabaja, lo que se prepara\u201d, afirm\u00f3, dejando entrever la profunda conexi\u00f3n y respeto que siente por su marido.<\/p>\n<p class=\"\">La intervenci\u00f3n de la modelo pone de relieve no solo su <b>cercan\u00eda<\/b> con la <b>familia<\/b> de Bisbal, sino tambi\u00e9n su <b>capacidad<\/b> para abordar este tipo de <b>cuestiones personales <\/b>con <b>naturalidad<\/b>. Su declaraci\u00f3n ha sido recibida con comprensi\u00f3n por parte del p\u00fablico, quienes valoran la <b>franqueza<\/b> de la modelo al hablar sobre temas delicados como la enfermedad de un familiar cercano.<\/p>\n<p>Noticias relacionadas<a href=\"https:\/\/as.com\/tikitakas\/gastronomia\/david-bisbal-vs-rosanna-zanetti-la-tortilla-de-patata-enfrenta-a-una-de-las-parejas-de-moda-n\/\" class=\"s_m_w\" title=\"El artista almeriense protagoniza un llamativo desencuentro con su mujer por una de las recetas con m\u00e1s historia de nuestro pa\u00eds. \" data-tb-link=\"\" rel=\"nofollow noopener\" target=\"_blank\"><img decoding=\"async\" src=\"https:\/\/www.europesays.com\/es\/wp-content\/uploads\/2025\/12\/7TZU75WKUHFD5TWAX5VK5YN7TU.JPG\" alt=\"David Bisbal vs. Rosanna Zanetti: la tortilla de patata \u2018enfrenta\u2019 a una de las parejas de moda \" class=\"\" height=\"9\" width=\"16\"   loading=\"lazy\" data-tb-thumbnail=\"\"\/><\/a><a href=\"https:\/\/as.com\/tikitakas\/virales\/una-tortilla-de-patatas-enfrenta-a-david-bisbal-y-rosanna-zanetti-lo-siento-amor-n\/\" class=\"s_m_w\" title=\"El cantante almeriense protagoniza un divertido desencuentro con su mujer y al que se suma tambi\u00e9n Lola Lolita. \" data-tb-link=\"\" rel=\"nofollow noopener\" target=\"_blank\"><img decoding=\"async\" src=\"https:\/\/www.europesays.com\/es\/wp-content\/uploads\/2025\/12\/VXUK4BLWUVAO5HIB3ZGBWQLT6M.png\" alt=\"Una tortilla de patatas \u2018enfrenta\u2019 a Rosanna Zanetti y David Bisbal: \u201cLo siento, amor\u201d\" class=\"\" height=\"9\" width=\"16\"   loading=\"lazy\" data-tb-thumbnail=\"\"\/><\/a><\/p>\n<p class=\"\">Con cada aparici\u00f3n p\u00fablica, Rosanna Zanetti demuestra no solo su <b>elegancia<\/b> y carisma, sino tambi\u00e9n la <b>estabilidad y complicidad<\/b> que mantiene con David Bisbal, consolidando su imagen como una pareja muy unida frente a la opini\u00f3n p\u00fablica.<\/p>\n<p class=\"\"><b>\u00a1Tus opiniones importan!<\/b> Comenta en los art\u00edculos y suscr\u00edbete gratis a nuestra <a href=\"https:\/\/asfan.as.com\/newsletters\/\" target=\"_blank\" rel=\"nofollow noopener\" title=\"https:\/\/asfan.as.com\/newsletters\/\">newsletter<\/a> y a las alertas informativas en la <a href=\"https:\/\/as.com\/aplicacion-de-as-n\/\" target=\"_blank\" rel=\"nofollow noopener\" title=\"https:\/\/as.com\/aplicacion-de-as-n\/\">App<\/a> o el canal de <a href=\"https:\/\/www.whatsapp.com\/channel\/0029VaAasdA7j6g745nz9M10\" target=\"_blank\" rel=\"nofollow noopener\" title=\"https:\/\/www.whatsapp.com\/channel\/0029VaAasdA7j6g745nz9M10\">WhatsApp<\/a>. \u00bfBuscas licenciar contenido? Haz clic <a href=\"https:\/\/profesional.elpais.com\/soluciones-sindicacion?utm_medium=interno&amp;utm_source=crosslinking&amp;utm_campaign=sindicacion_as_pie_articulos\" target=\"_blank\" rel=\"nofollow noopener\" title=\"https:\/\/profesional.elpais.com\/soluciones-sindicacion?utm_medium=interno&amp;utm_source=crosslinking&amp;utm_campaign=sindicacion_as_pie_articulos\">aqu\u00ed<\/a><\/p>\n","protected":false},"excerpt":{"rendered":"Rosanna Zanetti ha aprovechado su reaparici\u00f3n p\u00fablica en un reciente evento navide\u00f1o de la marca GHD para compartir&hellip;\n","protected":false},"author":2,"featured_media":269719,"comment_status":"","ping_status":"","sticky":false,"template":"","format":"standard","meta":{"footnotes":""},"categories":[174],"tags":[255,146,147,25,24,256,23],"class_list":{"0":"post-269718","1":"post","2":"type-post","3":"status-publish","4":"format-standard","5":"has-post-thumbnail","7":"category-famosos","8":"tag-celebrities","9":"tag-entertainment","10":"tag-entretenimiento","11":"tag-es","12":"tag-espana","13":"tag-famosos","14":"tag-spain"},"share_on_mastodon":{"url":"https:\/\/pubeurope.com\/@es\/115657955702493970","error":""},"_links":{"self":[{"href":"https:\/\/www.europesays.com\/es\/wp-json\/wp\/v2\/posts\/269718","targetHints":{"allow":["GET"]}}],"collection":[{"href":"https:\/\/www.europesays.com\/es\/wp-json\/wp\/v2\/posts"}],"about":[{"href":"https:\/\/www.europesays.com\/es\/wp-json\/wp\/v2\/types\/post"}],"author":[{"embeddable":true,"href":"https:\/\/www.europesays.com\/es\/wp-json\/wp\/v2\/users\/2"}],"replies":[{"embeddable":true,"href":"https:\/\/www.europesays.com\/es\/wp-json\/wp\/v2\/comments?post=269718"}],"version-history":[{"count":0,"href":"https:\/\/www.europesays.com\/es\/wp-json\/wp\/v2\/posts\/269718\/revisions"}],"wp:featuredmedia":[{"embeddable":true,"href":"https:\/\/www.europesays.com\/es\/wp-json\/wp\/v2\/media\/269719"}],"wp:attachment":[{"href":"https:\/\/www.europesays.com\/es\/wp-json\/wp\/v2\/media?parent=269718"}],"wp:term":[{"taxonomy":"category","embeddable":true,"href":"https:\/\/www.europesays.com\/es\/wp-json\/wp\/v2\/categories?post=269718"},{"taxonomy":"post_tag","embeddable":true,"href":"https:\/\/www.europesays.com\/es\/wp-json\/wp\/v2\/tags?post=269718"}],"curies":[{"name":"wp","href":"https:\/\/api.w.org\/{rel}","templated":true}]}}