{"id":269720,"date":"2025-12-03T22:18:10","date_gmt":"2025-12-03T22:18:10","guid":{"rendered":"https:\/\/www.europesays.com\/es\/269720\/"},"modified":"2025-12-03T22:18:10","modified_gmt":"2025-12-03T22:18:10","slug":"descubre-la-exposicion-picasso-memoria-y-deseo-experiencias-el-pais-para-suscriptores","status":"publish","type":"post","link":"https:\/\/www.europesays.com\/es\/269720\/","title":{"rendered":"Descubre la exposici\u00f3n \u2018Picasso Memoria y Deseo\u2019 | Experiencias EL PA\u00cdS + para suscriptores"},"content":{"rendered":"<p><img fetchpriority=\"high\" decoding=\"auto\" class=\"_re  a_m-h\" height=\"276\"  width=\"414\"  src=\"https:\/\/www.europesays.com\/es\/wp-content\/uploads\/2025\/12\/MQJWMORRKRGX5NHDV7FS4A3GA4.jpg\" loading=\"eager\"\/>MALAGA-Exposici\u00f3n Picasso Memoria y Deseo. Del 14 noviembre 2025 al 12 abril 2026. Museo Picasso M\u00e1laga.&#13;\u00a9 MUSEO PICASSO M\u00c1LAGAjesusdominguez.com<\/p>\n<p class=\"\">El Museo Picasso de M\u00e1laga presenta <b>Picasso Memoria y Deseo,<\/b> una muestra que explora la compleja relaci\u00f3n entre las im\u00e1genes y las derivas del sujeto moderno a trav\u00e9s de la obra de Picasso y sus contempor\u00e1neos.<\/p>\n<p class=\"\">Por ser suscriptor, puedes disfrutarla a trav\u00e9s de una <b>visita guiada exclusiva<\/b>, que tendr\u00e1 lugar el <b>lunes 15 de diciembre. <\/b>\u00a1Participa para conseguir una de las 10 invitaciones dobles que hemos reservado para esta experiencia!<\/p>\n<p><b>Sobre la colecci\u00f3n<\/b><\/p>\n<p class=\"\">Picasso Memoria y deseo, parte de una obra realizada por el artista en 1925:<b> Estudio con cabeza de yeso<\/b>. En sinergia con la atm\u00f3sfera surrealista, esta obra muestra que una \u00e9poca no es un universo mental fijo sino una articulaci\u00f3n compleja de tiempos, referencias culturales y experiencias vitales.<\/p>\n<p class=\"\">La exposici\u00f3n re\u00fane obras de figuras clave del arte del siglo XX como Giorgio de Chirico, Fernand L\u00e9ger, Jean Cocteau, Man Ray o Ren\u00e9 Magritte, adem\u00e1s de recoger la interpretaci\u00f3n que Salvador Dal\u00ed y Federico Garc\u00eda Lorca hicieron de la citada obra de Picasso.<\/p>\n<p class=\"\">Un fascinante y revelador di\u00e1logo entre la memoria y el deseo, el tiempo hist\u00f3rico y la modernidad, y sobre el modo en que la subjetividad transforma los s\u00edmbolos de la cultura.<\/p>\n<p>M\u00e1s informaci\u00f3n<\/p>\n<p>Lunes 15 de diciembre a las 17:00.<\/p>\n","protected":false},"excerpt":{"rendered":"MALAGA-Exposici\u00f3n Picasso Memoria y Deseo. Del 14 noviembre 2025 al 12 abril 2026. Museo Picasso M\u00e1laga.&#13;\u00a9 MUSEO PICASSO&hellip;\n","protected":false},"author":2,"featured_media":269721,"comment_status":"","ping_status":"","sticky":false,"template":"","format":"standard","meta":{"footnotes":""},"categories":[173],"tags":[229,233,231,230,232,234,146,147,25,24,66353,3873,3799,504,23],"class_list":{"0":"post-269720","1":"post","2":"type-post","3":"status-publish","4":"format-standard","5":"has-post-thumbnail","7":"category-arte-y-diseno","8":"tag-arte","9":"tag-arte-y-diseno","10":"tag-arts","11":"tag-arts-and-design","12":"tag-design","13":"tag-diseno","14":"tag-entertainment","15":"tag-entretenimiento","16":"tag-es","17":"tag-espana","18":"tag-museo-picasso-malaga","19":"tag-museos","20":"tag-ocio","21":"tag-pablo-picasso","22":"tag-spain"},"share_on_mastodon":{"url":"https:\/\/pubeurope.com\/@es\/115657959505555099","error":""},"_links":{"self":[{"href":"https:\/\/www.europesays.com\/es\/wp-json\/wp\/v2\/posts\/269720","targetHints":{"allow":["GET"]}}],"collection":[{"href":"https:\/\/www.europesays.com\/es\/wp-json\/wp\/v2\/posts"}],"about":[{"href":"https:\/\/www.europesays.com\/es\/wp-json\/wp\/v2\/types\/post"}],"author":[{"embeddable":true,"href":"https:\/\/www.europesays.com\/es\/wp-json\/wp\/v2\/users\/2"}],"replies":[{"embeddable":true,"href":"https:\/\/www.europesays.com\/es\/wp-json\/wp\/v2\/comments?post=269720"}],"version-history":[{"count":0,"href":"https:\/\/www.europesays.com\/es\/wp-json\/wp\/v2\/posts\/269720\/revisions"}],"wp:featuredmedia":[{"embeddable":true,"href":"https:\/\/www.europesays.com\/es\/wp-json\/wp\/v2\/media\/269721"}],"wp:attachment":[{"href":"https:\/\/www.europesays.com\/es\/wp-json\/wp\/v2\/media?parent=269720"}],"wp:term":[{"taxonomy":"category","embeddable":true,"href":"https:\/\/www.europesays.com\/es\/wp-json\/wp\/v2\/categories?post=269720"},{"taxonomy":"post_tag","embeddable":true,"href":"https:\/\/www.europesays.com\/es\/wp-json\/wp\/v2\/tags?post=269720"}],"curies":[{"name":"wp","href":"https:\/\/api.w.org\/{rel}","templated":true}]}}