{"id":269722,"date":"2025-12-03T22:20:17","date_gmt":"2025-12-03T22:20:17","guid":{"rendered":"https:\/\/www.europesays.com\/es\/269722\/"},"modified":"2025-12-03T22:20:17","modified_gmt":"2025-12-03T22:20:17","slug":"eurovision-pendiente-de-una-tensa-cumbre-de-la-uer-en-la-que-espana-y-otros-paises-podrian-decir-adios-la-voz-de-galicia","status":"publish","type":"post","link":"https:\/\/www.europesays.com\/es\/269722\/","title":{"rendered":"Eurovisi\u00f3n, pendiente de una tensa cumbre de la UER en la que Espa\u00f1a y otros pa\u00edses podr\u00edan decir adi\u00f3s &#8211; La Voz de Galicia"},"content":{"rendered":"<ol>\n<li><a href=\"https:\/\/news.google.com\/rss\/articles\/CBMi4wFBVV95cUxPMEJlel9ydkNGQVJCVS0xMi1oX2ZVTGJSSGl0T1piSzA0TGxTbzRQek5OYXhNdVRrdXEySnlNVGFfbE02TTRRVkFhVEo5SFFxbHJBdlNHTHk4ZjBQallYTlFpUmNTWXBnR2hITGZtQk45dUhod0lSR29NanRRc1ZjSlN2Z0tNeHhab0l2ZnlGT0NFdlJDNVV3cm1jeVJtVUFOSV96cE1GNXA2emctTFYxQ1UzNy05NExGLVRhZnVBTDhHbVJrUEtpV0o1Wlp2YlRxYjJ6X21FSlFlUWtYU0hOLVBHNNIB_wFBVV95cUxNXzVKMXpyN0d2WU9vVG9MeFctdDB0aXRHZGR5alhybDFIUXIwRWMwTTFBa3BhMjJVU3AwRkc3b193b3FTeGhEVkRjZDRTN0tkNTBQZS1KR2NsczVEOGJLX2h5clRmWjIwWjF6ZmNRZUVjVDFWZzhSTWxKeHdIc0JqdmxfYWlPeXFGZlRtMjNSTGl5WW5naU9VY09HQlBCNERVdU9FMlJGSTQyc0gxeDBTUFNRLUpneFRIZEJCeHktRGVSeEJwdmljR1VvLXlnSzlIVWUtcUxuNGotVW9iZTJ3TzRzZ2s2UzViRG1yUDVTLVotcDVFaTRQYnVlaXBJUFk?oc=5\" target=\"_blank\" rel=\"nofollow noopener\">Eurovisi\u00f3n, pendiente de una tensa cumbre de la UER en la que Espa\u00f1a y otros pa\u00edses podr\u00edan decir adi\u00f3s<\/a>&nbsp;&nbsp;La Voz de Galicia<\/li>\n<li><a href=\"https:\/\/news.google.com\/rss\/articles\/CBMif0FVX3lxTE5iVmlLYzl1M2NHX2RHeDJidzBYQTZIdVVUMHVWNDBSeUxBRW95cVIwaTF4Sm81VTJ6eE9QelVhZkQ0OGVJbHFHU0NCRmNyMzFmNnZCa1h3d1FlUnR4N19tZGhCZ0QxeFFuNHpkTWh1UElhVTZUNGNFRnRSdXJ2bjDSAX9BVV95cUxPRTdiMWRHTmpOSTNleXd5c3NmWEN2YWx4NWZSSHJlb1pORXNuM3g2MHdiZ21TcldfQm9Hb2NXVHpmMFFjR2QydTBaYmxXcVVua1plQmNuYTUycnU2V0s4Z3V1WDZDNUdXTUc5eTBDYzMxR21oaUhETXdSamV1NFNv?oc=5\" target=\"_blank\" rel=\"nofollow noopener\">La prueba de fuego para salvar Eurovisi\u00f3n: la UER se re\u00fane entre amenazas de retirada de Espa\u00f1a y otros pa\u00edses, y un gran clima de tensi\u00f3n<\/a>&nbsp;&nbsp;El Mundo<\/li>\n<li><a href=\"https:\/\/news.google.com\/rss\/articles\/CBMi2wFBVV95cUxNZEhIQ0VsMUFUdDBCS2h5RDBhRWlLQ3Z1X3BOUkhYM2VRbkltTmhKYWpjS282a0l6QnhOYlJTNTQwWFcyYTAtblN4OVRHZENXajZpR1lJTXUzMnRSMktyU2ZfLXJzSUVYaGZ6ekhWYzRHRkstV3FCTEpzS1FzSlZJclVOM3ZQaEYtNlg2UzdNNTY2eDFfRW1HWnJVdlpKZ3d1VnE0OWtQbktsRmFkMkxmRE9fQTdGc2pqV2dfSjNQMzJLLWt5bVVxZUs1cFZxQXVRR3lNbkltemViOVHSAeABQVVfeXFMTUpPeGNKSHQyY2JMWGNjcVZDVGYxclpwRVBOUVJldnJod3ZreHVxU21jdnc1eDM2ZktkckF2U0tpTUxJQjl1UDV3OWZrMk1hTUdCV0NHcHUtM0ZYRXJqWlRKVlF2ck51aHlnRUxEeUluVE1EWDIyZnY4UGY2RXRlb2RIc0lBTUhwWk95aXpwRTRWQzZEQWU3ZlVoZ2E1ZUo1N3F2UnNTUDNlZWpFMGpQVkgzTFJob1lueWpMLVRGVGdycTBBeGxMSVdDeUFxclBZN1FoQUljV1RuUmlCbmc1WHM?oc=5\" target=\"_blank\" rel=\"nofollow noopener\">TVE no emitir\u00e1 ninguna de las tres galas de Eurovisi\u00f3n si Espa\u00f1a se retira finalmente del festival tras vetar a Israel<\/a>&nbsp;&nbsp;El Confidencial<\/li>\n<li><a href=\"https:\/\/news.google.com\/rss\/articles\/CBMi8gFBVV95cUxOZWtUNTYtV1h5X0pjUWZJdktlT3o4aEp5NDlaTG5INHl6dXQ1VFNBaUlNZ19pWU5UZHNxTDVQZWs3cU1femFYQmlicjdxb1JWX3JOSUpOa2htcHUxYmVoRy1ja2JwWG92RlY0dHlBTU9SQzlSRzBKOVVqMjBqc25rNzNhYkdFRU5La1V1TWE3REgxb3NnbUlZajE2QnRiS2xUQjhuZXlITTBWUVJ2Vi1PTTFCMDg1M0VXUXNiMnE5OFZLNGYwZ2NmWl9wNkp5Q3UzbVV2V0phN1dwZ1N2TVYyRUQzcmtleFIwdjFLX2pVM05EQdIB9wFBVV95cUxOMG9BeHo1Wng4d2EtaFZmMW1vSHZwN0drWVBTS3g1VnNWb20wZWJVY3Z6OG05b2JYTW9uYTRaR2NucU1LamtBeEJUa2kzbV9ESm1QU0FUZGRGMUVDcktLWHNaZ2UxZ25OczE3cjgwYTIyc3FubnEyb1JNdG9zcmZqNThrOEFsRFY5N1BWeVdhNjRoZXBoa0tmdzA5ZU9WSDFMdVp3TjAyZFFTRTVEZXdvUVBQUmJjR1V1TDNMRkpuOEVfMk5GSFJGVHBEV1dmM3lnZVI4UWhHQnNWQmR1b2R3NURCdW9VdXFEeEJ0WkxTR2xhS2x2MFVn?oc=5\" target=\"_blank\" rel=\"nofollow noopener\">La UER trata de evitar una votaci\u00f3n secreta sobre la participaci\u00f3n de Israel, que podr\u00eda celebrarse este jueves<\/a>&nbsp;&nbsp;20Minutos<\/li>\n<li><a href=\"https:\/\/news.google.com\/rss\/articles\/CBMixAFBVV95cUxNMWM0TGlqVU5mNEswSFI2UlVBbHZjQXhnZHNwV0RwN1F0Qm8ybGRXVkxWRmtEWFAxQTEzUDVMQzdZNEEzRFJJM0xpcGMtcnBzMmQxQjc4eFY3aFc5eFU4VEJQaFQyNlhDMTNrSGV2eDYyQm9iMzQxREMyYU1iNkpEMml4VWxxaC01aWRtLTNsU3pZQm1BX19PUk94MDRMeF9lM3NNRWJhU1RQNlVSYmsyblF6UnZGbXYyUloxbFJOd1pyeWZa?oc=5\" target=\"_blank\" rel=\"nofollow noopener\">Jos\u00e9 Pablo L\u00f3pez ratifica en las Cortes el veto de RTVE a Israel en Eurovisi\u00f3n<\/a>&nbsp;&nbsp;EL PA\u00cdS<\/li>\n<\/ol>\n","protected":false},"excerpt":{"rendered":"Eurovisi\u00f3n, pendiente de una tensa cumbre de la UER en la que Espa\u00f1a y otros pa\u00edses podr\u00edan decir&hellip;\n","protected":false},"author":2,"featured_media":269723,"comment_status":"","ping_status":"","sticky":false,"template":"","format":"standard","meta":{"footnotes":""},"categories":[171],"tags":[146,147,25,24,24121,74,518,23,214,3156],"class_list":{"0":"post-269722","1":"post","2":"type-post","3":"status-publish","4":"format-standard","5":"has-post-thumbnail","7":"category-tv","8":"tag-entertainment","9":"tag-entretenimiento","10":"tag-es","11":"tag-espana","12":"tag-eurovision","13":"tag-israel","14":"tag-rtve","15":"tag-spain","16":"tag-tv","17":"tag-tve"},"share_on_mastodon":{"url":"https:\/\/pubeurope.com\/@es\/115657967303888329","error":""},"_links":{"self":[{"href":"https:\/\/www.europesays.com\/es\/wp-json\/wp\/v2\/posts\/269722","targetHints":{"allow":["GET"]}}],"collection":[{"href":"https:\/\/www.europesays.com\/es\/wp-json\/wp\/v2\/posts"}],"about":[{"href":"https:\/\/www.europesays.com\/es\/wp-json\/wp\/v2\/types\/post"}],"author":[{"embeddable":true,"href":"https:\/\/www.europesays.com\/es\/wp-json\/wp\/v2\/users\/2"}],"replies":[{"embeddable":true,"href":"https:\/\/www.europesays.com\/es\/wp-json\/wp\/v2\/comments?post=269722"}],"version-history":[{"count":0,"href":"https:\/\/www.europesays.com\/es\/wp-json\/wp\/v2\/posts\/269722\/revisions"}],"wp:featuredmedia":[{"embeddable":true,"href":"https:\/\/www.europesays.com\/es\/wp-json\/wp\/v2\/media\/269723"}],"wp:attachment":[{"href":"https:\/\/www.europesays.com\/es\/wp-json\/wp\/v2\/media?parent=269722"}],"wp:term":[{"taxonomy":"category","embeddable":true,"href":"https:\/\/www.europesays.com\/es\/wp-json\/wp\/v2\/categories?post=269722"},{"taxonomy":"post_tag","embeddable":true,"href":"https:\/\/www.europesays.com\/es\/wp-json\/wp\/v2\/tags?post=269722"}],"curies":[{"name":"wp","href":"https:\/\/api.w.org\/{rel}","templated":true}]}}