{"id":269728,"date":"2025-12-03T22:23:20","date_gmt":"2025-12-03T22:23:20","guid":{"rendered":"https:\/\/www.europesays.com\/es\/269728\/"},"modified":"2025-12-03T22:23:20","modified_gmt":"2025-12-03T22:23:20","slug":"athletic-real-madrid-xabi-alonso-la-calidad-colectiva-del-equipo-nos-ha-hecho-ganar-los-tres-puntos-futbol-deportes","status":"publish","type":"post","link":"https:\/\/www.europesays.com\/es\/269728\/","title":{"rendered":"Athletic &#8211; Real Madrid | Xabi Alonso: \u201cLa calidad colectiva del equipo nos ha hecho ganar los tres puntos\u201d | F\u00fatbol | Deportes"},"content":{"rendered":"<p>A pesar de un vislumbramiento inicial de reacci\u00f3n por parte del Athletic Club en el segundo tiempo, pronto se apagaron las luces del equipo local, cayendo de nuevo en el flujo del partido que quer\u00eda el Real Madrid. Los blancos, superiores con y sin bal\u00f3n, minimizaron al m\u00e1ximo a los leones, y bajo el faro de Mbapp\u00e9, golpearon con el 0-3 definitivo antes del cuarto de hora del segundo tiempo. Con los zurigorri excesivamente espesos en sus ideas, el naufragio se fue constatando poco a poco, ofreciendo la primera victoria del Real Madrid tras tres partidos sin ganar en el campeonato (3E), con un juego que convenci\u00f3 y una pegada digna de un equipo que cuenta con uno de los mejores delanteros de Europa.<\/p>\n","protected":false},"excerpt":{"rendered":"A pesar de un vislumbramiento inicial de reacci\u00f3n por parte del Athletic Club en el segundo tiempo, pronto&hellip;\n","protected":false},"author":2,"featured_media":269729,"comment_status":"","ping_status":"","sticky":false,"template":"","format":"standard","meta":{"footnotes":""},"categories":[93],"tags":[2182,1540,168,927,1539,25,24,282,1538,1210,3048,23,167],"class_list":{"0":"post-269728","1":"post","2":"type-post","3":"status-publish","4":"format-standard","5":"has-post-thumbnail","7":"category-deportes","8":"tag-athletic","9":"tag-competiciones","10":"tag-deportes","11":"tag-deportistas","12":"tag-entrenadores","13":"tag-es","14":"tag-espana","15":"tag-futbol","16":"tag-futbolistas","17":"tag-laliga-ea-sports","18":"tag-real-madrid","19":"tag-spain","20":"tag-sports"},"share_on_mastodon":{"url":"https:\/\/pubeurope.com\/@es\/115657978896647368","error":""},"_links":{"self":[{"href":"https:\/\/www.europesays.com\/es\/wp-json\/wp\/v2\/posts\/269728","targetHints":{"allow":["GET"]}}],"collection":[{"href":"https:\/\/www.europesays.com\/es\/wp-json\/wp\/v2\/posts"}],"about":[{"href":"https:\/\/www.europesays.com\/es\/wp-json\/wp\/v2\/types\/post"}],"author":[{"embeddable":true,"href":"https:\/\/www.europesays.com\/es\/wp-json\/wp\/v2\/users\/2"}],"replies":[{"embeddable":true,"href":"https:\/\/www.europesays.com\/es\/wp-json\/wp\/v2\/comments?post=269728"}],"version-history":[{"count":0,"href":"https:\/\/www.europesays.com\/es\/wp-json\/wp\/v2\/posts\/269728\/revisions"}],"wp:featuredmedia":[{"embeddable":true,"href":"https:\/\/www.europesays.com\/es\/wp-json\/wp\/v2\/media\/269729"}],"wp:attachment":[{"href":"https:\/\/www.europesays.com\/es\/wp-json\/wp\/v2\/media?parent=269728"}],"wp:term":[{"taxonomy":"category","embeddable":true,"href":"https:\/\/www.europesays.com\/es\/wp-json\/wp\/v2\/categories?post=269728"},{"taxonomy":"post_tag","embeddable":true,"href":"https:\/\/www.europesays.com\/es\/wp-json\/wp\/v2\/tags?post=269728"}],"curies":[{"name":"wp","href":"https:\/\/api.w.org\/{rel}","templated":true}]}}