{"id":269730,"date":"2025-12-03T22:25:13","date_gmt":"2025-12-03T22:25:13","guid":{"rendered":"https:\/\/www.europesays.com\/es\/269730\/"},"modified":"2025-12-03T22:25:13","modified_gmt":"2025-12-03T22:25:13","slug":"condenan-a-prision-al-medico-de-matthew-perry-por-haber-recetado-ketamina-al-actor-antes-de-que-muriera-de-una-sobredosis","status":"publish","type":"post","link":"https:\/\/www.europesays.com\/es\/269730\/","title":{"rendered":"Condenan a prisi\u00f3n al m\u00e9dico de Matthew Perry por haber recetado ketamina al actor antes de que muriera de una sobredosis"},"content":{"rendered":"<p class=\"mb-4 text-lg md:leading-8 break-words\"><strong>Un tribunal de Los \u00c1ngeles conden\u00f3 este mi\u00e9rcoles a 30 meses de prisi\u00f3n al m\u00e9dico Salvador Plasencia por haber recetado ketamina al actor Matthew Perry antes de su muerte por sobredosis en 2023.<\/strong><\/p>\n<p class=\"mb-4 text-lg md:leading-8 break-words\">Plasencia, quien el a\u00f1o pasado se declar\u00f3 culpable de cuatro cargos de distribuci\u00f3n de ketamina, es la primera persona en ser sentenciada en relaci\u00f3n al caso.<\/p>\n<p class=\"mb-4 text-lg md:leading-8 break-words\">La ketamina es un anest\u00e9sico disociativo que se utiliza como terapia para la depresi\u00f3n y el dolor cr\u00f3nico, pero que tambi\u00e9n tiene efectos alucin\u00f3genos y puede distorsionar la visi\u00f3n y el o\u00eddo.<\/p>\n<p class=\"mb-4 text-lg md:leading-8 break-words\">El m\u00e9dico, de 43 a\u00f1os y residente de la ciudad californiana de Santa M\u00f3nica, enfrentaba hasta 40 a\u00f1os de prisi\u00f3n y una multa de al menos US$2 millones, seg\u00fan su acuerdo de culpabilidad.<\/p>\n<p class=\"mb-4 text-lg md:leading-8 break-words\">Plasencia es uno de los cinco acusados en el caso y todos ellos se han declarado culpables.<\/p>\n<p class=\"mb-4 text-lg md:leading-8 break-words\">Una investigaci\u00f3n Federal indag\u00f3 c\u00f3mo Perry, de 54 a\u00f1os, adquiri\u00f3 la sustancia a trav\u00e9s de una red clandestina que funcionaba en Hollywood.<\/p>\n<p class=\"mb-4 text-lg md:leading-8 break-words\">El actor, conocido por interpretar a Chandler Bing en la serie Friends, fue encontrado muerto en un jacuzzi en su residencia de Los \u00c1ngeles en octubre de 2023 despu\u00e9s de a\u00f1os de luchar contra la depresi\u00f3n y la adicci\u00f3n a las drogas.<\/p>\n<p class=\"mb-4 text-lg md:leading-8 break-words\">Una autopsia encontr\u00f3 una alta concentraci\u00f3n de ketamina en su sangre y determin\u00f3 que los \u00abefectos agudos\u00bb de la sustancia lo hab\u00edan matado.<\/p>\n<p><img alt=\"Primer plano del m\u00e9dico Salvador Plasencia, con gesto serio y vestido de traje, a la salida de un tribunal en Los \u00c1ngeles, Estados Unidos.\" loading=\"lazy\" width=\"960\" height=\"517\" decoding=\"async\" data-nimg=\"1\" class=\"rounded-lg\" style=\"color:transparent\" src=\"https:\/\/www.europesays.com\/es\/wp-content\/uploads\/2025\/12\/7bc98ece96253a373bec1d697c09c6f1.jpeg\"\/><\/p>\n<p>Salvador Plasencia es uno de los cinco acusados en el caso. [Reuters]<\/p>\n<p>\u00abJusticia para nuestro hijo\u00bb<\/p>\n<p class=\"mb-4 text-lg md:leading-8 break-words\">En las v\u00edsperas de la sentencia, los padres del actor le escribieron al juez una emotiva carta en la que ped\u00edan justicia para su hijo y penas ejemplares para aquellos que, consideran, \u00abse aprovecharon de su vulnerabilidad y la adicci\u00f3n\u00bb.<\/p>\n<p class=\"mb-4 text-lg md:leading-8 break-words\">Los progenitores de Perry expresaron que la p\u00e9rdida \u00abdevast\u00f3\u00bb a la familia y describieron a Plasencia como un \u00abchacal\u00bb que rompi\u00f3 repetidamente su juramento hipocr\u00e1tico.<\/p>\n<p class=\"mb-4 text-lg md:leading-8 break-words\">\u00abLa recuperaci\u00f3n de Matthew depend\u00eda de que dijeras NO\u00bb, escribieron su padre, John, y su madrastra, Debbie. \u00ab\u00bfTus motivos? No puedo imaginarlos. \u00bfUn doctor cuya vida est\u00e1 dedicada a ayudar a las personas?\u00bb.<\/p>\n<p class=\"mb-4 text-lg md:leading-8 break-words\">Plasencia deb\u00eda ir a juicio en agosto, pero acept\u00f3 declararse culpable de cuatro cargos de distribuci\u00f3n de ketamina.<\/p>\n<p class=\"mb-4 text-lg md:leading-8 break-words\">Sus abogados han afirmado repetidamente que el m\u00e9dico no estaba tratando a Perry en el momento de su muerte en octubre de 2023.<\/p>\n<p class=\"mb-4 text-lg md:leading-8 break-words\">\u00abEl doctor Plasencia lamenta profundamente las decisiones de tratamiento que tom\u00f3 mientras suministraba ketamina a Matthew Perry\u00bb, declar\u00f3 su abogado en un comunicado anterior.<\/p>\n<p class=\"mb-4 text-lg md:leading-8 break-words\">\u00abAsume plenamente su responsabilidad al declararse culpable de distribuci\u00f3n de drogas. El doctor Plasencia tiene la intenci\u00f3n de renunciar voluntariamente a su licencia m\u00e9dica, reconociendo su incapacidad para proteger al se\u00f1or Perry, un paciente especialmente vulnerable debido a su adicci\u00f3n\u00bb.<\/p>\n<p class=\"mb-4 text-lg md:leading-8 break-words\">Entre los otros cuatro acusados en el caso se encuentra Jasveen Sangha, conocida como la \u00abreina de la ketamina\u00bb. Su sentencia se espera para el 25 de febrero y podr\u00eda enfrentar una pena de hasta 65 a\u00f1os de prisi\u00f3n.<\/p>\n<p><img alt=\"&quot; &quot;\" loading=\"lazy\" width=\"800\" height=\"100\" decoding=\"async\" data-nimg=\"1\" class=\"rounded-lg\" style=\"color:transparent\" src=\"https:\/\/www.europesays.com\/es\/wp-content\/uploads\/2025\/12\/4369999a94528cad9432a7172c473ebe.jpeg\"\/><\/p>\n<p>[BBC]<\/p>\n<p class=\"mb-4 text-lg md:leading-8 break-words\"><a href=\"https:\/\/www.bbc.com\/mundo?xtor=AL-73-%5Bpartner%5D-%5Bespanol.yahoo.com%5D-%5Blink%5D-%5Bmundo%5D-%5Bbizdev%5D-%5Bisapi%5D\" rel=\"nofollow noopener\" target=\"_blank\" data-ylk=\"slk:Haz clic aqu\u00ed;elm:context_link;itc:0;sec:content-canvas\" class=\"link \">Haz clic aqu\u00ed<\/a> para leer m\u00e1s historias de BBC News Mundo.<\/p>\n<p class=\"mb-4 text-lg md:leading-8 break-words\"><a href=\"https:\/\/www.bbc.com\/mundo\/send\/u184973209?xtor=AL-73-%5Bpartner%5D-%5Bespanol.yahoo.com%5D-%5Blink%5D-%5Bmundo%5D-%5Bbizdev%5D-%5Bisapi%5D\" rel=\"nofollow noopener\" target=\"_blank\" data-ylk=\"slk:Suscr\u00edbete aqu\u00ed;elm:context_link;itc:0;sec:content-canvas\" class=\"link \">Suscr\u00edbete aqu\u00ed<\/a> a nuestro nuevo newsletter para recibir cada viernes una selecci\u00f3n de nuestro mejor contenido de la semana.<\/p>\n<p class=\"mb-4 text-lg md:leading-8 break-words\">Tambi\u00e9n puedes seguirnos en <a href=\"https:\/\/www.youtube.com\/user\/BBCMundo?sub_confirmation=1\" rel=\"nofollow noopener\" target=\"_blank\" data-ylk=\"slk:YouTube;elm:context_link;itc:0;sec:content-canvas\" class=\"link \">YouTube<\/a>, <a href=\"https:\/\/www.instagram.com\/bbcmundo\" rel=\"nofollow noopener\" target=\"_blank\" data-ylk=\"slk:Instagram;elm:context_link;itc:0;sec:content-canvas\" class=\"link \">Instagram<\/a>, <a href=\"https:\/\/www.tiktok.com\/@bbcnewsmundo\" rel=\"nofollow noopener\" target=\"_blank\" data-ylk=\"slk:TikTok;elm:context_link;itc:0;sec:content-canvas\" class=\"link \">TikTok<\/a>, <a href=\"https:\/\/twitter.com\/bbcmundo\" rel=\"nofollow noopener\" target=\"_blank\" data-ylk=\"slk:X;elm:context_link;itc:0;sec:content-canvas\" class=\"link \">X<\/a>, <a href=\"https:\/\/www.facebook.com\/BBCnewsMundo\" rel=\"nofollow noopener\" target=\"_blank\" data-ylk=\"slk:Facebook;elm:context_link;itc:0;sec:content-canvas\" class=\"link \">Facebook<\/a> y en nuestro <a href=\"https:\/\/whatsapp.com\/channel\/0029VaUm1Ss3WHTbgIXrjw3D\" rel=\"nofollow noopener\" target=\"_blank\" data-ylk=\"slk:canal de WhatsApp;elm:context_link;itc:0;sec:content-canvas\" class=\"link \">canal de WhatsApp<\/a>.<\/p>\n<p class=\"mb-4 text-lg md:leading-8 break-words\">Y recuerda que puedes recibir notificaciones en nuestra app. Descarga la \u00faltima versi\u00f3n y act\u00edvalas.<\/p>\n<p><script async src=\"https:\/\/platform.twitter.com\/widgets.js\" charset=\"utf-8\"><\/script><script async src=\"\/\/www.instagram.com\/embed.js\"><\/script><script async src=\"\/\/www.tiktok.com\/embed.js\"><\/script><\/p>\n","protected":false},"excerpt":{"rendered":"Un tribunal de Los \u00c1ngeles conden\u00f3 este mi\u00e9rcoles a 30 meses de prisi\u00f3n al m\u00e9dico Salvador Plasencia por&hellip;\n","protected":false},"author":2,"featured_media":269731,"comment_status":"","ping_status":"","sticky":false,"template":"","format":"standard","meta":{"footnotes":""},"categories":[91],"tags":[66354,66355,146,147,25,24,20186,1249,23],"class_list":{"0":"post-269730","1":"post","2":"type-post","3":"status-publish","4":"format-standard","5":"has-post-thumbnail","7":"category-entretenimiento","8":"tag-adiccion-a-las-drogas","9":"tag-el-medico","10":"tag-entertainment","11":"tag-entretenimiento","12":"tag-es","13":"tag-espana","14":"tag-matthew-perry","15":"tag-plasencia","16":"tag-spain"},"share_on_mastodon":{"url":"https:\/\/pubeurope.com\/@es\/115657987299467424","error":""},"_links":{"self":[{"href":"https:\/\/www.europesays.com\/es\/wp-json\/wp\/v2\/posts\/269730","targetHints":{"allow":["GET"]}}],"collection":[{"href":"https:\/\/www.europesays.com\/es\/wp-json\/wp\/v2\/posts"}],"about":[{"href":"https:\/\/www.europesays.com\/es\/wp-json\/wp\/v2\/types\/post"}],"author":[{"embeddable":true,"href":"https:\/\/www.europesays.com\/es\/wp-json\/wp\/v2\/users\/2"}],"replies":[{"embeddable":true,"href":"https:\/\/www.europesays.com\/es\/wp-json\/wp\/v2\/comments?post=269730"}],"version-history":[{"count":0,"href":"https:\/\/www.europesays.com\/es\/wp-json\/wp\/v2\/posts\/269730\/revisions"}],"wp:featuredmedia":[{"embeddable":true,"href":"https:\/\/www.europesays.com\/es\/wp-json\/wp\/v2\/media\/269731"}],"wp:attachment":[{"href":"https:\/\/www.europesays.com\/es\/wp-json\/wp\/v2\/media?parent=269730"}],"wp:term":[{"taxonomy":"category","embeddable":true,"href":"https:\/\/www.europesays.com\/es\/wp-json\/wp\/v2\/categories?post=269730"},{"taxonomy":"post_tag","embeddable":true,"href":"https:\/\/www.europesays.com\/es\/wp-json\/wp\/v2\/tags?post=269730"}],"curies":[{"name":"wp","href":"https:\/\/api.w.org\/{rel}","templated":true}]}}