{"id":269737,"date":"2025-12-03T22:29:18","date_gmt":"2025-12-03T22:29:18","guid":{"rendered":"https:\/\/www.europesays.com\/es\/269737\/"},"modified":"2025-12-03T22:29:18","modified_gmt":"2025-12-03T22:29:18","slug":"los-economistas-ven-inseguridad-juridica-y-las-algunas-empresas-lamentan-perder-anos-de-trabajo","status":"publish","type":"post","link":"https:\/\/www.europesays.com\/es\/269737\/","title":{"rendered":"los economistas ven \u00abinseguridad jur\u00eddica\u00bb y las algunas empresas lamentan perder \u00aba\u00f1os de trabajo\u00bb"},"content":{"rendered":"<p class=\"c-paragraph\">El presidente del <b>Consejo General de Economistas de Espa\u00f1a (CGE),<\/b> Miguel \u00c1ngel V\u00e1zquez Ta\u00edn, y el presidente del <b>Registro de Economistas Asesores Fiscales (REAF-CGE),<\/b> Agust\u00edn Fern\u00e1ndez, han advertido este mi\u00e9rcoles de la inseguridad jur\u00eddica que ha generado para las empresas la decisi\u00f3n del Gobierno de <a href=\"https:\/\/www.20minutos.es\/lainformacion\/empresas\/hacienda-retrasa-un-ano-entrada-vigor-sistema-facturacion-verifactu_6905430_0.html\" title=\"Hacienda retrasa un a\u00f1o la entrada en vigor del sistema de facturaci\u00f3n Verifactu para aut\u00f3nomos y pymes\" rel=\"nofollow noopener\" target=\"_blank\">aplazar un a\u00f1o la entrada en vigor del sistema de la Hacienda para la verificaci\u00f3n de facturas electr\u00f3nicas (Verifactu)<\/a>.<\/p>\n<p class=\"c-paragraph\">\u00abLa mayor\u00eda de los empresarios <b>ya hab\u00edan planificado sus recursos y organizado la adaptaci\u00f3n de sus sistemas <\/b>confiando en los plazos inicialmente establecidos, por lo que un cambio tan tard\u00edo complica su organizaci\u00f3n interna y genera dudas sobre la estabilidad del marco normativo\u00bb, han alertado.<\/p>\n<p class=\"c-paragraph\">Aunque reconocen que la pr\u00f3rroga a enero de 2027 puede ofrecer un respiro a empresas que a\u00fan estaban en fase de adaptaci\u00f3n para implementar Verifactu, ambos avisan de que, para la gran mayor\u00eda del tejido empresarial, esta pr\u00f3rroga supone \u00ab<b>reprogramar tareas, revisar inversiones tecnol\u00f3gicas y asumir costes adicionales derivados de ajustes de \u00faltima hora<\/b>\u00ab. Estos cambios, seg\u00fan los m\u00e1ximos responsables del CGE y del REAF, \u00abafectan especialmente a los negocios con menos capacidad administrativa y menor margen para absorber imprevistos\u00bb.<\/p>\n<p class=\"c-paragraph\">En este contexto, han puesto de manifiesto que <b>es imprescindible que los plazos de entrada en vigor de las normas no se modifiquen a \u00faltima hora<\/b> y que estas se mantengan estables en el tiempo para permitir a las empresas y empresarios planificar con seguridad y adaptar sus procesos sin incertidumbres. El sistema, pensado para enviar autom\u00e1ticamente a la Agencia Tributaria el registro de facturas y reforzar la trazabilidad y la lucha contra el fraude, estaba previsto lanzarse en 2025, pero se retras\u00f3 antes en otro par de ocasiones por las dificultades t\u00e9cnicas, el coste de implementaci\u00f3n para peque\u00f1os negocios y la presi\u00f3n de las patronales.<\/p>\n<p class=\"c-paragraph\">\u00abNosotros valoramos positivamente la medida de dar m\u00e1s tiempo a las empresas, especialmente a pymes y aut\u00f3nomos, para adaptarse a esta transformaci\u00f3n\u00bb, asegura en cambio\u00a0Jes\u00fas Molina, Head of Partners de Dojo, proveedor de herramientas pago, que recuerda que hasta noviembre de 2025,\u00a0<b><b>solo el 8% de\u00a0pymes y aut\u00f3nomos lo hab\u00eda implementado, seg\u00fan Ipsos.<\/b><\/b>\u00a0\u201cNo obstante, es importante tener claro el horizonte. Si la adopci\u00f3n no se ejecuta en 2026, los comercios se alejar\u00e1n de las directrices europeas que buscan armonizar la fiscalidad y el control contable\u201d.<\/p>\n<p class=\"c-paragraph\">El decreto ley que el Consejo de Ministros que ha sido publicado este mi\u00e9rcoles en el BOE \u2014e incluido en el marco de los compromisos del Gobierno con Junts\u2014pese a suponer<b>\u00a0un \u201calivio\u201d al tejido empresarial,\u00a0<\/b>ha generado un profundo malestar en gestores, asesor\u00edas y consultoras que llevaban a\u00f1os trabajando para preparar a sus clientes para Verifactu.<\/p>\n<p class=\"c-paragraph\">\u201c<b>Hemos dedicado tres a\u00f1os a preparar a cientos de pymes, y sin anuncio previo nos trasladan que habr\u00e1 un a\u00f1o m\u00e1s<\/b>\u201d, afirma Yannick Charton, CEO de Valio Consulting, firma de aseosr\u00eda contable y fiscal que\u00a0denuncia la incertidumbre generada por este nuevo aplazamiento y el golpe para los profesionales que s\u00ed hab\u00edan cumplido con la exigencia de adaptaci\u00f3n. \u201cSe ha invertido tiempo y esfuerzo en acompa\u00f1ar a nuestros clientes, estableciendo alianzas tecnol\u00f3gicas para llegar al \u00faltimo d\u00eda del a\u00f1o con todo en orden.\u00a0Y a menos de un mes nos anuncian otra pr\u00f3rroga\u201d.<\/p>\n<p class=\"c-paragraph\">Charton advierte, adem\u00e1s, que la pr\u00f3rroga llega en un momento en el que muchas empresas ya hab\u00edan asumido el esfuerzo econ\u00f3mico y operativo de adaptarse: \u201cGran parte de las pymes han dejado atr\u00e1s sus sistemas inform\u00e1ticos tradicionales para pasarse a soluciones tecnol\u00f3gicas nuevas.\u00a0<b>Es una verg\u00fcenza que, por un hecho pol\u00edtico<\/b>, hayamos trabajado m\u00e1s en fidelizar clientes probando programas y proponiendo soluciones que en atender a nuevos clientes\u201d, denuncia.<\/p>\n<blockquote class=\"c-phrase__blockquote\"><p>Es una verg\u00fcenza que, por un hecho pol\u00edtico, hayamos trabajado m\u00e1s en fidelizar clientes probando programas y proponiendo soluciones que en atender a nuevos clientes<\/p><\/blockquote>\n<p class=\"c-paragraph\">\u00abEsto es de locos. <b>Miles de aut\u00f3nomos, empresas y asesores llevamos meses gastando dinero, tiempo y energ\u00eda en adaptarnos<\/b>. Software, formaci\u00f3n, consultor\u00edas, hardware\u2026 todo. Y ahora dicen que no hace falta\u00bb, protesta por su parte el aut\u00f3nomo Hugo lago. \u00abM\u00e1s de 700 millones de euros tirados a la basura. Y lo peor no es el dinero, es la sensaci\u00f3n de desastre, improvisaci\u00f3n y falta total de seriedad. Los que cumplimos somos los que pagamos el precio. Porque en este pa\u00eds, planificar sale caro, y improvisar siempre sale gratis. Espa\u00f1a, a nivel jur\u00eddico, es un circo\u00bb<\/p>\n<p class=\"c-paragraph\">\u00abCuando muchos aut\u00f3nomos ya hemos pagado los programaspara adaptarnos, nos dicen que no&#8230; que ahora en 2027&#8230; Dan ganas de quemarles el chiringuito\u00bb, dice por su parte otro aut\u00f3nomo, Juan Lozano. \u00ab<b>Los aut\u00f3nomos y empresas hemos invertido mucho tiempo y dinero para cumplir con verifactu <\/b>y ahora ya no hace falta. Esta es la forma de gobernar de estos in\u00fatiles, a salto de mata de todo y sin que les importen las consecuencias de su incompetencia para millones de personas\u00bb, a\u00f1ade el usuario Frodobolson.<\/p>\n","protected":false},"excerpt":{"rendered":"El presidente del Consejo General de Economistas de Espa\u00f1a (CGE), Miguel \u00c1ngel V\u00e1zquez Ta\u00edn, y el presidente del&hellip;\n","protected":false},"author":2,"featured_media":269738,"comment_status":"","ping_status":"","sticky":false,"template":"","format":"standard","meta":{"footnotes":""},"categories":[8],"tags":[17,18,12008,1497,25,24,13,14,11,19,20,4417,9,10,15,16,50274,23,12,21,22,57732],"class_list":{"0":"post-269737","1":"post","2":"type-post","3":"status-publish","4":"format-standard","5":"has-post-thumbnail","7":"category-espana","8":"tag-breaking-news","9":"tag-breakingnews","10":"tag-crece","11":"tag-critica","12":"tag-es","13":"tag-espana","14":"tag-featured-news","15":"tag-featurednews","16":"tag-headlines","17":"tag-latest-news","18":"tag-latestnews","19":"tag-los","20":"tag-news","21":"tag-noticias","22":"tag-noticias-destacadas","23":"tag-noticiasdestacadas","24":"tag-prorroga","25":"tag-spain","26":"tag-titulares","27":"tag-ultimas-noticias","28":"tag-ultimasnoticias","29":"tag-verifactu"},"share_on_mastodon":{"url":"https:\/\/pubeurope.com\/@es\/115658002653292909","error":""},"_links":{"self":[{"href":"https:\/\/www.europesays.com\/es\/wp-json\/wp\/v2\/posts\/269737","targetHints":{"allow":["GET"]}}],"collection":[{"href":"https:\/\/www.europesays.com\/es\/wp-json\/wp\/v2\/posts"}],"about":[{"href":"https:\/\/www.europesays.com\/es\/wp-json\/wp\/v2\/types\/post"}],"author":[{"embeddable":true,"href":"https:\/\/www.europesays.com\/es\/wp-json\/wp\/v2\/users\/2"}],"replies":[{"embeddable":true,"href":"https:\/\/www.europesays.com\/es\/wp-json\/wp\/v2\/comments?post=269737"}],"version-history":[{"count":0,"href":"https:\/\/www.europesays.com\/es\/wp-json\/wp\/v2\/posts\/269737\/revisions"}],"wp:featuredmedia":[{"embeddable":true,"href":"https:\/\/www.europesays.com\/es\/wp-json\/wp\/v2\/media\/269738"}],"wp:attachment":[{"href":"https:\/\/www.europesays.com\/es\/wp-json\/wp\/v2\/media?parent=269737"}],"wp:term":[{"taxonomy":"category","embeddable":true,"href":"https:\/\/www.europesays.com\/es\/wp-json\/wp\/v2\/categories?post=269737"},{"taxonomy":"post_tag","embeddable":true,"href":"https:\/\/www.europesays.com\/es\/wp-json\/wp\/v2\/tags?post=269737"}],"curies":[{"name":"wp","href":"https:\/\/api.w.org\/{rel}","templated":true}]}}