{"id":269739,"date":"2025-12-03T22:30:29","date_gmt":"2025-12-03T22:30:29","guid":{"rendered":"https:\/\/www.europesays.com\/es\/269739\/"},"modified":"2025-12-03T22:30:29","modified_gmt":"2025-12-03T22:30:29","slug":"el-ayuntamiento-de-mijas-ya-tiene-disenada-la-convocatoria-de-subvenciones-relativa-a-2025-para-entidades-sociales-del-municipio-ayuntamiento-de-mijas","status":"publish","type":"post","link":"https:\/\/www.europesays.com\/es\/269739\/","title":{"rendered":"El Ayuntamiento de Mijas ya tiene dise\u00f1ada la convocatoria de subvenciones relativa a 2025 para entidades sociales del municipio\u00a0 \u2013 Ayuntamiento de Mijas"},"content":{"rendered":"<p>\t\t\tEl Ayuntamiento de Mijas ya tiene dise\u00f1ada la convocatoria de subvenciones relativa a 2025 para entidades sociales del municipio\u00a0 03 de diciembre de 2025<br \/>\n<br \/>\n\t\t<img loading=\"lazy\" width=\"768\" height=\"850\" alt=\"\" decoding=\"async\"  src=\"https:\/\/www.europesays.com\/es\/wp-content\/uploads\/2025\/12\/c0fad6cf-513a-4985-8bb1-48263f4b109a-768x850.jpg\" data- class=\"attachment-medium_large size-medium_large wp-post-image lazyload\"\/>\t<\/p>\n<ul>\n<li>La concejal responsable recuerda que la tramitaci\u00f3n de la nueva ordenanza, aprobada recientemente, garantiza unos fondos de 570.000 euros para sufragar los proyectos reci\u00e9n ejecutados<\/li>\n<\/ul>\n<p><strong>Mijas, 3 de diciembre de 2025.-<\/strong> El Ayuntamiento de Mijas ya tiene dise\u00f1ada la convocatoria de subvenciones relativa a 2025 para entidades sociales del municipio. Esta convocatoria destinar\u00e1 570.000 euros a sufragar los proyectos realizados por los colectivos durante el a\u00f1o en curso, y lo har\u00e1 ya en el marco de la nueva ordenanza general de subvenciones, aprobada definitivamente en el pleno de octubre.<\/p>\n<p>Como es habitual, las entidades sociales reciben el dinero municipal que financia parte de sus actividades a finales del a\u00f1o en curso o a inicios del siguiente. En el caso actual, la tramitaci\u00f3n de la nueva ordenanza \u2013que se ha extendido desde julio de 2024 a octubre de 2025, desde la primera consulta p\u00fablica hasta la aprobaci\u00f3n definitiva\u2013 va a trasladar a inicios de enero la convocatoria, una leve dilaci\u00f3n que no afectar\u00e1 a los fondos.<\/p>\n<p>Cuando se abra la convocatoria, las entidades estar\u00e1n obligadas a registrar sus proyectos sociales subvencionables, y estos ser\u00e1n abonados tras la justificaci\u00f3n.<\/p>\n<p>La nueva ordenanza general de subvenciones del Ayuntamiento de Mijas se adapta a la Ley de Subvenciones y garantiza igualdad de oportunidades, concurrencia competitiva, claridad, seguridad jur\u00eddica y transparencia.<\/p>\n<p>&#13;<br \/>\n &#13;<\/p>\n<p>\t\tNavegaci\u00f3n de entradas<\/p>\n","protected":false},"excerpt":{"rendered":"El Ayuntamiento de Mijas ya tiene dise\u00f1ada la convocatoria de subvenciones relativa a 2025 para entidades sociales del&hellip;\n","protected":false},"author":2,"featured_media":269740,"comment_status":"","ping_status":"","sticky":false,"template":"","format":"standard","meta":{"footnotes":""},"categories":[5],"tags":[44042,17,18,44047,25,24,13,14,11,44046,19,20,44044,9,10,15,16,44045,44043,23,12,21,22],"class_list":{"0":"post-269739","1":"post","2":"type-post","3":"status-publish","4":"format-standard","5":"has-post-thumbnail","7":"category-titulares","8":"tag-ayuntamiento-de-mijas","9":"tag-breaking-news","10":"tag-breakingnews","11":"tag-burro-taxis","12":"tag-es","13":"tag-espana","14":"tag-featured-news","15":"tag-featurednews","16":"tag-headlines","17":"tag-la-cala-de-mijas","18":"tag-latest-news","19":"tag-latestnews","20":"tag-mijas-pueblo","21":"tag-news","22":"tag-noticias","23":"tag-noticias-destacadas","24":"tag-noticiasdestacadas","25":"tag-pueblo-de-mijas","26":"tag-recaudacin-mijas","27":"tag-spain","28":"tag-titulares","29":"tag-ultimas-noticias","30":"tag-ultimasnoticias"},"share_on_mastodon":{"url":"https:\/\/pubeurope.com\/@es\/115658006969688059","error":""},"_links":{"self":[{"href":"https:\/\/www.europesays.com\/es\/wp-json\/wp\/v2\/posts\/269739","targetHints":{"allow":["GET"]}}],"collection":[{"href":"https:\/\/www.europesays.com\/es\/wp-json\/wp\/v2\/posts"}],"about":[{"href":"https:\/\/www.europesays.com\/es\/wp-json\/wp\/v2\/types\/post"}],"author":[{"embeddable":true,"href":"https:\/\/www.europesays.com\/es\/wp-json\/wp\/v2\/users\/2"}],"replies":[{"embeddable":true,"href":"https:\/\/www.europesays.com\/es\/wp-json\/wp\/v2\/comments?post=269739"}],"version-history":[{"count":0,"href":"https:\/\/www.europesays.com\/es\/wp-json\/wp\/v2\/posts\/269739\/revisions"}],"wp:featuredmedia":[{"embeddable":true,"href":"https:\/\/www.europesays.com\/es\/wp-json\/wp\/v2\/media\/269740"}],"wp:attachment":[{"href":"https:\/\/www.europesays.com\/es\/wp-json\/wp\/v2\/media?parent=269739"}],"wp:term":[{"taxonomy":"category","embeddable":true,"href":"https:\/\/www.europesays.com\/es\/wp-json\/wp\/v2\/categories?post=269739"},{"taxonomy":"post_tag","embeddable":true,"href":"https:\/\/www.europesays.com\/es\/wp-json\/wp\/v2\/tags?post=269739"}],"curies":[{"name":"wp","href":"https:\/\/api.w.org\/{rel}","templated":true}]}}