{"id":269741,"date":"2025-12-03T22:35:33","date_gmt":"2025-12-03T22:35:33","guid":{"rendered":"https:\/\/www.europesays.com\/es\/269741\/"},"modified":"2025-12-03T22:35:33","modified_gmt":"2025-12-03T22:35:33","slug":"djokovic-inmerso-en-un-proceso-de-reconstruccion-de-su-cuerpo","status":"publish","type":"post","link":"https:\/\/www.europesays.com\/es\/269741\/","title":{"rendered":"Djokovic, inmerso en un proceso de reconstrucci\u00f3n de su cuerpo"},"content":{"rendered":"<p>\n        <a href=\"https:\/\/www.noticiasdenavarra.com\/tags\/novak-djokovic\/\" title=\"Novak Djokovic\" class=\"link copy\" rel=\"nofollow noopener\" target=\"_blank\"><strong>Novak Djokovic<\/strong><\/a> est\u00e1 tratando de ganar tiempo al tiempo. <strong>Busca f\u00f3rmulas para recuperar su mejor nivel,<\/strong> o al menos un nivel que le permita tratar de t\u00fa a t\u00fa sobre la pista a<strong> Carlos Alcaraz y Yannik Sinner<\/strong>, los actuales dominadores del circuito a medida que se apaga la \u00e9poca dorada protagonizada por \u00e9l, <strong>Roger Federer y Rafa Nadal<\/strong>. El tenista serbio de 38 a\u00f1os piensa en la temporada <strong>2026 como la oportunidad de ampliar su legado<\/strong> con el vig\u00e9simo quinto t\u00edtulo de <a href=\"https:\/\/www.noticiasdenavarra.com\/tags\/grand-slam\/\" title=\"Grand Slam\" class=\"link copy\" rel=\"nofollow noopener\" target=\"_blank\">Grand Slam<\/a>. Si bien, para ello deben respetarle <strong>las lesiones que este a\u00f1o han mermado sus posibilidades<\/strong>.\n<\/p>\n<p class=\"article-photo__footer\">\n            Novak Djokovic es atendido durante el US Open.            Europa Press        <\/p>\n<p class=\"article-body__text \">\n        El de Belgrado tuvo que <strong>abandonar el Open de Australia <\/strong>en las semifinales, despu\u00e9s de perder el primer set contra Alexander Zverev en lo que ser\u00eda el proleg\u00f3meno de un curso complicado. De hecho, cerr\u00f3 la temporada como la empez\u00f3, con lesiones. Djokovic tuvo que<strong> renunciar a las ATP Finals <\/strong>por una lesi\u00f3n de hombro. Pero entremedias tambi\u00e9n acus\u00f3 su estado f\u00edsico. Tras participar en Wimbledon se dio un descanso de m\u00e1s de un mes para afrontar con mayores garant\u00edas el <strong>US Open, donde proyect\u00f3 la decadencia propia de la edad; requiri\u00f3 de varias asistencias m\u00e9dicas durante los partidos<\/strong>.\n<\/p>\n<p class=\"article-body__text \">\n        Ahora Djokovic <strong>tratar de recuperarse para poder \u201cseguir el ritmo de los mejores\u201d<\/strong>, es decir de los Alcaraz y Sinner, quienes se repartieron a medias el bot\u00edn de los cuatro Grand Slams de 2025. \u201cMe estoy tomando un breve descanso y<strong> tratando de reconstruir mi m\u00e1quina<\/strong>, por as\u00ed decirlo, en la terminolog\u00eda de las carreras. Me he lesionado bastante en los \u00faltimos 18 meses, as\u00ed que estoy intentando<strong> reconstruir mi cuerpo para que el inicio de la pr\u00f3xima temporada sea genial<\/strong> y, con suerte, pueda seguir el ritmo de los mejores\u201d, manifest\u00f3 el serbio ante los micr\u00f3fonos de Sky Sports.\n<\/p>\n<blockquote class=\"twitter-tweet\" data-lang=\"es\" wp_automatic_readability=\"4.9677419354839\">\n<p lang=\"en\" dir=\"ltr\">Now that Wimbledon\u2019s over, we can all agree that this is the point of the tournament ???<a href=\"https:\/\/t.co\/mUIk0K12WK\" rel=\"nofollow\">pic.twitter.com\/mUIk0K12WK<\/a><\/p>\n<p>\u2014 SK (@Djoko_UTD) <a href=\"https:\/\/twitter.com\/Djoko_UTD\/status\/1945225529746948438?ref_src=twsrc%5Etfw\" rel=\"nofollow noopener\" target=\"_blank\">15 de julio de 2025<\/a><\/p><\/blockquote>\n<p>  Una tecnolog\u00eda de la que es cofundador, inversor y cliente<\/p>\n<p class=\"article-body__text \">\n        Con estas palabras, Djokovic estaba haciendo referencia al m\u00e9todo que emplea para tratar de mantener su cuerpo en las mejores condiciones. El serbio hablaba de la <strong>tecnolog\u00eda Reg\u00e9nesis, de la que es cofundador, inversor y tambi\u00e9n cliente<\/strong>. Reg\u00e9nesis es <strong>una c\u00e1psula de bienestar multisensorial dise\u00f1ada para restablecer las energ\u00edas.<\/strong>\n<\/p>\n<p class=\"article-body__text \">\n        Desde la compa\u00f1\u00eda explican en su portal web que \u201cel Reg\u00e9nesis Pod es una experiencia totalmente inmersiva impulsada por nuestra tecnolog\u00eda patentada Compounding Synergetics. <strong>Dise\u00f1ado para rejuvenecer toda tu fisiolog\u00eda, <\/strong>promueve una relajaci\u00f3n profunda y la recuperaci\u00f3n, ayud\u00e1ndote a restablecerte y sentirte renovado como nunca antes\u201d. Las c\u00e1psulas trabajan con terapia de luz, frecuencia de sonido, campos electromagn\u00e9ticos pulsados, aromaterapia, energ\u00eda de cristal y calor infrarrojo.\n<\/p>\n<p class=\"article-body__text \">\n        El propio tenista afirm\u00f3 que a lo largo de su carrera <strong>\u201che buscado constantemente cualquier ventaja que impulse un rendimiento m\u00e1ximo constante y me mantenga en la cima\u201d<\/strong>. El proceso de esta b\u00fasqueda ha desembocado en Reg\u00e9nisis, que como explica es \u201cuna c\u00e1psula de bienestar multisensorial que restablece tus bater\u00edas en el menor tiempo posible, que es de ocho minutos. Es una soluci\u00f3n moderna a una vida ocupada. Entras y sales, y te sientes refrescado, revitalizado y recargado para el resto del d\u00eda\u201d.\n<\/p>\n<p class=\"article-body__text \">\n        Ahora est\u00e1 por ver el resultado que ofrece la m\u00e1quina y hasta d\u00f3nde es capaz de llegar <a href=\"https:\/\/www.noticiasdenavarra.com\/tags\/novak-djokovic\/\" title=\"Djokovic\" class=\"link copy\" rel=\"nofollow noopener\" target=\"_blank\">Djokovic<\/a>, que enfila el ocaso de su carrera deportiva, <strong>el \u00faltimo de la generaci\u00f3n del <\/strong><strong>Big Three<\/strong><strong>, que cerrar\u00e1 una de las \u00e9pocas m\u00e1s apasionantes de la historia del tenis.<\/strong>\n<\/p>\n<p>            <script async src=\"https:\/\/platform.twitter.com\/widgets.js\" charset=\"utf-8\"><\/script><\/p>\n","protected":false},"excerpt":{"rendered":"Novak Djokovic est\u00e1 tratando de ganar tiempo al tiempo. Busca f\u00f3rmulas para recuperar su mejor nivel, o al&hellip;\n","protected":false},"author":2,"featured_media":269742,"comment_status":"","ping_status":"","sticky":false,"template":"","format":"standard","meta":{"footnotes":""},"categories":[274],"tags":[873,168,2132,25,24,66356,10480,11132,8626,10209,23,167,327,326,1064],"class_list":{"0":"post-269741","1":"post","2":"type-post","3":"status-publish","4":"format-standard","5":"has-post-thumbnail","7":"category-tenis","8":"tag-cuerpo","9":"tag-deportes","10":"tag-djokovic","11":"tag-es","12":"tag-espana","13":"tag-inmerso","14":"tag-lesiones","15":"tag-maquina","16":"tag-proceso","17":"tag-reconstruccion","18":"tag-spain","19":"tag-sports","20":"tag-tenis","21":"tag-tennis","22":"tag-tratamiento"},"share_on_mastodon":{"url":"https:\/\/pubeurope.com\/@es\/115658026467262904","error":""},"_links":{"self":[{"href":"https:\/\/www.europesays.com\/es\/wp-json\/wp\/v2\/posts\/269741","targetHints":{"allow":["GET"]}}],"collection":[{"href":"https:\/\/www.europesays.com\/es\/wp-json\/wp\/v2\/posts"}],"about":[{"href":"https:\/\/www.europesays.com\/es\/wp-json\/wp\/v2\/types\/post"}],"author":[{"embeddable":true,"href":"https:\/\/www.europesays.com\/es\/wp-json\/wp\/v2\/users\/2"}],"replies":[{"embeddable":true,"href":"https:\/\/www.europesays.com\/es\/wp-json\/wp\/v2\/comments?post=269741"}],"version-history":[{"count":0,"href":"https:\/\/www.europesays.com\/es\/wp-json\/wp\/v2\/posts\/269741\/revisions"}],"wp:featuredmedia":[{"embeddable":true,"href":"https:\/\/www.europesays.com\/es\/wp-json\/wp\/v2\/media\/269742"}],"wp:attachment":[{"href":"https:\/\/www.europesays.com\/es\/wp-json\/wp\/v2\/media?parent=269741"}],"wp:term":[{"taxonomy":"category","embeddable":true,"href":"https:\/\/www.europesays.com\/es\/wp-json\/wp\/v2\/categories?post=269741"},{"taxonomy":"post_tag","embeddable":true,"href":"https:\/\/www.europesays.com\/es\/wp-json\/wp\/v2\/tags?post=269741"}],"curies":[{"name":"wp","href":"https:\/\/api.w.org\/{rel}","templated":true}]}}