{"id":269743,"date":"2025-12-03T22:36:12","date_gmt":"2025-12-03T22:36:12","guid":{"rendered":"https:\/\/www.europesays.com\/es\/269743\/"},"modified":"2025-12-03T22:36:12","modified_gmt":"2025-12-03T22:36:12","slug":"primero-el-entrenador-ahora-el-masajista-el-athletic-pesca-en-el-entorno-de-tadej-pogacar-ciclismo-deportes","status":"publish","type":"post","link":"https:\/\/www.europesays.com\/es\/269743\/","title":{"rendered":"Primero el entrenador, ahora el masajista: el Athletic pesca en el entorno de Tadej Pogacar | Ciclismo | Deportes"},"content":{"rendered":"<p class=\"\">Ante el Guggenheim de Bilbao, en el escenario de la presentaci\u00f3n de la salida del Tour de Francia de 2023, <a href=\"https:\/\/elpais.com\/deportes\/2023-07-01\/ongi-etourri-bienvenidos-a-euskadi.html\" target=\"_self\" rel=\"nofollow noopener\" title=\"https:\/\/elpais.com\/deportes\/2023-07-01\/ongi-etourri-bienvenidos-a-euskadi.html\">Tadej Pogacar, txapela en testa, no pudo menos que terminar unas palabras en ingl\u00e9s gritando \u201caupa Bilbao, aupa Athletic eta gora Eusskadi\u00bb.<\/a> La arenga se la hab\u00eda soplado, entre masaje y masaje, su fisio de confianza y amigo Joseba Elguezabal, vizca\u00edno de Gatika y muy del Athletic. El gesto le vali\u00f3 al crack esloveno que el Athletic le regalara una camiseta del equipo con su nombre y el dorsal 11; <a href=\"https:\/\/elpais.com\/deportes\/ciclismo\/2024-03-23\/pogacar-esta-en-manos-de-papi.html\" target=\"_self\" rel=\"nofollow noopener\" title=\"https:\/\/elpais.com\/deportes\/ciclismo\/2024-03-23\/pogacar-esta-en-manos-de-papi.html\">a Elguezabal, de 44 a\u00f1os y padre de un ni\u00f1o de tres, la recompensa le lleg\u00f3 esta semana, cuando el Athletic le fich\u00f3 como masajista del primer equipo.<\/a><\/p>\n<p class=\"\">Es el segundo miembro del equipo de cuidadores que llega al club de San Mam\u00e9s desde la llamada burbuja Pogacar, dos a\u00f1os despu\u00e9s de la contrataci\u00f3n <a href=\"https:\/\/elpais.com\/deportes\/futbol\/2023-10-24\/el-athletic-ficha-al-preparador-de-tadej-pogacar.html\" target=\"_self\" rel=\"nofollow noopener\" title=\"https:\/\/elpais.com\/deportes\/futbol\/2023-10-24\/el-athletic-ficha-al-preparador-de-tadej-pogacar.html\">del m\u00e9dico y entrenador personal del esloveno \u00cd\u00f1igo San Mill\u00e1n.<\/a> Sigue en cierta forma los pasos de otro masajista m\u00edtico del mundo del ciclismo, Marcelino Torrontegui, doctor en fisioterapia y la otra mitad de Tony Rominger, que dej\u00f3 las bicis por el CD M\u00e1laga varios a\u00f1os.<\/p>\n<p class=\"\">Elguezabal \u2013campesino, mal ciclista, boxeador, portero de discoteca y de hotel de lujo, socio del Madrid, pero, ante todo, fiel de la religi\u00f3n del Athletic\u2014 sent\u00f3 la cabeza a los 27. Hizo un curso de masaje deportivo y trabaj\u00f3 en el Seguros Bilbao amateur, en el Caja Rural y con la selecci\u00f3n espa\u00f1ola de ciclismo en tiempos de Javier M\u00ednguez antes de entrar en el UAE en 2019, el a\u00f1o en el que Pogacar, tercero en la Vuelta a los 20 a\u00f1os, empez\u00f3 a deslumbrar al mundo. Desde entonces eran inseparables. 200 d\u00edas al a\u00f1o. Media hora al d\u00eda de masaje con rap y reggaet\u00f3n de m\u00fasica ambiental, y charlas y confesiones, muchas m\u00e1s de convivencia. <a href=\"https:\/\/elpais.com\/deportes\/2022-07-13\/ultimo-dia-de-amarillo-en-los-alpes-para-pogacar.html\" target=\"_self\" rel=\"nofollow noopener\" title=\"https:\/\/elpais.com\/deportes\/2022-07-13\/ultimo-dia-de-amarillo-en-los-alpes-para-pogacar.html\">Le lava y le mima el maillot amarillo <\/a>o la maglia rosa, el arco\u00edris y cualquier maillot que deba vestir y le prende con imperdibles los dorsales. Le prepara el desayuno y le da charla. Y este Tour, despu\u00e9s de darle de beber su primera botella recuperante y protegerle con su gran corpach\u00f3n del acoso de c\u00e1mara y periodistas en las llegadas de las etapas, trabajo extra por las noches con la rodilla derecha dolorida del esloveno tras la ca\u00edda que sufri\u00f3 est\u00fapidamente en los \u00faltimos kil\u00f3metros de la und\u00e9cima etapa, llegando a Toulouse. El pelot\u00f3n le esper\u00f3, y \u00e9l lo agradeci\u00f3, pero corri\u00f3 descompensado el resto del Tour, y m\u00e1s a\u00fan despu\u00e9s de la etapa 16\u00aa, en la que, aunque no gan\u00f3, <a href=\"https:\/\/elpais.com\/deportes\/ciclismo\/2025-07-22\/paret-peintre-se-proclama-vencedor-en-la-etapa-16-del-tour-de-francia.html\" target=\"_self\" rel=\"nofollow noopener\" title=\"https:\/\/elpais.com\/deportes\/ciclismo\/2025-07-22\/paret-peintre-se-proclama-vencedor-en-la-etapa-16-del-tour-de-francia.html\">bati\u00f3 el r\u00e9cord del ascenso al Mont Ventoux (54m 30s), <\/a>pero en la meta, ya coment\u00f3 que le molestaba mucho la rodilla quiz\u00e1s porque se hab\u00eda dado un golpe con el manillar en un momento de la etapa.<\/p>\n<p class=\"\">Due\u00f1o de una discreci\u00f3n m\u00e1s cercana casi al secreto de confesi\u00f3n sacerdotal que al secreto m\u00e9dico o abogadil, Elguezabal nunca dio la menor pista o indicaci\u00f3n de que su ciclista tuviera problemas, una informaci\u00f3n que animar\u00eda al enemigo. El propio Pogacar, que empez\u00f3 a correr con cierta prudencia en la etapa del Tourmalet para no sobrecargar muscularmente la pierna, pese a que en caliente el dolor no molestaba, para disimular elabor\u00f3 y vendi\u00f3 la teor\u00eda del aburrimiento, del cansancio mental, de que su cabeza ten\u00eda unas ganas locas de acabar la carrera. Aun as\u00ed, a\u00fan guardo fuerzas y deseos para dar espect\u00e1culo bajo la lluvia de Montmartre en un cara a cara salvaje con Wout van Aert. Y cuando termin\u00f3, con la cuarta copa del Tour en su vitrina, les dijo a los suyos: \u201cHe acabado muerto, pero m\u00e1s muertos est\u00e1n los dem\u00e1s\u201d. Pero Elguezabal ya no estar\u00e1 m\u00e1s a su lado para escucharle y confortarle. Le toca ahora tocar otros m\u00fasculos y otras cabezas en el San Mam\u00e9s en el que tanto disfruta como aficionado.<\/p>\n","protected":false},"excerpt":{"rendered":"Ante el Guggenheim de Bilbao, en el escenario de la presentaci\u00f3n de la salida del Tour de Francia&hellip;\n","protected":false},"author":2,"featured_media":269744,"comment_status":"","ping_status":"","sticky":false,"template":"","format":"standard","meta":{"footnotes":""},"categories":[273],"tags":[2839,313,2838,1540,312,168,25,24,549,23,167,2322,27570],"class_list":{"0":"post-269743","1":"post","2":"type-post","3":"status-publish","4":"format-standard","5":"has-post-thumbnail","7":"category-ciclismo","8":"tag-carreras-ciclistas","9":"tag-ciclismo","10":"tag-ciclistas","11":"tag-competiciones","12":"tag-cycling","13":"tag-deportes","14":"tag-es","15":"tag-espana","16":"tag-pogacar","17":"tag-spain","18":"tag-sports","19":"tag-tour-francia","20":"tag-uae-team-emirates"},"share_on_mastodon":{"url":"https:\/\/pubeurope.com\/@es\/115658030015284653","error":""},"_links":{"self":[{"href":"https:\/\/www.europesays.com\/es\/wp-json\/wp\/v2\/posts\/269743","targetHints":{"allow":["GET"]}}],"collection":[{"href":"https:\/\/www.europesays.com\/es\/wp-json\/wp\/v2\/posts"}],"about":[{"href":"https:\/\/www.europesays.com\/es\/wp-json\/wp\/v2\/types\/post"}],"author":[{"embeddable":true,"href":"https:\/\/www.europesays.com\/es\/wp-json\/wp\/v2\/users\/2"}],"replies":[{"embeddable":true,"href":"https:\/\/www.europesays.com\/es\/wp-json\/wp\/v2\/comments?post=269743"}],"version-history":[{"count":0,"href":"https:\/\/www.europesays.com\/es\/wp-json\/wp\/v2\/posts\/269743\/revisions"}],"wp:featuredmedia":[{"embeddable":true,"href":"https:\/\/www.europesays.com\/es\/wp-json\/wp\/v2\/media\/269744"}],"wp:attachment":[{"href":"https:\/\/www.europesays.com\/es\/wp-json\/wp\/v2\/media?parent=269743"}],"wp:term":[{"taxonomy":"category","embeddable":true,"href":"https:\/\/www.europesays.com\/es\/wp-json\/wp\/v2\/categories?post=269743"},{"taxonomy":"post_tag","embeddable":true,"href":"https:\/\/www.europesays.com\/es\/wp-json\/wp\/v2\/tags?post=269743"}],"curies":[{"name":"wp","href":"https:\/\/api.w.org\/{rel}","templated":true}]}}