{"id":269747,"date":"2025-12-03T22:39:11","date_gmt":"2025-12-03T22:39:11","guid":{"rendered":"https:\/\/www.europesays.com\/es\/269747\/"},"modified":"2025-12-03T22:39:11","modified_gmt":"2025-12-03T22:39:11","slug":"duino-y-arribas-firman-la-venta-del-efese-a-expensas-del-csd","status":"publish","type":"post","link":"https:\/\/www.europesays.com\/es\/269747\/","title":{"rendered":"Duino y Arribas firman la venta del Efes\u00e9, a expensas del CSD"},"content":{"rendered":"<p>De una manera discreta, sin dar detalles ni siquiera a los m\u00e1s cercanos y lejos de los medios para evitar miradas indiscretas. As\u00ed se firm\u00f3  &#8230; este mi\u00e9rcoles ante notario el <a href=\"https:\/\/www.laverdad.es\/fccartagena\/arribas-semana-nuevo-dueno-cartagena-duino-firme-20251130074351-nt.html\" data-voc-vtm-id=\"in-text-traffic\" title=\"acuerdo entre Duino y Cortadone \" data-mrf-link=\"www.laverdad.es\" rel=\"nofollow noopener\" target=\"_blank\">acuerdo entre Duino y Cortadone <\/a>Inversiones para que la primera mercantil traspase definitivamente el 100% de las acciones de la SAD albinegra a la segunda. Ninguna de las dos partes quer\u00eda que hubiera filtraciones y todos los detalles del encuentro se llevaron tan en secreto que ni siquiera los empleados del FC Cartagena sab\u00edan si Belmonte se hab\u00eda presentado o no y si finalmente se hab\u00eda <a href=\"https:\/\/www.laverdad.es\/fccartagena\/asunto-cerrado-cartagena-vendido-alejandro-arribas-millones-20251126202717-nt.html\" data-voc-vtm-id=\"in-text-traffic\" title=\"finiquitado el asunto ante notario\" data-mrf-link=\"www.laverdad.es\" rel=\"nofollow noopener\" target=\"_blank\">finiquitado el asunto ante notario<\/a>.<\/p>\n<p class=\"v-p\">Seg\u00fan pudo saber LA VERDAD, se present\u00f3 Belmonte, acompa\u00f1ado de Fernando Carre\u00f1o (persona interpuesta desde 2015 por Felipe Moreno para controlar el 85% de Duino sin aparecer en ning\u00fan papel) y, por supuesto, estuvo Alejandro Arribas representando a la sociedad que se hace cargo del club. No hubo sorpresas y todas las partes rubricaron ante notario el contrato privado que hab\u00edan firmado el pasado 26 de noviembre, seg\u00fan confirmaron a este peri\u00f3dico fuentes de la operaci\u00f3n.<\/p>\n<p class=\"v-p\">No obstante, el club no pudo hacer oficial este mi\u00e9rcoles el cambio de manos de la propiedad y el inicio de esta nueva etapa porque falta un documento del Consejo Superior de Deportes (CSD) que es \u00ababsolutamente indispensable\u00bb para que el contrato privado se eleve a p\u00fablico. Arribas present\u00f3 el pasado viernes una notificaci\u00f3n formal al CSD, en la que se inclu\u00eda el nombre y domicilio del nuevo due\u00f1o del FC Cartagena, el precio de la transacci\u00f3n (que finalmente ha sido de 5,5 millones) y los detalles de la compraventa.<\/p>\n<p class=\"v-p\">Fuentes del CSD consultadas por LA VERDAD confirmaron que ese documento entr\u00f3 el pasado 28 de noviembre y que habitualmente el plazo para cotejar esta informaci\u00f3n esencial es de entre 7 y 10 d\u00edas. Es un formalismo habitual cuando un club de f\u00fatbol cambia de manos y, seg\u00fan fuentes de Cortadone Inversiones, no habr\u00e1 problemas para que el organismo que preside Jos\u00e9 Manuel Rodr\u00edguez Uribes d\u00e9 el visto bueno a la entrada de Arribas. Despu\u00e9s habr\u00e1 que dar otros pasos: relevar al actual consejo de administraci\u00f3n, presentar un informe de auditor\u00eda y una memoria justificativa con los motivos por los que la entidad solicita cambiar de manos.<\/p>\n<p>El &#8216;s\u00ed&#8217; se da por hecho<\/p>\n<p class=\"v-p\">Con todo, en el entorno de Arribas esperan recibir ese papel del CSD con el &#8216;s\u00ed&#8217; al cambio de propiedad antes del fin de semana. Si se demorara a la semana que viene no pasar\u00eda nada, aducen fuentes de Cortadone, puesto que la idea es presentar p\u00fablicamente el nuevo proyecto y anunciar la vuelta de V\u00edctor Alonso a la gerencia y la llegada de Javi Hern\u00e1ndez y Jer\u00f3nimo Barrales a la direcci\u00f3n deportiva a partir del martes, cuando pasen los partidos de Copa de este jueves y el derbi del lunes.<\/p>\n<p class=\"v-p\">A expensas de ese documento que est\u00e1 por llegar del CSD, la firma entre comprador y vendedor ya est\u00e1. Y a nivel operativo, en el Cartagena ya se mueve todo el mundo al ritmo que marcan Arribas y Alonso. Ambos presidir\u00e1n este jueves desde el palco el choque ante el Valencia y este martes estuvieron el derbi de f\u00fatbol sala, acompa\u00f1ando a Miguel \u00c1ngel Jim\u00e9nez Bosque, presidente del Jimbee. Alonso estar\u00e1 este jueves a primera hora en las oficinas del club, donde tendr\u00e1 sus primeras reuniones con proveedores a los que se debe dinero.<\/p>\n<p class=\"v-p\">Javi Hern\u00e1ndez y Jer\u00f3nimo Barrales estuvieron este mi\u00e9rcoles en el Juan \u00c1ngel Zamora de Ciudad Jard\u00edn viendo al Juvenil A de Liga Nacional, que se impuso al Ranero (4-2). Ambos ya se han instalado en Cartagena y desde este jueves comenzar\u00e1n a trabajar en la remodelaci\u00f3n de la cantera.<\/p>\n","protected":false},"excerpt":{"rendered":"De una manera discreta, sin dar detalles ni siquiera a los m\u00e1s cercanos y lejos de los medios&hellip;\n","protected":false},"author":2,"featured_media":269748,"comment_status":"","ping_status":"","sticky":false,"template":"","format":"standard","meta":{"footnotes":""},"categories":[268],"tags":[11244,39345,168,57586,31747,25,24,1431,2470,280,282,281,23,167,2913],"class_list":{"0":"post-269747","1":"post","2":"type-post","3":"status-publish","4":"format-standard","5":"has-post-thumbnail","7":"category-futbol","8":"tag-arribas","9":"tag-csd","10":"tag-deportes","11":"tag-duino","12":"tag-efese","13":"tag-es","14":"tag-espana","15":"tag-expensas","16":"tag-firman","17":"tag-football","18":"tag-futbol","19":"tag-soccer","20":"tag-spain","21":"tag-sports","22":"tag-venta"},"share_on_mastodon":{"url":"https:\/\/pubeurope.com\/@es\/115658041891913573","error":""},"_links":{"self":[{"href":"https:\/\/www.europesays.com\/es\/wp-json\/wp\/v2\/posts\/269747","targetHints":{"allow":["GET"]}}],"collection":[{"href":"https:\/\/www.europesays.com\/es\/wp-json\/wp\/v2\/posts"}],"about":[{"href":"https:\/\/www.europesays.com\/es\/wp-json\/wp\/v2\/types\/post"}],"author":[{"embeddable":true,"href":"https:\/\/www.europesays.com\/es\/wp-json\/wp\/v2\/users\/2"}],"replies":[{"embeddable":true,"href":"https:\/\/www.europesays.com\/es\/wp-json\/wp\/v2\/comments?post=269747"}],"version-history":[{"count":0,"href":"https:\/\/www.europesays.com\/es\/wp-json\/wp\/v2\/posts\/269747\/revisions"}],"wp:featuredmedia":[{"embeddable":true,"href":"https:\/\/www.europesays.com\/es\/wp-json\/wp\/v2\/media\/269748"}],"wp:attachment":[{"href":"https:\/\/www.europesays.com\/es\/wp-json\/wp\/v2\/media?parent=269747"}],"wp:term":[{"taxonomy":"category","embeddable":true,"href":"https:\/\/www.europesays.com\/es\/wp-json\/wp\/v2\/categories?post=269747"},{"taxonomy":"post_tag","embeddable":true,"href":"https:\/\/www.europesays.com\/es\/wp-json\/wp\/v2\/tags?post=269747"}],"curies":[{"name":"wp","href":"https:\/\/api.w.org\/{rel}","templated":true}]}}