{"id":269749,"date":"2025-12-03T22:40:16","date_gmt":"2025-12-03T22:40:16","guid":{"rendered":"https:\/\/www.europesays.com\/es\/269749\/"},"modified":"2025-12-03T22:40:16","modified_gmt":"2025-12-03T22:40:16","slug":"cuando-lo-vi-me-fui-al-bano-a-vomitar","status":"publish","type":"post","link":"https:\/\/www.europesays.com\/es\/269749\/","title":{"rendered":"Cuando lo vi me fui al ba\u00f1o a vomitar"},"content":{"rendered":"<p class=\"c-paragraph\"><a href=\"https:\/\/www.20minutos.es\/tags\/personas\/alexia-rivas.html\" title=\"Alexia Rivas\" rel=\"nofollow noopener\" target=\"_blank\">Alexia Rivas<\/a> ha decidido hablar abiertamente sobre <b>la alopecia areata que padece<\/b>, un problema que hizo p\u00fablico recientemente en su Instagram y que este mi\u00e9rcoles ha tratado con mayor detalle en El tiempo justo.<\/p>\n<p class=\"c-paragraph\">La colaboradora <b>ha querido mostrar\u00a0la zona afectada de su cabeza<\/b> y ha explicado que, gracias al trabajo del equipo de estilismo y a la densidad de su propia melena, ha podido llevar la situaci\u00f3n con mayor discreci\u00f3n ante las c\u00e1maras.<\/p>\n<p class=\"c-paragraph\">En su conversaci\u00f3n con <a href=\"https:\/\/www.20minutos.es\/tags\/personas\/joaquin-prat.html\" title=\"Joaqu\u00edn Prat\" rel=\"nofollow noopener\" target=\"_blank\">Joaqu\u00edn Prat<\/a>, Rivas ha recordado el momento en que descubri\u00f3 la lesi\u00f3n capilar, aproximadamente un mes atr\u00e1s, en pleno deterioro de la salud de su abuela. Fue su madre quien percibi\u00f3 la p\u00e9rdida de cabello por primera vez. \u00ab<b>Cuando lo vi me fui al ba\u00f1o a vomitar<\/b>. Pens\u00e9 que me estaba quedando calva\u00bb, ha se\u00f1alado.<\/p>\n<p class=\"c-paragraph\">La comunicadora ha atribuido este episodio <b>al estr\u00e9s acumulado y a un a\u00f1o especialmente complicado<\/b> en lo personal y profesional: \u00abLlevo un 2025 malo. Parezco siempre alegre con mi humor pero por dentro sufro [&#8230;] El estr\u00e9s nos afecta a todos y es importante paralizarlo porque si no te paraliza la vida\u00bb.<\/p>\n<p class=\"c-paragraph\">Su sinceridad en redes, seg\u00fan ha afirmado, <b>ha tenido una gran repercusi\u00f3n entre su audiencia<\/b>. Muchas personas se han sentido identificadas y otras le han agradecido que abordase el tema, especialmente madres de ni\u00f1os autistas que, al no poder verbalizar lo que les ocurre, encontraron en su relato una referencia esclarecedora. \u00abQuiero mostrarme humana y cercana al p\u00fablico\u00bb, ha expresado.<\/p>\n<p class=\"c-paragraph\">Pese a la angustia inicial, Rivas ha aclarado que <b>su pron\u00f3stico es favorable<\/b>, tal como le ha asegurado su especialista: \u00abEl m\u00e9dico me dice que voy a recuperar el pelo, pero que cuanto antes me olvide que tengo la calve, antes la voy a recuperar\u00bb.<\/p>\n","protected":false},"excerpt":{"rendered":"Alexia Rivas ha decidido hablar abiertamente sobre la alopecia areata que padece, un problema que hizo p\u00fablico recientemente&hellip;\n","protected":false},"author":2,"featured_media":269750,"comment_status":"","ping_status":"","sticky":false,"template":"","format":"standard","meta":{"footnotes":""},"categories":[174],"tags":[34831,255,146,147,25,24,256,4596,33,57,23,3271],"class_list":{"0":"post-269749","1":"post","2":"type-post","3":"status-publish","4":"format-standard","5":"has-post-thumbnail","7":"category-famosos","8":"tag-alexia","9":"tag-celebrities","10":"tag-entertainment","11":"tag-entretenimiento","12":"tag-es","13":"tag-espana","14":"tag-famosos","15":"tag-habla","16":"tag-rivas","17":"tag-sobre","18":"tag-spain","19":"tag-su"},"share_on_mastodon":{"url":"https:\/\/pubeurope.com\/@es\/115658045934827320","error":""},"_links":{"self":[{"href":"https:\/\/www.europesays.com\/es\/wp-json\/wp\/v2\/posts\/269749","targetHints":{"allow":["GET"]}}],"collection":[{"href":"https:\/\/www.europesays.com\/es\/wp-json\/wp\/v2\/posts"}],"about":[{"href":"https:\/\/www.europesays.com\/es\/wp-json\/wp\/v2\/types\/post"}],"author":[{"embeddable":true,"href":"https:\/\/www.europesays.com\/es\/wp-json\/wp\/v2\/users\/2"}],"replies":[{"embeddable":true,"href":"https:\/\/www.europesays.com\/es\/wp-json\/wp\/v2\/comments?post=269749"}],"version-history":[{"count":0,"href":"https:\/\/www.europesays.com\/es\/wp-json\/wp\/v2\/posts\/269749\/revisions"}],"wp:featuredmedia":[{"embeddable":true,"href":"https:\/\/www.europesays.com\/es\/wp-json\/wp\/v2\/media\/269750"}],"wp:attachment":[{"href":"https:\/\/www.europesays.com\/es\/wp-json\/wp\/v2\/media?parent=269749"}],"wp:term":[{"taxonomy":"category","embeddable":true,"href":"https:\/\/www.europesays.com\/es\/wp-json\/wp\/v2\/categories?post=269749"},{"taxonomy":"post_tag","embeddable":true,"href":"https:\/\/www.europesays.com\/es\/wp-json\/wp\/v2\/tags?post=269749"}],"curies":[{"name":"wp","href":"https:\/\/api.w.org\/{rel}","templated":true}]}}