{"id":269766,"date":"2025-12-03T22:51:09","date_gmt":"2025-12-03T22:51:09","guid":{"rendered":"https:\/\/www.europesays.com\/es\/269766\/"},"modified":"2025-12-03T22:51:09","modified_gmt":"2025-12-03T22:51:09","slug":"cientos-de-inmigrantes-venezolanos-repatriados-desde-estados-unidos-a-venezuela","status":"publish","type":"post","link":"https:\/\/www.europesays.com\/es\/269766\/","title":{"rendered":"Cientos de inmigrantes venezolanos repatriados desde Estados Unidos a Venezuela"},"content":{"rendered":"<p>El vuelo, identificado por plataformas de seguimiento como operado por <strong>Eastern Airlines<\/strong>, parti\u00f3 desde <strong>Phoenix (Arizona)<\/strong> y ten\u00eda previsto aterrizar en el aeropuerto internacional de Maiquet\u00eda a \u00faltima hora de la tarde. Aunque inicialmente no se hab\u00eda precisado la cifra de repatriados, el Gobierno venezolano confirm\u00f3 m\u00e1s tarde la llegada del grupo.<\/p>\n<p>La repatriaci\u00f3n fue posible luego de que Caracas <strong>autorizara nuevamente los vuelos gestionados por Eastern Airlines<\/strong>, en respuesta a una solicitud de la Administraci\u00f3n de Donald Trump. El Ministerio de Transporte inform\u00f3 que la decisi\u00f3n fue adoptada por instrucciones del presidente Nicol\u00e1s Maduro y que estos vuelos, parte de un acuerdo vigente desde enero, suelen operar de forma regular los mi\u00e9rcoles y viernes.<\/p>\n<p>La medida se produjo pocos d\u00edas despu\u00e9s de que Venezuela denunciara que Estados Unidos hab\u00eda suspendido de manera unilateral estos traslados, tras declaraciones de Trump en las que se\u00f1al\u00f3 que el <strong>espacio a\u00e9reo venezolano deb\u00eda considerarse \u201ccompletamente cerrado\u201d<\/strong>. Caracas rechaz\u00f3 esas afirmaciones asegurando que ninguna autoridad extranjera puede condicionar el uso de su espacio a\u00e9reo.<\/p>\n<p>Las fricciones entre ambos gobiernos se han intensificado con el <strong>despliegue militar estadounidense en el Caribe<\/strong>, presentado por Washington como una operaci\u00f3n antidrogas y criticado por el Ejecutivo venezolano como una amenaza directa.<\/p>\n<p>A este contexto se suma la alerta emitida el 21 de noviembre por la <strong>Administraci\u00f3n Federal de Aviaci\u00f3n (FAA)<\/strong>, que pidi\u00f3 extremar precauciones al sobrevolar Venezuela y el sur del Caribe por considerarlo un entorno de riesgo. La advertencia provoc\u00f3 <strong>cancelaciones de vuelos<\/strong> y agrav\u00f3 las dificultades para mantener la regularidad del tr\u00e1fico a\u00e9reo en el pa\u00eds.<\/p>\n","protected":false},"excerpt":{"rendered":"El vuelo, identificado por plataformas de seguimiento como operado por Eastern Airlines, parti\u00f3 desde Phoenix (Arizona) y ten\u00eda&hellip;\n","protected":false},"author":2,"featured_media":269767,"comment_status":"","ping_status":"","sticky":false,"template":"","format":"standard","meta":{"footnotes":""},"categories":[42],"tags":[7351,17,18,6191,893,629,13,14,11,61,62,63,64,19,20,9,10,15,16,12,21,22,1192,65,66,67],"class_list":{"0":"post-269766","1":"post","2":"type-post","3":"status-publish","4":"format-standard","5":"has-post-thumbnail","7":"category-internacional","8":"tag-aeropuerto","9":"tag-breaking-news","10":"tag-breakingnews","11":"tag-caracas","12":"tag-deportacion","13":"tag-estados-unidos","14":"tag-featured-news","15":"tag-featurednews","16":"tag-headlines","17":"tag-internacional","18":"tag-international","19":"tag-international-news","20":"tag-internationalnews","21":"tag-latest-news","22":"tag-latestnews","23":"tag-news","24":"tag-noticias","25":"tag-noticias-destacadas","26":"tag-noticiasdestacadas","27":"tag-titulares","28":"tag-ultimas-noticias","29":"tag-ultimasnoticias","30":"tag-venezuela","31":"tag-world","32":"tag-world-news","33":"tag-worldnews"},"share_on_mastodon":{"url":"https:\/\/pubeurope.com\/@es\/115658089091272744","error":""},"_links":{"self":[{"href":"https:\/\/www.europesays.com\/es\/wp-json\/wp\/v2\/posts\/269766","targetHints":{"allow":["GET"]}}],"collection":[{"href":"https:\/\/www.europesays.com\/es\/wp-json\/wp\/v2\/posts"}],"about":[{"href":"https:\/\/www.europesays.com\/es\/wp-json\/wp\/v2\/types\/post"}],"author":[{"embeddable":true,"href":"https:\/\/www.europesays.com\/es\/wp-json\/wp\/v2\/users\/2"}],"replies":[{"embeddable":true,"href":"https:\/\/www.europesays.com\/es\/wp-json\/wp\/v2\/comments?post=269766"}],"version-history":[{"count":0,"href":"https:\/\/www.europesays.com\/es\/wp-json\/wp\/v2\/posts\/269766\/revisions"}],"wp:featuredmedia":[{"embeddable":true,"href":"https:\/\/www.europesays.com\/es\/wp-json\/wp\/v2\/media\/269767"}],"wp:attachment":[{"href":"https:\/\/www.europesays.com\/es\/wp-json\/wp\/v2\/media?parent=269766"}],"wp:term":[{"taxonomy":"category","embeddable":true,"href":"https:\/\/www.europesays.com\/es\/wp-json\/wp\/v2\/categories?post=269766"},{"taxonomy":"post_tag","embeddable":true,"href":"https:\/\/www.europesays.com\/es\/wp-json\/wp\/v2\/tags?post=269766"}],"curies":[{"name":"wp","href":"https:\/\/api.w.org\/{rel}","templated":true}]}}