{"id":269768,"date":"2025-12-03T22:52:20","date_gmt":"2025-12-03T22:52:20","guid":{"rendered":"https:\/\/www.europesays.com\/es\/269768\/"},"modified":"2025-12-03T22:52:20","modified_gmt":"2025-12-03T22:52:20","slug":"mariano-rajoy-tajante-sobre-si-se-puede-producir-en-espana-un-fraude-electoral-en-las-proximas-elecciones-generales-visto-lo-visto","status":"publish","type":"post","link":"https:\/\/www.europesays.com\/es\/269768\/","title":{"rendered":"Mariano Rajoy, tajante sobre si se puede producir en Espa\u00f1a un fraude electoral en las pr\u00f3ximas elecciones generales: \u00abVisto lo visto&#8230;\u00bb"},"content":{"rendered":"<p style=\"\">Espa\u00f1a atraviesa en los \u00faltimos meses uno de los tiempos m\u00e1s convulsos desde que se implantara la democracia en nuestro pa\u00eds. Al menos as\u00ed lo cree <strong>Mariano Rajoy<\/strong>, quien fuera <strong>presidente del Gobierno entre 2011 y 2018<\/strong>, despu\u00e9s de la entrada en prisi\u00f3n  &#8230; del <a href=\"https:\/\/www.abc.es\/recreo\/arturo-perezreverte-oye-pedro-sanchez-decir-ningun-20251203095211-nt.html\" title=\"www.abc.es\" data-voc-vtm-id=\"in-text-traffic\" data-mrf-link=\"www.abc.es\" rel=\"nofollow noopener\" target=\"_blank\">exministro Jos\u00e9 Luis \u00c1balos<\/a>, que ha salpicado de lleno al PSOE y al <strong>Ejecutivo de Pedro S\u00e1nchez<\/strong>. Tal es la <strong>\u00abanomal\u00eda democr\u00e1tica\u00bb<\/strong> que se vive, a ra\u00edz de estos casos de corrupci\u00f3n y de la falta de Presupuestos, que considera necesario que <strong>se convoquen elecciones pr\u00f3ximamente<\/strong>.<\/p>\n<p class=\"voc-p\" style=\"\">As\u00ed lo ha expuesto este martes en <strong>&#8216;El An\u00e1lisis: Diario de la Noche&#8217;<\/strong>, el programa de <strong>Telemadrid<\/strong> presentado por Antonio Naranjo, a donde el expol\u00edtico &#8216;popular&#8217; acudi\u00f3 para presentar <a href=\"https:\/\/www.abc.es\/gente\/vida-personal-mariano-rajoy-accidente-sufrio-joven-20251113134754-nt.html\" title=\"www.abc.es\" data-voc-vtm-id=\"in-text-traffic\" data-mrf-link=\"www.abc.es\" rel=\"nofollow noopener\" target=\"_blank\">su nuevo libro, &#8216;El arte de gobernar&#8217;<\/a>. Durante esta charla, el gallego no ha dudado en reflexionar sobre el momento pol\u00edtico que atraviesa nuestro pa\u00eds, lanzando varios dardos hacia el actual presidente del Gobierno, adem\u00e1s de asegurar que el momento actual <strong>es \u00abla etapa m\u00e1s sombr\u00eda desde 1978\u00bb<\/strong>. <\/p>\n<p class=\"voc-p\" style=\"\">Rajoy ha comparado su gesti\u00f3n con la de S\u00e1nchez, recordando que <strong>durante su mandato se aprobaron \u00absiete Presupuestos\u00bb<\/strong>, los mismos que a\u00f1os estuvo en el poder, algo que el l\u00edder socialista no ha logrado y por lo que sigue <a href=\"https:\/\/www.abc.es\/espana\/congreso-tumba-senda-estabilidad-gobierno-allana-presupuestos-20251127121046-nt.html\" title=\"www.abc.es\" data-voc-vtm-id=\"in-text-traffic\" data-mrf-link=\"www.abc.es\" rel=\"nofollow noopener\" target=\"_blank\">batallando con sus socios actualmente<\/a>. Adem\u00e1s, ante los casos de presunta corrupci\u00f3n cercanos al Gobierno, el expresidente ha expresado <strong>la urgencia de convocar elecciones<\/strong> cuanto antes \u00abpor el bien de Espa\u00f1a\u00bb.<\/p>\n<p class=\"voc-p\" style=\"\">El que fuera l\u00edder del PP desde 2004 a 2018 tambi\u00e9n ha reflexionado sobre <strong>si debe existir \u00abcierto temor\u00bb ante un posible fraude<\/strong> o que se produzcan ciertas irregularidades en \u00ablas <strong>pr\u00f3ximas elecciones que se celebren en Espa\u00f1a<\/strong>\u00bb. Sobre ello ha hablado con contundencia, asegurando que la Uni\u00f3n Europea podr\u00eda jugar un papel fundamental para que esto no suceda.<\/p>\n<p>\nRajoy, claro sobre si se puede producir un fraude en las pr\u00f3ximas elecciones generales en Espa\u00f1a\n<\/p>\n<p class=\"voc-p\" style=\"\">Ante las posibilidades de que se produzca un fraude electoral como el planteado por Antonio Naranjo, <strong>Mariano Rajoy<\/strong> ha recordado que \u00e9l siempre se ha caracterizado por ser un hombre cauteloso. \u00ab<strong>Yo soy una persona que intento ser prudente<\/strong>, a muchos no les gusta, incluso a muchos de los que me han votado\u00bb, ha empezado exponiendo. <\/p>\n<p class=\"voc-p\" style=\"\">A pesar de que este car\u00e1cter comedido siempre le ha caracterizado, el expresidente espa\u00f1ol ha insistido en que, a d\u00eda de hoy, no se debe desechar ninguna sospecha. \u00ab<strong>A m\u00ed no me gusta acusar sin pruebas, pero, visto lo visto, conviene no descartar absolutamente nada<\/strong>\u00bb, ha reconocido el de Santiago de Compostela.<\/p>\n<p class=\"voc-p\" style=\"\">Rajoy ha asegurado que <strong>\u00abno quiere ni pensar que esto se pueda producir\u00bb<\/strong> y ha se\u00f1alado el papel fundamental que puede tener el hecho de pertenecer en un organismo como la Uni\u00f3n Europea para evitar que esto suceda: \u00abPor fortuna, al contrario de lo que ocurre en Venezuela o M\u00e9xico, <strong>aqu\u00ed vivimos en un espacio pol\u00edtico que es la Uni\u00f3n Europea<\/strong>, cuyo principio b\u00e1sico es que se hizo para la paz\u00bb.<\/p>\n<p class=\"voc-p\" style=\"\">El registrador de la propiedad ha recordado que \u00absolamente se puede ser miembro de la Uni\u00f3n Europea <strong>si eres una democracia<\/strong>\u00bb y, en caso de que se cometan ciertas irregularidades de cualquier tipo, desde el organismo <strong>llamar\u00e1n \u00abal orden\u00bb<\/strong>. \u00abYa nos ha pasado a nosotros cuando se quiso cambiar el sistema de elecci\u00f3n de miembros del consejo del poder judicial\u00bb, rememor\u00f3 el &#8216;popular&#8217; en su declaraci\u00f3n en Telemadrid.<\/p>\n<p class=\"voc-p\" style=\"\">\u00ab<strong>Yo espero que ese fraude no se produzca nunca y que nadie tenga la tentaci\u00f3n de hacerlo<\/strong>. No se me pasa por la imaginaci\u00f3n que si hubiese una prueba clara y contundente de intentar manipular unas elecciones, <strong>Europa actuar\u00eda<\/strong>\u00bb, ha sentenciado el excargo del Partido Popular. <\/p>\n<p class=\"voc-title\">\u00abNo se me pasa por la imaginaci\u00f3n que si hubiese una prueba clara y contundente de intentar manipular unas elecciones, Europa actuar\u00eda\u00bb<\/p>\n<p class=\"voc-article-position__name\">Mariano Rajoy<\/p>\n<p class=\"voc-article-position__employ\">Expresidente del Gobierno de Espa\u00f1a<\/p>\n<p>\nMariano Rajoy, tajante sobre la importancia de que Espa\u00f1a pertenezca a la Uni\u00f3n Europea\n<\/p>\n<p class=\"voc-p\" style=\"\">Durante su intervenci\u00f3n, Rajoy tambi\u00e9n ha aprovechado para hablar de la importancia de que Espa\u00f1a <strong>contin\u00fae como miembro dentro de la Uni\u00f3n Europea<\/strong>, a pesar de que la instituci\u00f3n se haya devaluado en los \u00faltimos a\u00f1os. El expresidente ha aplaudido la labor crucial que este organismo tuvo para frenar las guerras y los conflictos que hab\u00edan ocurrido durante los primeros 50 a\u00f1os del Siglo XX, y el papel que han tenido para lo que naci\u00f3: conseguir la paz.<\/p>\n<p class=\"voc-p\" style=\"\">\u00ab<strong>Es un espacio pol\u00edtico de paz, de democracia, con un bienestar razonable<\/strong>&#8230; Tiene muchas carencias y muchos problemas y ahora podr\u00eda hacerse mejor, <strong>a m\u00ed me gustar\u00eda que hubiera gente con m\u00e1s nivel<\/strong>, como cuando yo era presidente de Espa\u00f1a, que aquello funcionaba. Ahora estamos en una etapa compleja\u00bb, ha explicado.<\/p>\n<p class=\"voc-p\" style=\"\">A pesar de que es consciente de los problemas que tiene la Uni\u00f3n Europea, Rajoy se ha mostrado en contra de \u00abtodos <strong>aquellos que arremeten<\/strong> y utilizan como munici\u00f3n electoral que &#8216;Europa lo hace mal&#8217;\u00bb. \u00abOiga, <strong>Europa es una garant\u00eda, ah\u00ed est\u00e1 buena parte de nuestro pasado y tambi\u00e9n, en mi modesta opini\u00f3n y por suerte, nuestro futuro<\/strong>. No es lo mismo 27 cada uno a su bola que 27 juntos, y por eso yo soy partidario de Europa\u00bb, ha concluido este.<\/p>\n","protected":false},"excerpt":{"rendered":"Espa\u00f1a atraviesa en los \u00faltimos meses uno de los tiempos m\u00e1s convulsos desde que se implantara la democracia&hellip;\n","protected":false},"author":2,"featured_media":269769,"comment_status":"","ping_status":"","sticky":false,"template":"","format":"standard","meta":{"footnotes":""},"categories":[8],"tags":[17,18,346,4374,25,24,13,14,6986,42214,11,19,20,3078,9,10,15,16,154,7411,789,15178,57,23,12,21,22,8922],"class_list":{"0":"post-269768","1":"post","2":"type-post","3":"status-publish","4":"format-standard","5":"has-post-thumbnail","7":"category-espana","8":"tag-breaking-news","9":"tag-breakingnews","10":"tag-contundente","11":"tag-elecciones","12":"tag-es","13":"tag-espana","14":"tag-featured-news","15":"tag-featurednews","16":"tag-fraude","17":"tag-generales","18":"tag-headlines","19":"tag-latest-news","20":"tag-latestnews","21":"tag-mariano","22":"tag-news","23":"tag-noticias","24":"tag-noticias-destacadas","25":"tag-noticiasdestacadas","26":"tag-producir","27":"tag-proximas","28":"tag-puede","29":"tag-rajoy","30":"tag-sobre","31":"tag-spain","32":"tag-titulares","33":"tag-ultimas-noticias","34":"tag-ultimasnoticias","35":"tag-visto"},"share_on_mastodon":{"url":"https:\/\/pubeurope.com\/@es\/115658093051274857","error":""},"_links":{"self":[{"href":"https:\/\/www.europesays.com\/es\/wp-json\/wp\/v2\/posts\/269768","targetHints":{"allow":["GET"]}}],"collection":[{"href":"https:\/\/www.europesays.com\/es\/wp-json\/wp\/v2\/posts"}],"about":[{"href":"https:\/\/www.europesays.com\/es\/wp-json\/wp\/v2\/types\/post"}],"author":[{"embeddable":true,"href":"https:\/\/www.europesays.com\/es\/wp-json\/wp\/v2\/users\/2"}],"replies":[{"embeddable":true,"href":"https:\/\/www.europesays.com\/es\/wp-json\/wp\/v2\/comments?post=269768"}],"version-history":[{"count":0,"href":"https:\/\/www.europesays.com\/es\/wp-json\/wp\/v2\/posts\/269768\/revisions"}],"wp:featuredmedia":[{"embeddable":true,"href":"https:\/\/www.europesays.com\/es\/wp-json\/wp\/v2\/media\/269769"}],"wp:attachment":[{"href":"https:\/\/www.europesays.com\/es\/wp-json\/wp\/v2\/media?parent=269768"}],"wp:term":[{"taxonomy":"category","embeddable":true,"href":"https:\/\/www.europesays.com\/es\/wp-json\/wp\/v2\/categories?post=269768"},{"taxonomy":"post_tag","embeddable":true,"href":"https:\/\/www.europesays.com\/es\/wp-json\/wp\/v2\/tags?post=269768"}],"curies":[{"name":"wp","href":"https:\/\/api.w.org\/{rel}","templated":true}]}}