{"id":269770,"date":"2025-12-03T22:53:24","date_gmt":"2025-12-03T22:53:24","guid":{"rendered":"https:\/\/www.europesays.com\/es\/269770\/"},"modified":"2025-12-03T22:53:24","modified_gmt":"2025-12-03T22:53:24","slug":"el-gobierno-de-garcia-page-destaca-la-apuesta-de-campo-de-criptana-por-la-inclusion-e-integracion-laboral-de-las-personas-con-discapacidad-gobierno-de-castilla-la-mancha","status":"publish","type":"post","link":"https:\/\/www.europesays.com\/es\/269770\/","title":{"rendered":"El Gobierno de Garc\u00eda-Page destaca la apuesta de Campo de Criptana por la inclusi\u00f3n e integraci\u00f3n laboral de las personas con discapacidad &#8211; Gobierno de Castilla-La Mancha"},"content":{"rendered":"<ol>\n<li><a href=\"https:\/\/news.google.com\/rss\/articles\/CBMi_gFBVV95cUxPaWZvR25qbEhEUjE5NXo0dHgzRWszeVp6WDZXdnZnSGlNSG0zSUpTNm5OVHk5dzEwSTNEX3Q2c1kxN3QzNEoySUVuMURTekxJMThVVXNCWmJneVI5YVZ0Y3YwdkZac3o4eUYzaXdIdVhpejl2ZXNYbjl0SXN3Qi15R3AyWWNINlV2bEJ2cGZabDlZemsxb3VhQUpBLXBVTzhnLUx1eThkYzhOTjFNTy00cG5QaWRseUJuRUkzOE5ySG9BWWprelpjcU1BbXE2d0FGWU5VcGNVSW1KOVVtNGJ6X1I1TXFDMjRrdXYzVk03NjJGQmFDX3o2TkFORkRiUQ?oc=5\" target=\"_blank\" rel=\"nofollow noopener\">El Gobierno de Garc\u00eda-Page destaca la apuesta de Campo de Criptana por la inclusi\u00f3n e integraci\u00f3n laboral de las personas con discapacidad<\/a>&nbsp;&nbsp;Gobierno de Castilla-La Mancha<\/li>\n<li><a href=\"https:\/\/news.google.com\/rss\/articles\/CBMiwAFBVV95cUxPWXNmZm8zb19LT2xIdll3WmY4VDJZeWFXWHZiMGNFWndVdVQzaVlaSVZaTmY5cnBndHdXdHdYd3ZaT1E5Nk45U0NnMkM4dDFqNUhjS1R2WF9zMWlIVzZzcm9VR1VfYnktdHFVSk1CWFk4R2lHZU5aS0piQjR2NDNkbTc4MXJwOFY1Rm9xTTFybTRBM19MRnFDbmtrdTJZRXNTMUI4REpwVHFXdWk2bXpmWkdCeFdkOGRVUHFRajQ4cUY?oc=5\" target=\"_blank\" rel=\"nofollow noopener\">El bel\u00e9n de Apanas cumple una d\u00e9cada como joya de la Navidad toledana<\/a>&nbsp;&nbsp;ABC<\/li>\n<li><a href=\"https:\/\/news.google.com\/rss\/articles\/CBMi-AFBVV95cUxQS1Z3Q3JVQXhnaEJSdk50aDRhMHpCNWJkeUtfTjJYak1ldHNvSmhLdEVvTjE5a090V1NHd1VUVml2cmtJX0hsY1dPdEE2bS1nQlRVQld2cjFwb3lqZjNpY0xDU2t6akMwb1JBSHhFTGZKMUgyYVNsZWI3djdPMnFuRWZKaDROamlQMHFPMy03RlNlMXlyRmJ4clZIeXNmMGJCM2FSck1qVzczWXBYT1B6ek1OQW5nRGFnTmJlZjhZUFp4cUlkYjlDMDhVNEhOaUdEdGdONHJIeG1CX3lyLXBWZ09kdXVOQkRqYXhBNEVvSGJMb3oyeHBMUA?oc=5\" target=\"_blank\" rel=\"nofollow noopener\">Castilla-La Mancha impulsa, con 159,1 millones de euros, las pol\u00edticas de discapacidad y fortalece la estabilidad de las entidades sociales<\/a>&nbsp;&nbsp;clmpress<\/li>\n<li><a href=\"https:\/\/news.google.com\/rss\/articles\/CBMilgFBVV95cUxNN3dYVW40U2I3eEUyVEdNeThFX0VyYlVRN2JXcno0d1loWTRtRjdjMnZ4NFByRHVFTklnX05YVjVxUFdUVGUzbFRSTmVMY0JOZWhIUkRGQVlVdXJOUVo0clBVNzRJUWJqeUxqVG5IWU9LZG1IVnU3SlpSUU50REVodXUxUDc4WmR5VHFzeHFxQ1htNGF2SlE?oc=5\" target=\"_blank\" rel=\"nofollow noopener\">Promover la Inclusi\u00f3n Laboral de Personas con Discapacidad<\/a>&nbsp;&nbsp;Herencia.net<\/li>\n<li><a href=\"https:\/\/news.google.com\/rss\/articles\/CBMiywFBVV95cUxQZEFVTDFDT0s5THM5RUpkcmxXUWJQVVpjYjRsMGRkRGJpZXRGV3QxSVBsbUJyejFub2NqT1dCTDNlTV9wWkNXNE9xV1lGZlNtVkItSWNRSTFyNHhxZlpIb3UzLXVydy1BUUVWM05DTGpQcTBlLXFuT0oxOHVJaU1KanZid0U0dHVzR3ZZOFFWVkxjNXl3SDg0N3RCeWNQUE5FX0dhNEI5Wm1hdUNqRWg1amFfRlVNQjFxTGtvR0Rydmt5bjg5SGVKRGsxQQ?oc=5\" target=\"_blank\" rel=\"nofollow noopener\">Campo de Criptana destina 1,1 millones de euros a recursos y programas para personas con discapacidad<\/a>&nbsp;&nbsp;ManchaInformaci\u00f3n<\/li>\n<\/ol>\n","protected":false},"excerpt":{"rendered":"El Gobierno de Garc\u00eda-Page destaca la apuesta de Campo de Criptana por la inclusi\u00f3n e integraci\u00f3n laboral de&hellip;\n","protected":false},"author":2,"featured_media":248356,"comment_status":"","ping_status":"","sticky":false,"template":"","format":"standard","meta":{"footnotes":""},"categories":[5],"tags":[17,18,25,24,13,14,11,19,20,9,10,15,16,23,12,21,22],"class_list":{"0":"post-269770","1":"post","2":"type-post","3":"status-publish","4":"format-standard","5":"has-post-thumbnail","7":"category-titulares","8":"tag-breaking-news","9":"tag-breakingnews","10":"tag-es","11":"tag-espana","12":"tag-featured-news","13":"tag-featurednews","14":"tag-headlines","15":"tag-latest-news","16":"tag-latestnews","17":"tag-news","18":"tag-noticias","19":"tag-noticias-destacadas","20":"tag-noticiasdestacadas","21":"tag-spain","22":"tag-titulares","23":"tag-ultimas-noticias","24":"tag-ultimasnoticias"},"share_on_mastodon":{"url":"https:\/\/pubeurope.com\/@es\/115658096886447242","error":""},"_links":{"self":[{"href":"https:\/\/www.europesays.com\/es\/wp-json\/wp\/v2\/posts\/269770","targetHints":{"allow":["GET"]}}],"collection":[{"href":"https:\/\/www.europesays.com\/es\/wp-json\/wp\/v2\/posts"}],"about":[{"href":"https:\/\/www.europesays.com\/es\/wp-json\/wp\/v2\/types\/post"}],"author":[{"embeddable":true,"href":"https:\/\/www.europesays.com\/es\/wp-json\/wp\/v2\/users\/2"}],"replies":[{"embeddable":true,"href":"https:\/\/www.europesays.com\/es\/wp-json\/wp\/v2\/comments?post=269770"}],"version-history":[{"count":0,"href":"https:\/\/www.europesays.com\/es\/wp-json\/wp\/v2\/posts\/269770\/revisions"}],"wp:featuredmedia":[{"embeddable":true,"href":"https:\/\/www.europesays.com\/es\/wp-json\/wp\/v2\/media\/248356"}],"wp:attachment":[{"href":"https:\/\/www.europesays.com\/es\/wp-json\/wp\/v2\/media?parent=269770"}],"wp:term":[{"taxonomy":"category","embeddable":true,"href":"https:\/\/www.europesays.com\/es\/wp-json\/wp\/v2\/categories?post=269770"},{"taxonomy":"post_tag","embeddable":true,"href":"https:\/\/www.europesays.com\/es\/wp-json\/wp\/v2\/tags?post=269770"}],"curies":[{"name":"wp","href":"https:\/\/api.w.org\/{rel}","templated":true}]}}