{"id":269775,"date":"2025-12-03T23:04:14","date_gmt":"2025-12-03T23:04:14","guid":{"rendered":"https:\/\/www.europesays.com\/es\/269775\/"},"modified":"2025-12-03T23:04:14","modified_gmt":"2025-12-03T23:04:14","slug":"una-influencer-espanola-rompe-a-llorar-al-revelar-que-no-para-de-ir-al-bano-durante-su-ultimo-viaje-esta-bien-tener-secretos","status":"publish","type":"post","link":"https:\/\/www.europesays.com\/es\/269775\/","title":{"rendered":"Una &#8216;influencer&#8217; espa\u00f1ola rompe a llorar al revelar que no para de ir al ba\u00f1o durante su \u00faltimo viaje: \u00abEst\u00e1 bien tener secretos&#8230;\u00bb"},"content":{"rendered":"<p class=\"c-paragraph\">Una de las situaciones m\u00e1s desagradables que podemos experimentar cuando nos encontramos fuera de casa es enfermarnos. Eso es algo que la influencer<b> <\/b><b>Sof\u00eda de Sastre <\/b>(@sofi.desastre) sabe de primera mano, pues ella misma ha padecido las <b>peores secuelas<\/b> tras contagiarse de un virus gastrointestinal durante su reciente viaje a Rep\u00fablica Dominicana.<\/p>\n<p class=\"c-paragraph\">En su v\u00eddeo, la tiktoker, conocida en redes por su contenido de maquillaje y belleza, se muestra m\u00e1s vulnerable que nunca frente a sus seguidores al relatar el dif\u00edcil momento que atraviesa a nivel de salud. <b>\u00abNo puedo parar de hacer caca\u00bb,<\/b> confesaba Sofi, entre l\u00e1grimas, aludiendo a su malestar intestinal y a sus recurrentes defecaciones en los \u00faltimos d\u00edas.<\/p>\n<p class=\"c-paragraph\"><b>\u00abEs una cosa asquerosa, abominable\u00bb,<\/b> admit\u00eda la creadora de contenido, incr\u00e9dula ante su capacidad para seguir evacuando de vientre a cada rato y \u00abhacer caca de todos los colores\u00bb. Visiblemente afectada, la andaluza revela que ha permanecido varios d\u00edas recluida en la habitaci\u00f3n de su hotel para evitar verse obligada a ausentarse para ir al ba\u00f1o.<\/p>\n<p class=\"c-paragraph\">Pese a todo, la influencer tampoco deja atr\u00e1s su particular sentido del humor y remata con una indirecta para aquellas personas que van a volar\u00a0 con ella rumbo a Espa\u00f1a: \u00abAhora mismo estoy llorando yo, pero <b>dentro de poco van a llorar todos mis compa\u00f1eros porque a m\u00ed me queda un vuelo de nueve horas.<\/b> No hace falta que diga nada m\u00e1s, \u00bfverdad?\u00bb.<\/p>\n<p class=\"c-paragraph\">Como era de esperar, este surrealista testimonio sobre sus problemas gastrointestinales no ha pasado inadvertido en redes sociales. Entre los mensajes que le desean una pronta recuperaci\u00f3n y que valoran de forma positiva su honestidad sin filtros, numerosos usuarios han se\u00f1alado el <b>car\u00e1cter \u00abinnecesario\u00bb<\/b> y fuera de lugar de sus palabras.<\/p>\n<p class=\"c-paragraph\">\u00ab\u00bfY era necesario subir esto?\u00bb, \u00abacabo de conocerla de la peor forma\u00bb, \u00abse llama diarrea\u00bb, \u00abest\u00e1 bien tener secretos&#8230;\u00bb o<b> \u00abnormalicemos mantener cierta informaci\u00f3n privada\u00bb<\/b> son solo algunos de los comentarios que han generado m\u00e1s reacciones.\u00a0<\/p>\n<p class=\"c-paragraph\">Ante el revuelo causado por su v\u00eddeo, que en menos de 48 horas ya supera las 13,2 millones de visualizaciones en TikTok, la creadora de contenido reapareci\u00f3 en su perfil al d\u00eda siguiente para confirmar que logr\u00f3 aterrizar en Espa\u00f1a sana y salva y aclarar las razones que le llevaron a compartir su caso:\u00a0<\/p>\n<p class=\"c-paragraph\">\u00abMe da mucha verg\u00fcenza el v\u00eddeo de ayer\u00bb, admit\u00eda al inicio Sof\u00eda, se\u00f1alando que, aunque se centraba en sus problemas gastrointestinales, a lo largo de la \u00faltima semana tambi\u00e9n hab\u00eda sufrido otros graves s\u00edntomas como<b> fiebre y v\u00f3mitos<\/b> que la llevaron al l\u00edmite.<\/p>\n<p class=\"c-paragraph\">Afortunadamente, parece que su estado de salud ha mejorado considerablemente y que, por tanto, tiene previsto saltarse la dieta blanda para introducir platos como pucheros lo m\u00e1s pronto posible. <b>\u00abEstaba muy mal, me sent\u00eda muy sola y grab\u00e9 un v\u00eddeo y lo sub\u00ed sin pensarlo\u00bb,<\/b> record\u00f3 la tiktoker, instando a su comunidad a obviar la existencia de su anterior v\u00eddeo.<\/p>\n","protected":false},"excerpt":{"rendered":"Una de las situaciones m\u00e1s desagradables que podemos experimentar cuando nos encontramos fuera de casa es enfermarnos. Eso&hellip;\n","protected":false},"author":2,"featured_media":269776,"comment_status":"","ping_status":"","sticky":false,"template":"","format":"standard","meta":{"footnotes":""},"categories":[174],"tags":[255,146,147,25,24,2501,256,5764,18868,105,23,20877],"class_list":{"0":"post-269775","1":"post","2":"type-post","3":"status-publish","4":"format-standard","5":"has-post-thumbnail","7":"category-famosos","8":"tag-celebrities","9":"tag-entertainment","10":"tag-entretenimiento","11":"tag-es","12":"tag-espana","13":"tag-espanola","14":"tag-famosos","15":"tag-influencer","16":"tag-llorar","17":"tag-rompe","18":"tag-spain","19":"tag-una"},"share_on_mastodon":{"url":"https:\/\/pubeurope.com\/@es\/115658140128327758","error":""},"_links":{"self":[{"href":"https:\/\/www.europesays.com\/es\/wp-json\/wp\/v2\/posts\/269775","targetHints":{"allow":["GET"]}}],"collection":[{"href":"https:\/\/www.europesays.com\/es\/wp-json\/wp\/v2\/posts"}],"about":[{"href":"https:\/\/www.europesays.com\/es\/wp-json\/wp\/v2\/types\/post"}],"author":[{"embeddable":true,"href":"https:\/\/www.europesays.com\/es\/wp-json\/wp\/v2\/users\/2"}],"replies":[{"embeddable":true,"href":"https:\/\/www.europesays.com\/es\/wp-json\/wp\/v2\/comments?post=269775"}],"version-history":[{"count":0,"href":"https:\/\/www.europesays.com\/es\/wp-json\/wp\/v2\/posts\/269775\/revisions"}],"wp:featuredmedia":[{"embeddable":true,"href":"https:\/\/www.europesays.com\/es\/wp-json\/wp\/v2\/media\/269776"}],"wp:attachment":[{"href":"https:\/\/www.europesays.com\/es\/wp-json\/wp\/v2\/media?parent=269775"}],"wp:term":[{"taxonomy":"category","embeddable":true,"href":"https:\/\/www.europesays.com\/es\/wp-json\/wp\/v2\/categories?post=269775"},{"taxonomy":"post_tag","embeddable":true,"href":"https:\/\/www.europesays.com\/es\/wp-json\/wp\/v2\/tags?post=269775"}],"curies":[{"name":"wp","href":"https:\/\/api.w.org\/{rel}","templated":true}]}}