{"id":269810,"date":"2025-12-03T23:32:10","date_gmt":"2025-12-03T23:32:10","guid":{"rendered":"https:\/\/www.europesays.com\/es\/269810\/"},"modified":"2025-12-03T23:32:10","modified_gmt":"2025-12-03T23:32:10","slug":"la-filmoteca-inaugura-una-exposicion-sobre-el-no-do","status":"publish","type":"post","link":"https:\/\/www.europesays.com\/es\/269810\/","title":{"rendered":"La Filmoteca inaugura una exposici\u00f3n sobre el NO-DO"},"content":{"rendered":"<p>Don Jaime, \u00bfc\u00f3mo recuerda sus <strong>m\u00e1s de 20 a\u00f1os trabajando en el NO-DO<\/strong>? \u00abLo recuerdo por una faceta que no se cuenta: c\u00f3mo sirvi\u00f3 como escuela de conocimiento cinematogr\u00e1fico. Cuando empec\u00e9 acababa de terminar el bachillerato y la ley de Ohm era lo m\u00e1s que conoc\u00eda de electr\u00f3nica. Adem\u00e1s de la relaci\u00f3n humana entre gente de ideolog\u00edas pr\u00f3ximas, seg\u00fan avanz\u00f3 la evoluci\u00f3n del pa\u00eds quisimos evolucionar tambi\u00e9n, cambiando puntos de vista y enfoques aunque estaba muy controlado por el r\u00e9gimen: <strong>el jefe de personal era un militar, el administrador un general, hab\u00eda carlistas<\/strong>\u2026 Pero las primeras noticias sobre constitucionalismo o derechos humanos fueron fruto de nuestro trabajo\u00bb, nos cuenta<strong> Jaime Moreno Monjas<\/strong> (Madrid, 1936), que entr\u00f3 a trabajar en 1955 y acab\u00f3 como realizador y guionista.<\/p>\n<p>Este mi\u00e9rcoles 3 de diciembre se ha inaugurado la exposici\u00f3n <strong>\u2018NO-DO. El mundo de ayer. Imagen y propaganda del franquismo\u2019,<\/strong> organizada por la <strong>Filmoteca Espa\u00f1ola<\/strong>. Se trata de la primera muestra dedicada \u00edntegramente al archivo de los Noticiarios y Documentales Cinematogr\u00e1ficos. A punto de cumplirse 45 a\u00f1os desde su desaparici\u00f3n, la exposici\u00f3n revisita uno de los archivos audiovisuales m\u00e1s importantes del siglo XX en Espa\u00f1a y podemos ver aqu\u00ed, por ejemplo, los micr\u00f3fonos, magnet\u00f3fonos o las c\u00e1maras Eyemo que utilizaron. <strong>Es gratuita y est\u00e1 hasta el pr\u00f3ximo 26 de julio de 2026<\/strong> en la sala de exposiciones de la Filmoteca Espa\u00f1ola en Madrid (calle Magdalena, 10).<\/p>\n<p>El instrumental que utilizaban los reporteros del NO-DO\u00a0Europa Press \/ A. P\u00e9rez Meca<\/p>\n<p>La exposici\u00f3n describe c\u00f3mo el NO-DO, que se conserva en casi su totalidad, naci\u00f3 como noticiario estatal, de proyecci\u00f3n obligatoria en todas las salas de cine del pa\u00eds. Y cuya misi\u00f3n era definir c\u00f3mo deb\u00eda ser la Espa\u00f1a franquista. <strong>Su primera emisi\u00f3n tuvo lugar el 4 de enero de 1943<\/strong>, junto a la pel\u00edcula Pepe Conde, de Jos\u00e9 L\u00f3pez Rubio, y sirvi\u00f3 de modelo de lo que ser\u00eda: un conjunto variopinto de noticias reflejo de la ideolog\u00eda de la dictadura. <\/p>\n<p>La propia cabecera presentaba un viaje imaginario sobre el mapa del antiguo imperio espa\u00f1ol y subrayado por su famosa sinton\u00eda, cuya partitura original de Manuel Parada se puede ver. Y de cierre: \u201cEl mundo entero al alcance de los espa\u00f1oles\u201d.<\/p>\n<p>Esc\u00e1ndalo con Sophia Loren<\/p>\n<p>Precisamente, esta vocaci\u00f3n de ofrecer informaci\u00f3n internacional a los espa\u00f1oles, ajustada a los intereses del franquismo, claro, era otra de las patas del audiovisual. De hecho, hay una sala de la muestra destinada a ello, con n\u00facleo en la Segunda Guerra Mundial. \u201cEl NO-DO recoge las noticias que le llegan de varios frentes y los monta practicando la \u2018Teor\u00eda de las tres guerras\u2019, que aunque no lo parezca era bastante sofisticada\u201d, explican los comisarios<strong> Rafael R. Trancho y Vicente Sanchez-Biosca<\/strong>. <\/p>\n<p>\u00bfEn qu\u00e9 consist\u00eda? En el frente oriental, entre la Uni\u00f3n Sovi\u00e9tica y Alemania, se toma partido por <strong>Alemania<\/strong>. En el frente occidental, el NO-DO <strong>se muestra ambivalente<\/strong>, simulando neutralidad aunque no fuera as\u00ed, recogiendo noticias de alemanes y de aliados. Y en el frente del Pac\u00edfico, el noticiario <strong>toma partido por Estados Unidos<\/strong> frente a Jap\u00f3n. Luego en los procesos de Nuremberg mostrar\u00edan distanciamiento y una actitud pasiva.  <\/p>\n<p>A trav\u00e9s de este aparato de informaci\u00f3n (o desinformaci\u00f3n), la dictadura trataba de jerarquizar y modelar c\u00f3mo deb\u00eda ser Espa\u00f1a, con la mujer como dependiente del hombre y dedicada a las labores hogare\u00f1as, de asistencia social o en la educaci\u00f3n, \u201ccon alg\u00fan comentario despectivo que yo no voy a hacer pero que es caracter\u00edstico de la mentalidad del NO-DO\u201d, apunta un comisario. <\/p>\n<p>Pero aqu\u00ed os lo dejamos para que lo lean, en este caso, junto a un fotograma de un partido de f\u00fatbol femenino, de cuyas jugadoras locutaban:<strong> \u00abCuando se casen, si se casan, cambiar\u00e1n este juego por una bater\u00eda de cocina\u00bb.<\/strong> Vinculado a esto y a la censura, se relata otra an\u00e9cdota de Sophia Loren de 1956 que contaba su llegada a Madrid con un atuendo provocativo que escandaliz\u00f3 a una de las autoridades del r\u00e9gimen y que orden\u00f3 que un montador fuera por los cines cortando la cinta para eliminar la imagen. S\u00e1nchez-Biosca nos confirma que <strong>no hay constancia de que rodaran cabezas<\/strong> por ese desliz.<\/p>\n<p>El gal\u00e1n del NO-DO<\/p>\n<p>Otra sala est\u00e1 dedicada, c\u00f3mo no, al \u201cgal\u00e1n del NO-DO\u201d, que era como se le conoc\u00eda. \u201c<strong>Franco ten\u00eda una particularidad en la vida real y en la vida art\u00edstica, por as\u00ed decir, y es que se mudaba de piel<\/strong>, ten\u00eda m\u00e1scaras distintas en funci\u00f3n del lugar que estaba desempe\u00f1ando en cada momento. Era un general\u00edsimo, pero es tambi\u00e9n un civil cuando hace ciertas inauguraciones y prefiere vestirse de paisano u otras de jefe de la Falange o como tambi\u00e9n como su car\u00e1cter de aficionado al cine, que filmaba con sus c\u00e1maras dom\u00e9sticas. Y aqu\u00ed aparece en las distintas escenograf\u00edas ligadas al ejercicio del poder de masas\u201d, se\u00f1ala Trancho. <\/p>\n<p>En otro espacio de la exposici\u00f3n vemos como<strong> la cultura pop es algo que el NO-DO nunca entendi\u00f3<\/strong>. Por ejemplo, recuerdan citas sobre que<strong> \u201clos hippies han declarado la guerra a las obligaciones sociales y al jab\u00f3n\u201d<\/strong> y se agregaban las m\u00fasicas de moda a la par. O \u201clos Beatles pasaron por Madrid sin demasiada pena ni demasiada gloria\u201d. Este estilo ret\u00f3rico algo ampuloso, en donde tambi\u00e9n abundan los adjetivos, es la obra, sobre todo, de <strong>Alfredo Marquer\u00ede<\/strong>, un periodista que dura muchos a\u00f1os all\u00ed, redacta pr\u00e1cticamente todas las noticias e incluye hasta toques humor. <\/p>\n<p>Ah\u00ed vemos un fotograma de un reportaje sobre \u201cNikita Jrushchov acompa\u00f1ado de numerosos secuaces\u2026 y el clima espiritual de la Europa del Este: la mirada fr\u00eda y el gesto agrio\u201d. Salen sonriendo todos. <\/p>\n<p>Urtasun anuncia que el NO-DO se est\u00e1 digitalizando a 4K<\/p>\n<p>El ministro de Cultura, <strong>Ernest Urtasun<\/strong>, que ha inaugurado la exposici\u00f3n, ha anunciado que los archivos del NO-DO est\u00e1n siendo digitalizados y ser\u00e1n de consulta p\u00fablica en PLATFO, la plataforma de contenidos audiovisuales, p\u00fablica y gratuita del ministerio de Cultura. Recordemos que tambi\u00e9n se pueden visitar en RTVE. En esta primera fase, se han digitalizado en 4K m\u00e1s de 49.000 minutos de contenido, <strong>aproximadamente el 40% del fondo<\/strong>. <\/p>\n<p>Y, desde este mi\u00e9rcoles, ya pueden consultarse en PLATFO los noticiarios de los a\u00f1os 1943 y 1944.<\/p>\n<p>El ministro de Cultura inaugura la muestra \u2018NO-DO. El mundo de ayer. Imagen y propaganda del franquismo\u2019.\u00a0Europa Press<\/p>\n<p>Para el ministro, \u201chay un valor documental, de archivo, indiscutible en todo ese legado de im\u00e1genes, que es ya una pieza indispensable en la conformaci\u00f3n del patrimonio audiovisual espa\u00f1ol\u201d. Adem\u00e1s, ha a\u00f1adido Urtasun que \u201ctenemos que acudir al NO-DO para comprender la Espa\u00f1a que fue y la Espa\u00f1a que nunca se debe volver a repetir. La muestra es un recordatorio de que los procesos de restauraci\u00f3n democr\u00e1tica no se producen de un d\u00eda para otro, y Espa\u00f1a no fue una excepci\u00f3n. Y esta es la prueba de que <strong>una democracia cuesta muy poco perderla y mucho tiempo recuperarla<\/strong>\u201d.<\/p>\n<p>El \u00faltimo NO-DO: \u00abNo sab\u00edamos que iba a terminar\u00bb<\/p>\n<p>Jaime Moreno Monjas, con quien habl\u00e1bamos al principio del art\u00edculo, fue el encargado de hacer el \u00faltimo NO-DO en 1981. \u00bfC\u00f3mo lo vivi\u00f3? \u201cEs que no sab\u00edamos que iba a terminar. Es decir, fue una casualidad. El \u00faltimo fue una propuesta que hice yo, una revista, porque ya no se hablaba de noticias, era hacer una cosa partiendo de material de archivo y con m\u00fasica, en la que estuviera muy presentes los Beatles, Y cuando lo terminamos dijimos: \u2018Vamos a proponer para la semana siguiente\u2019. Y nos dijeron: \u2018<strong>No, ya ha sido el \u00faltimo NO-DO<\/strong>\u2019\u201d. <\/p>\n<p>\u00bfY luego qu\u00e9 hizo? \u201cEse mismo a\u00f1o, en el mes de junio, me pas\u00e9 a Televisi\u00f3n Espa\u00f1ola a coordinar un programa de historia. Yo estaba muy metido en los temas hist\u00f3ricos y, como periodista, me interesaba desarrollar eso y pas\u00e9 a hacer unos documentales. Lo \u00faltimo que hice fue Un pa\u00eds en la mochila, yo era el director con Labordeta\u201d, nos dice. <\/p>\n<p>En la exposici\u00f3n se puede ver una entrevista en profundidad con \u00e9l, porque adem\u00e1s de su trayectoria profesional tambi\u00e9n es hilo conductor de otra de las intrahistorias del organismo, de quienes, desde los a\u00f1os 60, intentaron establecer<strong> una distancia cr\u00edtica sobre el franquismo desde su mismo coraz\u00f3n promocional.<\/strong> <\/p>\n","protected":false},"excerpt":{"rendered":"Don Jaime, \u00bfc\u00f3mo recuerda sus m\u00e1s de 20 a\u00f1os trabajando en el NO-DO? \u00abLo recuerdo por una faceta&hellip;\n","protected":false},"author":2,"featured_media":269811,"comment_status":"","ping_status":"","sticky":false,"template":"","format":"standard","meta":{"footnotes":""},"categories":[169],"tags":[177,146,147,25,24,176,175,23],"class_list":{"0":"post-269810","1":"post","2":"type-post","3":"status-publish","4":"format-standard","5":"has-post-thumbnail","7":"category-cine","8":"tag-cine","9":"tag-entertainment","10":"tag-entretenimiento","11":"tag-es","12":"tag-espana","13":"tag-film","14":"tag-movies","15":"tag-spain"},"share_on_mastodon":{"url":"https:\/\/pubeurope.com\/@es\/115658250222943050","error":""},"_links":{"self":[{"href":"https:\/\/www.europesays.com\/es\/wp-json\/wp\/v2\/posts\/269810","targetHints":{"allow":["GET"]}}],"collection":[{"href":"https:\/\/www.europesays.com\/es\/wp-json\/wp\/v2\/posts"}],"about":[{"href":"https:\/\/www.europesays.com\/es\/wp-json\/wp\/v2\/types\/post"}],"author":[{"embeddable":true,"href":"https:\/\/www.europesays.com\/es\/wp-json\/wp\/v2\/users\/2"}],"replies":[{"embeddable":true,"href":"https:\/\/www.europesays.com\/es\/wp-json\/wp\/v2\/comments?post=269810"}],"version-history":[{"count":0,"href":"https:\/\/www.europesays.com\/es\/wp-json\/wp\/v2\/posts\/269810\/revisions"}],"wp:featuredmedia":[{"embeddable":true,"href":"https:\/\/www.europesays.com\/es\/wp-json\/wp\/v2\/media\/269811"}],"wp:attachment":[{"href":"https:\/\/www.europesays.com\/es\/wp-json\/wp\/v2\/media?parent=269810"}],"wp:term":[{"taxonomy":"category","embeddable":true,"href":"https:\/\/www.europesays.com\/es\/wp-json\/wp\/v2\/categories?post=269810"},{"taxonomy":"post_tag","embeddable":true,"href":"https:\/\/www.europesays.com\/es\/wp-json\/wp\/v2\/tags?post=269810"}],"curies":[{"name":"wp","href":"https:\/\/api.w.org\/{rel}","templated":true}]}}