{"id":269814,"date":"2025-12-03T23:35:11","date_gmt":"2025-12-03T23:35:11","guid":{"rendered":"https:\/\/www.europesays.com\/es\/269814\/"},"modified":"2025-12-03T23:35:11","modified_gmt":"2025-12-03T23:35:11","slug":"muere-un-hombre-de-79-anos-en-un-choque-en-rincon-de-la-victoria","status":"publish","type":"post","link":"https:\/\/www.europesays.com\/es\/269814\/","title":{"rendered":"Muere un hombre de 79 a\u00f1os en un choque en Rinc\u00f3n de la Victoria"},"content":{"rendered":"<p class=\"v-mdl-ath__p v-mdl-ath__p--6\">\nMi\u00e9rcoles, 3 de diciembre 2025, 20:23<\/p>\n<p class=\"v-p\">Un hombre de 79 a\u00f1os ha fallecido este mi\u00e9rcoles en un accidente de tr\u00e1fico registrado en Rinc\u00f3n de la Victoria, seg\u00fan informa el 112.<\/p>\n<p class=\"v-p\">El  &#8230; siniestro se ha producido minutos antes de las 16 horas, al chocar una moto y un coche en la avenida del Mediterr\u00e1neo, seg\u00fan han comunicado al Tel\u00e9fono de Emergencias 112 testigos que presenciaron el suceso.<\/p>\n<p class=\"v-p\">Al recibir el aviso, se moviliz\u00f3 entonces a la Polic\u00eda Local del municipio y al Centro de Emergencias Sanitarias 061.<\/p>\n<p class=\"v-p\">Una vez en el lugar, los operativos no pudieron hacer nada por salvar la vida del individuo de 79 a\u00f1os, sin que fuera necesario su traslado a un centro hospitalario.<\/p>\n<p class=\"v-crt__t\"> L\u00edmite de sesiones alcanzadas<\/p>\n<p class=\"v-crt__p\">El acceso al contenido Premium est\u00e1 abierto por cortes\u00eda del establecimiento donde te encuentras, pero ahora mismo hay demasiados usuarios conectados a las vez.<\/p>\n<p class=\"v-crt__p\">Por favor, int\u00e9ntalo pasados unos minutos.<\/p>\n<p>\nVolver a intentar\n<\/p>\n<p class=\"v-crt__t\">Sesi\u00f3n cerrada<\/p>\n<p class=\"v-crt__p\">Al iniciar sesi\u00f3n desde un dispositivo distinto, por seguridad, se cerr\u00f3 la \u00faltima sesi\u00f3n en este.<\/p>\n<p class=\"v-crt__p\">Para continuar disfrutando de su suscripci\u00f3n digital, inicie sesi\u00f3n en este dispositivo.<\/p>\n<p>\nEste contenido es exclusivo para suscriptores\n<\/p>\n<p>Reporta un error<\/p>\n","protected":false},"excerpt":{"rendered":"Mi\u00e9rcoles, 3 de diciembre 2025, 20:23 Un hombre de 79 a\u00f1os ha fallecido este mi\u00e9rcoles en un accidente&hellip;\n","protected":false},"author":2,"featured_media":269815,"comment_status":"","ping_status":"","sticky":false,"template":"","format":"standard","meta":{"footnotes":""},"categories":[91],"tags":[988,17905,146,147,25,24,366,8938,9027,23,1261],"class_list":{"0":"post-269814","1":"post","2":"type-post","3":"status-publish","4":"format-standard","5":"has-post-thumbnail","7":"category-entretenimiento","8":"tag-anos","9":"tag-choque","10":"tag-entertainment","11":"tag-entretenimiento","12":"tag-es","13":"tag-espana","14":"tag-hombre","15":"tag-muere","16":"tag-rincon","17":"tag-spain","18":"tag-victoria"},"share_on_mastodon":{"url":"https:\/\/pubeurope.com\/@es\/115658262241573712","error":""},"_links":{"self":[{"href":"https:\/\/www.europesays.com\/es\/wp-json\/wp\/v2\/posts\/269814","targetHints":{"allow":["GET"]}}],"collection":[{"href":"https:\/\/www.europesays.com\/es\/wp-json\/wp\/v2\/posts"}],"about":[{"href":"https:\/\/www.europesays.com\/es\/wp-json\/wp\/v2\/types\/post"}],"author":[{"embeddable":true,"href":"https:\/\/www.europesays.com\/es\/wp-json\/wp\/v2\/users\/2"}],"replies":[{"embeddable":true,"href":"https:\/\/www.europesays.com\/es\/wp-json\/wp\/v2\/comments?post=269814"}],"version-history":[{"count":0,"href":"https:\/\/www.europesays.com\/es\/wp-json\/wp\/v2\/posts\/269814\/revisions"}],"wp:featuredmedia":[{"embeddable":true,"href":"https:\/\/www.europesays.com\/es\/wp-json\/wp\/v2\/media\/269815"}],"wp:attachment":[{"href":"https:\/\/www.europesays.com\/es\/wp-json\/wp\/v2\/media?parent=269814"}],"wp:term":[{"taxonomy":"category","embeddable":true,"href":"https:\/\/www.europesays.com\/es\/wp-json\/wp\/v2\/categories?post=269814"},{"taxonomy":"post_tag","embeddable":true,"href":"https:\/\/www.europesays.com\/es\/wp-json\/wp\/v2\/tags?post=269814"}],"curies":[{"name":"wp","href":"https:\/\/api.w.org\/{rel}","templated":true}]}}