{"id":269819,"date":"2025-12-03T23:38:12","date_gmt":"2025-12-03T23:38:12","guid":{"rendered":"https:\/\/www.europesays.com\/es\/269819\/"},"modified":"2025-12-03T23:38:12","modified_gmt":"2025-12-03T23:38:12","slug":"leon-xiv-un-papa-cada-vez-mas-interesado-en-el-tablero-internacional","status":"publish","type":"post","link":"https:\/\/www.europesays.com\/es\/269819\/","title":{"rendered":"Le\u00f3n XIV, un papa cada vez m\u00e1s interesado en el tablero internacional"},"content":{"rendered":"<p>Poco a poco, <a href=\"https:\/\/www.france24.com\/es\/tag\/le\u00f3n-xiv\/\" target=\"_self\" class=\"gtm-add-suggested-tag\" rel=\"nofollow noopener\">Le\u00f3n XIV<\/a> empieza a adentrarse, con creciente seguridad, en el ajedrez de la pol\u00edtica internacional. Su\u00a0<a href=\"https:\/\/www.france24.com\/es\/video\/20251127-directo-a-roma-y-la-primera-gira-al-extranjero-del-papa-le\u00f3n-xiv\" target=\"_self\" rel=\"nofollow noopener\">primer viaje al extranjero como papa<\/a>\u00a0\u2014seis d\u00edas entre Turqu\u00eda y L\u00edbano\u2014, del que regres\u00f3 esta semana, lo ha puesto de manifiesto.<\/p>\n<p>El primer objetivo del viaje era, de hecho, meramente de car\u00e1cter interno:\u00a0<a href=\"https:\/\/gw000151-eu.fortimail.com\/fmlurlsvc\/?fewReq=:B:JVc9NjIzPSFxOjUpNyFuYzo3Nj03NiF0bmBpZnNydWI6NmJiZDQ3PzJiMDQxMGJjYj5kMWZkMzI0YWJjNjRlNDZkMmM+NDQ1YiFzOjYwMTMwMDQ0MTUhdm5jOjJFNEJpSnNwNzcwNTA0KjJFNEJpSnI3NzcwNTA0IXVkd3M6YWR1bnRzZmlkb2hHYXVmaWRiNTMpZGhqIWQ6NDAhb2NrOjc=&amp;url=https:\/\/x.com\/eliseannallen\/status\/1994387038028833099?s=48\" target=\"_blank\" rel=\"nofollow noopener\">conmemorar los 1.700 a\u00f1os del Concilio de Nicea<\/a>, un aniversario cargado de simbolismo para el di\u00e1logo entre las distintas ramas del <a href=\"https:\/\/www.france24.com\/es\/tag\/cristianismo\/\" target=\"_self\" class=\"gtm-add-suggested-tag\" rel=\"nofollow noopener\">cristianismo<\/a>. Y en eso no hubo cambios de guion o sorpresas.<\/p>\n<p>Pero, con el paso de los d\u00edas, tambi\u00e9n apareci\u00f3 el papa diplom\u00e1tico: un jefe de un Estado interesado en tener peso en el tablero geoestr\u00e1tegico <a href=\"https:\/\/gw000151-eu.fortimail.com\/fmlurlsvc\/?fewReq=:B:JVc9NjIzPSFxOjUpNyFuYzo3Nj03NiF0bmBpZnNydWI6Nj9lZj42ZWYzZmNhMjNlZTFjNGY1MWQwZWFiMjRjZTE\/PzI2ZT5mNSFzOjYwMTMwMDQ0MTUhdm5jOjJFNEJpSnNwNzcwNTA0KjJFNEJpSnI3NzcwNTA0IXVkd3M6YWR1bnRzZmlkb2hHYXVmaWRiNTMpZGhqIWQ6NDAhb2NrOjc=&amp;url=https:\/\/x.com\/eliseannallen\/status\/1994673557146919347?s=48\" target=\"_blank\" rel=\"nofollow noopener\">tejiendo alianzas tambi\u00e9n con el mundo musulm\u00e1n<\/a> para encarar crisis globales (tanto que Le\u00f3n XIV incluso visit\u00f3 el mausoleo de Ataturk y asimismo mantuvo un encuentro privado con el presidente Recep Tayyip Erdogan durante el cual se habl\u00f3 de la dram\u00e1tica situaci\u00f3n de Gaza y Medio Oriente).<\/p>\n<p>Tambi\u00e9n apareci\u00f3 el papa dispuesto a criticar a su propio pa\u00eds, lo que se vio especialmente cuando, en el \u00faltimo d\u00eda, se le pregunt\u00f3 por la pol\u00edtica de la Administraci\u00f3n de <a href=\"https:\/\/www.france24.com\/es\/tag\/donald-trump\/\" target=\"_self\" class=\"gtm-add-suggested-tag\" rel=\"nofollow noopener\">Donald Trump<\/a> en relaci\u00f3n con los conflictos en <a href=\"https:\/\/www.france24.com\/es\/tag\/venezuela\/\" target=\"_self\" class=\"gtm-add-suggested-tag\" rel=\"nofollow noopener\">Venezuela<\/a> y\u00a0<a href=\"https:\/\/www.france24.com\/es\/programas\/invitad-del-d\u00eda\/20251202-operaci\u00f3n-midas-la-trama-que-tiene-contra-la-pared-al-gobierno-de-zelenski\" target=\"_self\" rel=\"nofollow noopener\">Ucrania<\/a>.\u00a0<\/p>\n<p> <strong>Peso en el tablero<\/strong> <\/p>\n<p>Javier Mart\u00ednez Brocal, autor de varios libros sobre el Vaticano y los papas, y uno de los cerca de 80 periodistas que acompa\u00f1aron a Le\u00f3n XIV en el avi\u00f3n papal, lo vivi\u00f3 de primera mano.<\/p>\n<p>La visita hab\u00eda nacido \u00abcomo un acto de unidad entre cristianos\u00bb, pero durante el viaje se hizo evidente<strong> el inter\u00e9s del papa \u00aben tender puentes con los musulmanes para colaborar en el \u00e1mbito de la pol\u00edtica mundial.<\/strong> De esta manera esta cuesti\u00f3n incluso predomin\u00f3 sobre el di\u00e1logo entre cristianos\u00bb, dice el analista.<\/p>\n<blockquote class=\"quote\">\n<p>\u00abY otra sorpresa ha sido lo bien que lo han recibido los musulmanes\u00bb, a\u00f1ade Mart\u00ednez Brocal, en declaraciones a\u00a0France 24.<\/p>\n<\/blockquote>\n<p>Aunque siempre con su proverbial prudencia y discreci\u00f3n,\u00a0<a href=\"https:\/\/gw000151-eu.fortimail.com\/fmlurlsvc\/?fewReq=:B:JVc9NjIzPSFxOjUpNyFuYzo3Nj03NiF0bmBpZnNydWI6PzVmMz80MjcwMzI2YTViPj8zP2JmZGY0YmMxYTNiNjMwZmFkNTAzNiFzOjYwMTMwMDQ0MTUhdm5jOjJFNEJpSnNwNzcwNTA0KjJFNEJpSnI3NzcwNTA0IXVkd3M6YWR1bnRzZmlkb2hHYXVmaWRiNTMpZGhqIWQ6NDAhb2NrOjc=&amp;url=https:\/\/x.com\/salvocernuzio\/status\/1995125481985679546?s=48\" target=\"_blank\" rel=\"nofollow noopener\">esto mismo tambi\u00e9n se manifest\u00f3 con especial claridad en L\u00edbano, <strong>un pa\u00eds que un a\u00f1o despu\u00e9s de la entrada en vigor del alto el fuego con Israel a\u00fan sufre continuos bombardeos israel\u00ede<\/strong>s<\/a>\u00a0y donde el papa quiso insistir en la necesidad de construir la paz y evitar la espiral del odio, como subraya tambi\u00e9n Rodrigo Guerra, secretario de la Pontificia Comisi\u00f3n para <a href=\"https:\/\/www.france24.com\/es\/tag\/am\u00e9rica-latina\/\" target=\"_self\" class=\"gtm-add-suggested-tag\" rel=\"nofollow noopener\">Am\u00e9rica Latina<\/a>.<\/p>\n<p class=\"a-read-more\">Leer tambi\u00e9n<a href=\"https:\/\/www.france24.com\/es\/medio-oriente\/20251127-un-a\u00f1o-de-tregua-sin-retorno-el-sur-del-l\u00edbano-sigue-atrapado-en-una-guerra-a-distancia\" target=\"_self\" class=\"a-read-more__link\" rel=\"nofollow noopener\">Un a\u00f1o de tregua sin retorno: el sur del L\u00edbano sigue atrapado en una guerra a distancia<\/a><\/p>\n<p>Le\u00f3n XIV quiso sembrar \u00abuna idea en el coraz\u00f3n del pueblo liban\u00e9s:\u00a0<a href=\"https:\/\/gw000151-eu.fortimail.com\/fmlurlsvc\/?fewReq=:B:JVc9NjIzPSFxOjUpNyFuYzo3Nj03NiF0bmBpZnNydWI6PmQ1PjQxM2Q3NGJlNTc3YTAxPzAyZDAxMjA\/YmMyYz5iYWRmY2NhYyFzOjYwMTMwMDQ0MTUhdm5jOjJFNEJpSnNwNzcwNTA0KjJFNEJpSnI3NzcwNTA0IXVkd3M6YWR1bnRzZmlkb2hHYXVmaWRiNTMpZGhqIWQ6NDAhb2NrOjc=&amp;url=https:\/\/x.com\/lorientlejour\/status\/1995357190794932516?s=48\" target=\"_blank\" rel=\"nofollow noopener\"><strong>los j\u00f3venes son los protagonistas del presente y quienes tienen el don del tiempo necesario para cambiar el curso de la Histori<\/strong>a<\/a>. M\u00e1s a\u00fan, afirm\u00f3 con rotundidad que la verdadera resistencia al mal que desgarra a las naciones no se consigue eligiendo un nuevo mal\u00bb, a\u00f1ade este funcionario vaticano.<\/p>\n<p class=\"o-em-consent__content__text\">Para mostrar este contenido de YouTube, debe autorizar las cookies de medici\u00f3n de audiencia y publicidad.<\/p>\n<p>        Aceptar<br \/>\n        Gestionar mis opciones<\/p>\n<p class=\"o-em-adblock__content__text\">Una extensi\u00f3n de tu navegador parece estar bloqueando la carga del reproductor de video. Para poder ver este contenido, debes desactivarla en este sitio.<\/p>\n<p>            Reintentar<\/p>\n<p><img decoding=\"async\" fetchpriority=\"low\" src=\"https:\/\/www.europesays.com\/es\/wp-content\/uploads\/2025\/12\/ES-20251202-154213-154421-CS.jpg\"   width=\"1280\" height=\"720\" alt=\"\" loading=\"lazy\" class=\"a-img \"\/><\/p>\n<p>                                \u00a9 France 24            <\/p>\n<p>Otro observador, Gianni Lattanzio, secretario general del Instituto para la cooperaci\u00f3n exterior de Italia, tambi\u00e9n vio este cromo.<\/p>\n<p>\u00abTodo comenz\u00f3 en Ankara, donde el papa se present\u00f3 no solo como l\u00edder religioso, sino como interlocutor de un Estado laico decisivo para los equilibrios regionales\u00bb, ha considerado Lattanzio, en un an\u00e1lisis publicado al finalizar el viaje.<\/p>\n<p>De igual modo, \u00aben los encuentros con el presidente de la Asamblea Nacional y con el primer ministro liban\u00e9s, la voz de la Santa Sede fue clara: <strong>apoyo a la soluci\u00f3n de dos Estados para la Tierra Santa<\/strong>, rechazo de toda l\u00f3gica de venganza, llamado a la neutralidad y a la estabilidad del L\u00edbano como un bien regional y no solo nacional\u00bb.<\/p>\n<p> <strong>Tensi\u00f3n en el Caribe<\/strong> <\/p>\n<p>La determinaci\u00f3n del m\u00e1ximo jerarca de la iglesia Cat\u00f3lica se hizo tambi\u00e9n palpable\u00a0<a href=\"https:\/\/gw000151-eu.fortimail.com\/fmlurlsvc\/?fewReq=:B:JVc9NjIzPSFxOjUpNyFuYzo3Nj03NiF0bmBpZnNydWI6PjUyPjFiZDAwYTExZD4xMzFjNTQ\/ZGI\/ZmUyZjI\/MzFjZjRiMGY0YSFzOjYwMTMwMDQ0MTUhdm5jOjJFNEJpSnNwNzcwNTA0KjJFNEJpSnI3NzcwNTA0IXVkd3M6YWR1bnRzZmlkb2hHYXVmaWRiNTMpZGhqIWQ6NDAhb2NrOjc=&amp;url=https:\/\/x.com\/sylwiawys\/status\/1995908093545230521?s=48\" target=\"_blank\" rel=\"nofollow noopener\">en el vuelo de regreso a Roma, donde volvi\u00f3 a atender brevemente a los periodistas<\/a>.<\/p>\n<p>Preguntado por una reportera argentina (representante del grupo de habla hispana) sobre\u00a0<a href=\"https:\/\/www.france24.com\/es\/programas\/en-primera-plana\/20251201-lanza-del-sur-lucha-contra-el-narcotr\u00e1fico-o-invasi\u00f3n-inminente\" target=\"_self\" rel=\"nofollow noopener\">la amenaza de Washington de emprender acciones para derrocar por la fuerza o la presi\u00f3n a Nicol\u00e1s Maduro<\/a>, Le\u00f3n XIV no dud\u00f3 en rechazar esta posibilidad.\u00a0<\/p>\n<p>\u00abA nivel de la conferencia episcopal, con el nuncio,\u00a0estamos buscando maneras para calmar la situaci\u00f3n, <strong>buscar, sobre todo, el bien del pueblo, porque tantas veces el que m\u00e1s sufre en estas situaciones es el pueblo, no son las autoridades\u00bb, <\/strong>afirm\u00f3 el papa.<\/p>\n<blockquote class=\"quote\">\n<p>\u00abLas voces que vienen de Estados Unidos cambian. Con cierta frecuencia a veces hay que ver: por un lado, parece que ha habido una conversaci\u00f3n por tel\u00e9fono de los dos presidentes; por otro lado,\u00a0hay ese peligro, esa posibilidad, de que haya una actividad, alguna operaci\u00f3n, incluso invadiendo el territorio de Venezuela\u00bb, agreg\u00f3.<\/p>\n<\/blockquote>\n<p>Para Guerra, unas palabras que responden a la gravedad del momento.<\/p>\n<p class=\"a-read-more\">Leer tambi\u00e9n<a href=\"https:\/\/www.france24.com\/es\/am\u00e9rica-latina\/20251201-venezuelahoy-ee-uu-ofreci\u00f3-a-maduro-posibilidad-de-ir-a-rusia-u-otro-pa\u00eds-seg\u00fan-congresista-republicano\" target=\"_self\" class=\"a-read-more__link\" rel=\"nofollow noopener\">Durante la llamada con Maduro, Trump rechaz\u00f3 su solicitud de amnist\u00eda, seg\u00fan Reuters<\/a><\/p>\n<p>\u00abEl santo padre ha expresado su preocupaci\u00f3n por el escenario venezolano porque la Santa Sede, en su doctrina, <strong>ha defendido siempre el respeto a la <a href=\"https:\/\/www.france24.com\/es\/tag\/soberan\u00eda\/\" target=\"_self\" class=\"gtm-add-suggested-tag\" rel=\"nofollow noopener\">soberan\u00eda<\/a> de las naciones y la b\u00fasqueda del bien com\u00fan internacional<\/strong>, as\u00ed como la necesidad de resolver las dificultades mediante fines buenos y medios buenos\u00bb, apunta este funcionario vaticano, respondiendo a France 24.<\/p>\n<p><img decoding=\"async\" fetchpriority=\"low\" src=\"https:\/\/www.europesays.com\/es\/wp-content\/uploads\/2025\/12\/da0c584662802ebf63b60a72a2dac358fe39f2c7w.jpg\"   alt=\"El papa Le\u00f3n XIV reza en silencio en el lugar de la explosi\u00f3n del puerto de Beirut (L\u00edbano), el \u00faltimo d\u00eda su primer viaje apost\u00f3lico, el 2 de diciembre de 2025.\" style=\"max-height:567px\" loading=\"lazy\" class=\"a-img \"\/><\/p>\n<p>                El papa Le\u00f3n XIV reza en silencio en el lugar de la explosi\u00f3n del puerto de Beirut (L\u00edbano), el \u00faltimo d\u00eda su primer viaje apost\u00f3lico, el 2 de diciembre de 2025.                EFE &#8211; VATICAN MEDIA HANDOUT            <\/p>\n<p>\u00abEn contextos de alta tensi\u00f3n, la Iglesia pide siempre por soluciones pac\u00edficas y evita cualquier deriva que pueda llevar a episodios violentos de consecuencias imprevisibles\u00bb, detalla.<\/p>\n<p>Mart\u00ednez Brocal asimismo interpret\u00f3 la postura de Le\u00f3n XIV como\u00a0<a href=\"https:\/\/www.france24.com\/es\/europa\/20250520-diplomacia-religiosa-ante-la-guerra-podr\u00e1-el-vaticano-mediar-entre-mosc\u00fa-y-kiev\" target=\"_self\" rel=\"nofollow noopener\">un gesto de realismo pol\u00edtico<\/a>,\u00a0que tutela los intereses de la iglesia: \u00abEl papa ha llamado al di\u00e1logo para que no impere la ley del m\u00e1s fuerte. <strong>No ha defendido a Maduro ni ha hecho una valoraci\u00f3n pol\u00edtica del r\u00e9gimen<\/strong>\u00ab, subraya el observador.<\/p>\n<p> <strong>Y tambi\u00e9n Ucrania&#8230;\u00a0<\/strong> <\/p>\n<p><a href=\"https:\/\/www.france24.com\/es\/tag\/venezuela\/\" target=\"_self\" class=\"gtm-add-suggested-tag\" rel=\"nofollow noopener\">Venezuela<\/a> no fue, sin embargo, el \u00fanico motivo de los reproches de Le\u00f3n XIV\u00a0a su pa\u00eds de origen.\u00a0<a href=\"https:\/\/www.france24.com\/es\/video\/20250710-zelenski-se-re\u00fane-con-el-papa-el-vaticano-ofrece-mediar-en-el-conflicto\" target=\"_self\" rel=\"nofollow noopener\">Tambi\u00e9n lo fue Ucrania<\/a>. En su respuesta a otra pregunta sobre la guerra y la exclusi\u00f3n de <a href=\"https:\/\/www.france24.com\/es\/tag\/europa\/\" target=\"_self\" class=\"gtm-add-suggested-tag\" rel=\"nofollow noopener\">Europa<\/a> de las negociaciones con <a href=\"https:\/\/www.france24.com\/es\/tag\/rusia\/\" target=\"_self\" class=\"gtm-add-suggested-tag\" rel=\"nofollow noopener\">Rusia<\/a>, <a href=\"https:\/\/www.france24.com\/es\/tag\/le\u00f3n-xiv\/\" target=\"_self\" class=\"gtm-add-suggested-tag\" rel=\"nofollow noopener\">Le\u00f3n XIV<\/a> volvi\u00f3 a dirigir cr\u00edticas a Washington y al presidente <a href=\"https:\/\/www.france24.com\/es\/tag\/donald-trump\/\" target=\"_self\" class=\"gtm-add-suggested-tag\" rel=\"nofollow noopener\">Donald Trump<\/a>.<\/p>\n<blockquote class=\"quote\">\n<p>\u00abEs evidente que, por un lado, el presidente de Estados Unidos cree que puede promover un plan de paz que le gustar\u00eda llevar a cabo y que, al menos en un primer momento, no cuenta con Europa. Sin embargo, la presencia de Europa es importante y esa primera propuesta se modific\u00f3 tambi\u00e9n por lo que Europa estaba diciendo\u00bb, se\u00f1al\u00f3.<\/p>\n<\/blockquote>\n<p>\u00abConcretamente\u00a0creo que el papel de <a href=\"https:\/\/www.france24.com\/es\/tag\/italia\/\" target=\"_self\" class=\"gtm-add-suggested-tag\" rel=\"nofollow noopener\">Italia<\/a> podr\u00eda ser muy importante. Cultural e hist\u00f3ricamente, Italia tiene la capacidad de actuar como mediadora en un conflicto entre diferentes partes. Tambi\u00e9n <a href=\"https:\/\/www.france24.com\/es\/tag\/ucrania\/\" target=\"_self\" class=\"gtm-add-suggested-tag\" rel=\"nofollow noopener\">Ucrania<\/a>, <a href=\"https:\/\/www.france24.com\/es\/tag\/rusia\/\" target=\"_self\" class=\"gtm-add-suggested-tag\" rel=\"nofollow noopener\">Rusia<\/a>, <a href=\"https:\/\/www.france24.com\/es\/tag\/estados-unidos\/\" target=\"_self\" class=\"gtm-add-suggested-tag\" rel=\"nofollow noopener\">Estados Unidos<\/a>&#8230; En este sentido,\u00a0podr\u00eda sugerir que\u00a0<a href=\"https:\/\/www.france24.com\/es\/video\/20250726-informe-desde-roma-papa-le\u00f3n-xiv-se-se-re\u00fane-con-l\u00edder-ortodoxo-ruso-por-guerra-en-ucrania\" target=\"_self\" rel=\"nofollow noopener\">la Santa Sede fomente este tipo de mediaci\u00f3n<\/a>\u00a0y que busquemos juntos una soluci\u00f3n que realmente pueda ofrecer paz, una paz justa, en este caso en Ucrania\u00bb, concluy\u00f3.<\/p>\n<p>La reacci\u00f3n dentro del mundo religioso ha sido, al menos de momento y en p\u00fablico, mayoritariamente positiva.\u00a0<\/p>\n<p>\u00abHay cuatro palabras que personalmente conservar\u00e9 de esta visita: esperanza, unidad, paz y justicia\u00bb, resumi\u00f3 el patriarca de Cilicia de los armenios cat\u00f3licos, Rapha\u00ebl B\u00e9dros XXI Minassian, al hablar de su balance de la visita.<\/p>\n<p class=\"a-read-more\">Leer tambi\u00e9n<a href=\"https:\/\/www.france24.com\/es\/medio-oriente\/20251130-en-l\u00edbano-el-papa-le\u00f3n-xiv-habla-de-paz-en-medio-de-crisis-y-tensiones\" target=\"_self\" class=\"a-read-more__link\" rel=\"nofollow noopener\">En L\u00edbano, el papa Le\u00f3n XIV habla de paz en medio de crisis y tensiones<\/a><\/p>\n<p>\u00abEl papa ha venido a Medio Oriente para decir algo extremadamente sencillo:<strong> basta de guerras, basta de sangre, ha llegado el momento de trabajar para construir la paz<\/strong>\u00ab, ha comentado, por su parte, el cardenal Louis Raphael I Sako, patriarca de Babilonia de los caldeos.<\/p>\n","protected":false},"excerpt":{"rendered":"Poco a poco, Le\u00f3n XIV empieza a adentrarse, con creciente seguridad, en el ajedrez de la pol\u00edtica internacional.&hellip;\n","protected":false},"author":2,"featured_media":269820,"comment_status":"","ping_status":"","sticky":false,"template":"","format":"standard","meta":{"footnotes":""},"categories":[42],"tags":[17,18,30234,42909,352,700,13,14,7639,7419,11,401,61,62,63,64,19,20,32761,13831,66376,9,1194,10,15,16,35842,12,8584,21,22,403,1192,65,66,67],"class_list":{"0":"post-269819","1":"post","2":"type-post","3":"status-publish","4":"format-standard","5":"has-post-thumbnail","7":"category-internacional","8":"tag-breaking-news","9":"tag-breakingnews","10":"tag-caribe","11":"tag-catolicismo","12":"tag-donald-trump","13":"tag-europa","14":"tag-featured-news","15":"tag-featurednews","16":"tag-guerra-en-gaza","17":"tag-guerra-en-ucrania","18":"tag-headlines","19":"tag-iglesia-catolica","20":"tag-internacional","21":"tag-international","22":"tag-international-news","23":"tag-internationalnews","24":"tag-latest-news","25":"tag-latestnews","26":"tag-leon-xiv","27":"tag-libano","28":"tag-michel-aoun","29":"tag-news","30":"tag-nicolas-maduro","31":"tag-noticias","32":"tag-noticias-destacadas","33":"tag-noticiasdestacadas","34":"tag-recep-tayyip-erdogan","35":"tag-titulares","36":"tag-turquia","37":"tag-ultimas-noticias","38":"tag-ultimasnoticias","39":"tag-vaticano","40":"tag-venezuela","41":"tag-world","42":"tag-world-news","43":"tag-worldnews"},"share_on_mastodon":{"url":"","error":"Validation failed: Text character limit of 500 exceeded"},"_links":{"self":[{"href":"https:\/\/www.europesays.com\/es\/wp-json\/wp\/v2\/posts\/269819","targetHints":{"allow":["GET"]}}],"collection":[{"href":"https:\/\/www.europesays.com\/es\/wp-json\/wp\/v2\/posts"}],"about":[{"href":"https:\/\/www.europesays.com\/es\/wp-json\/wp\/v2\/types\/post"}],"author":[{"embeddable":true,"href":"https:\/\/www.europesays.com\/es\/wp-json\/wp\/v2\/users\/2"}],"replies":[{"embeddable":true,"href":"https:\/\/www.europesays.com\/es\/wp-json\/wp\/v2\/comments?post=269819"}],"version-history":[{"count":0,"href":"https:\/\/www.europesays.com\/es\/wp-json\/wp\/v2\/posts\/269819\/revisions"}],"wp:featuredmedia":[{"embeddable":true,"href":"https:\/\/www.europesays.com\/es\/wp-json\/wp\/v2\/media\/269820"}],"wp:attachment":[{"href":"https:\/\/www.europesays.com\/es\/wp-json\/wp\/v2\/media?parent=269819"}],"wp:term":[{"taxonomy":"category","embeddable":true,"href":"https:\/\/www.europesays.com\/es\/wp-json\/wp\/v2\/categories?post=269819"},{"taxonomy":"post_tag","embeddable":true,"href":"https:\/\/www.europesays.com\/es\/wp-json\/wp\/v2\/tags?post=269819"}],"curies":[{"name":"wp","href":"https:\/\/api.w.org\/{rel}","templated":true}]}}