{"id":269823,"date":"2025-12-03T23:40:38","date_gmt":"2025-12-03T23:40:38","guid":{"rendered":"https:\/\/www.europesays.com\/es\/269823\/"},"modified":"2025-12-03T23:40:38","modified_gmt":"2025-12-03T23:40:38","slug":"la-plataforma-platfo-del-ministerio-de-cultura-acogera-los-archivos-digitalizados-del-no-do-para-su-acceso-publico","status":"publish","type":"post","link":"https:\/\/www.europesays.com\/es\/269823\/","title":{"rendered":"La plataforma PLATFO del Ministerio de Cultura acoger\u00e1 los archivos digitalizados del NO-DO para su acceso p\u00fablico"},"content":{"rendered":"<p>El ministro de Cultura, Ernest Urtasun, ha anunciado hoy que los archivos del NO-DO est\u00e1n siendo digitalizados y ser\u00e1n de consulta p\u00fablica en PLATFO, la plataforma de contenidos audiovisuales, p\u00fablica y gratuita, del Instituto de la Cinematograf\u00eda y las Artes Audiovisuales (ICAA) del Ministerio de Cultura.<\/p>\n<p>En esta primera fase se han digitalizado en 4K m\u00e1s de 49.000 minutos de contenido, aproximadamente el 40% del fondo. Desde hoy ya pueden consultarse en PLATFO los noticiarios de los a\u00f1os 1943 y 1944, cerca de 200 t\u00edtulos, con buscador avanzado, acompa\u00f1ados de un texto con contenido detallado y ficha hist\u00f3rica. PLATFO ir\u00e1 incorporando los noticiarios de a\u00f1os posteriores seg\u00fan avance el proceso de digitalizaci\u00f3n de los mismos.<\/p>\n<p>Se trata del primer gran proyecto de digitalizaci\u00f3n del NO-DO, el noticiero creado en 1942, cuya primera emisi\u00f3n se realiz\u00f3 en 1943 y cuya proyecci\u00f3n fue obligatoria en todos los cines de Espa\u00f1a hasta 1975.<\/p>\n<p>El ministro de Cultura, Ernest Urtasun, ha se\u00f1alado que \u201chay un valor documental, de archivo, indiscutible en todo ese legado de im\u00e1genes, que es ya una pieza indispensable en la conformaci\u00f3n del patrimonio audiovisual espa\u00f1ol\u201d. Adem\u00e1s, ha a\u00f1adido que \u201ctenemos que acudir al NO-DO para comprender la Espa\u00f1a que fue y la Espa\u00f1a que nunca se debe volver a repetir. Es, desde luego, un ejercicio de memoria colectiva, m\u00e1s necesario que nunca.\u201d.<\/p>\n<p><strong>Exposici\u00f3n del NO-DO<\/strong><\/p>\n<p>Este anuncio se ha realizado en el marco de la inauguraci\u00f3n de la exposici\u00f3n \u2018NO-DO. El mundo de ayer. Imagen y propaganda del franquismo\u2019, organizada por la Filmoteca Espa\u00f1ola, organismo dependiente del Instituto de la Cinematograf\u00eda y de las Artes Audiovisuales del Ministerio de Cultura. Se trata de la primera muestra dedicada \u00edntegramente al archivo de los Noticiarios y Documentales Cinematogr\u00e1ficos.<\/p>\n<p>A punto de cumplirse 45 a\u00f1os desde su desaparici\u00f3n, la exposici\u00f3n revisita uno de los archivos audiovisuales m\u00e1s importantes del siglo XX en Espa\u00f1a: un fondo esencial tanto por su valor documental como por su papel en la construcci\u00f3n de la memoria colectiva.<\/p>\n<p>La muestra, que podr\u00e1 visitarse gratuitamente hasta el pr\u00f3ximo 26 de julio de 2026 en la sala de exposiciones de la Filmoteca Espa\u00f1ola en Madrid, ha sido comisariada por Rafael R. Tranche y Vicente S\u00e1nchez-Biosca. Contar\u00e1 con un servicio de visitas comentadas a partir del mes de enero.<\/p>\n<p><strong>Historia y memoria colectiva en un archivo \u00fanico<\/strong><\/p>\n<p>Entre 1943 y 1975, el NO-DO fue de visi\u00f3n obligatoria y exclusiva en todos los cines del pa\u00eds. Nacido como herramienta de propaganda del r\u00e9gimen franquista, tambi\u00e9n fue durante d\u00e9cadas la principal fuente audiovisual de informaci\u00f3n para la ciudadan\u00eda. Con el paso del tiempo, sus im\u00e1genes se han convertido en un testimonio hist\u00f3rico de primer orden, donde se cruzan la mirada del r\u00e9gimen y los recuerdos de varias generaciones de espectadores.<\/p>\n<p>Sus noticiarios, que recog\u00edan desde guerras y cat\u00e1strofes hasta actos del r\u00e9gimen, deportes o curiosidades, se han convertido hoy en un valioso testimonio para reconstruir la vida de la \u00e9poca y en un archivo esencial de memoria colectiva.<\/p>\n<p>El archivo f\u00edlmico y documental NO-DO es, junto al de la Escuela de Cine, el acervo de titularidad p\u00fablica m\u00e1s completo que custodia Filmoteca Espa\u00f1ola. Esta instituci\u00f3n desarrolla desde hace d\u00e9cadas trabajos de investigaci\u00f3n, catalogaci\u00f3n, conservaci\u00f3n, restauraci\u00f3n, digitalizaci\u00f3n y difusi\u00f3n de estos fondos con el objetivo de preservar y dar a conocer tanto las producciones audiovisuales conservadas, como la ingente y valios\u00edsima documentaci\u00f3n que gener\u00f3.<\/p>\n<p>La exposici\u00f3n invita a recorrer el universo NO-DO en varias direcciones: comprender el contexto de sus proyecciones como un espectador de \u00e9poca, aproximarse a su papel como cronista de la historia, conocer su funcionamiento como f\u00e1brica de noticias, y, por \u00faltimo, desvelar su capacidad como soporte de memoria.<\/p>\n<p>Asimismo, el espacio ofrece una aproximaci\u00f3n cronol\u00f3gica al Archivo Hist\u00f3rico NO-DO, desde su creaci\u00f3n a la actualidad, al trabajo de conservaci\u00f3n y difusi\u00f3n que en \u00e9l se realiza, y el uso de sus fondos como fuente primaria de investigaciones cient\u00edficas de distintas \u00e1reas.<\/p>\n<p><strong>Actividades complementarias<\/strong><\/p>\n<p>En paralelo, el Cine Dor\u00e9 acoger\u00e1 un ciclo entre diciembre y julio recuperando la experiencia original de exhibici\u00f3n, proyectando los noticiarios como complemento previo a algunas pel\u00edculas, as\u00ed como programando sesiones tem\u00e1ticas que permitir\u00e1n reflexionar sobre \u201cel mundo (en b\/n, o gris) de ayer\u201d y la actualidad.<\/p>\n<p>La sesi\u00f3n inaugural ser\u00e1 el 10 de diciembre con una triple proyecci\u00f3n: la edici\u00f3n original de 1943, que present\u00f3 el primer NO-DO a los espectadores de la \u00e9poca; la edici\u00f3n conmemorativa del 25 aniversario en 1968; y la edici\u00f3n 1966B, un monogr\u00e1fico de los a\u00f1os 60 dirigido por Jaime Moreno, quien presentar\u00e1 la sesi\u00f3n junto a los comisarios de la exposici\u00f3n y del ciclo.<\/p>\n","protected":false},"excerpt":{"rendered":"El ministro de Cultura, Ernest Urtasun, ha anunciado hoy que los archivos del NO-DO est\u00e1n siendo digitalizados y&hellip;\n","protected":false},"author":2,"featured_media":269824,"comment_status":"","ping_status":"","sticky":false,"template":"","format":"standard","meta":{"footnotes":""},"categories":[5],"tags":[17,18,25,24,66377,13,14,11,19,20,9,10,15,16,23,12,21,22],"class_list":{"0":"post-269823","1":"post","2":"type-post","3":"status-publish","4":"format-standard","5":"has-post-thumbnail","7":"category-titulares","8":"tag-breaking-news","9":"tag-breakingnews","10":"tag-es","11":"tag-espana","12":"tag-exposicion-digitalizacion-nodo-filmoteca","13":"tag-featured-news","14":"tag-featurednews","15":"tag-headlines","16":"tag-latest-news","17":"tag-latestnews","18":"tag-news","19":"tag-noticias","20":"tag-noticias-destacadas","21":"tag-noticiasdestacadas","22":"tag-spain","23":"tag-titulares","24":"tag-ultimas-noticias","25":"tag-ultimasnoticias"},"share_on_mastodon":{"url":"https:\/\/pubeurope.com\/@es\/115658281711680636","error":""},"_links":{"self":[{"href":"https:\/\/www.europesays.com\/es\/wp-json\/wp\/v2\/posts\/269823","targetHints":{"allow":["GET"]}}],"collection":[{"href":"https:\/\/www.europesays.com\/es\/wp-json\/wp\/v2\/posts"}],"about":[{"href":"https:\/\/www.europesays.com\/es\/wp-json\/wp\/v2\/types\/post"}],"author":[{"embeddable":true,"href":"https:\/\/www.europesays.com\/es\/wp-json\/wp\/v2\/users\/2"}],"replies":[{"embeddable":true,"href":"https:\/\/www.europesays.com\/es\/wp-json\/wp\/v2\/comments?post=269823"}],"version-history":[{"count":0,"href":"https:\/\/www.europesays.com\/es\/wp-json\/wp\/v2\/posts\/269823\/revisions"}],"wp:featuredmedia":[{"embeddable":true,"href":"https:\/\/www.europesays.com\/es\/wp-json\/wp\/v2\/media\/269824"}],"wp:attachment":[{"href":"https:\/\/www.europesays.com\/es\/wp-json\/wp\/v2\/media?parent=269823"}],"wp:term":[{"taxonomy":"category","embeddable":true,"href":"https:\/\/www.europesays.com\/es\/wp-json\/wp\/v2\/categories?post=269823"},{"taxonomy":"post_tag","embeddable":true,"href":"https:\/\/www.europesays.com\/es\/wp-json\/wp\/v2\/tags?post=269823"}],"curies":[{"name":"wp","href":"https:\/\/api.w.org\/{rel}","templated":true}]}}