{"id":269827,"date":"2025-12-03T23:49:11","date_gmt":"2025-12-03T23:49:11","guid":{"rendered":"https:\/\/www.europesays.com\/es\/269827\/"},"modified":"2025-12-03T23:49:11","modified_gmt":"2025-12-03T23:49:11","slug":"a-quien-ficho-en-el-supermanager-acb-5-opciones-de-riesgo-para-la-jornada-9","status":"publish","type":"post","link":"https:\/\/www.europesays.com\/es\/269827\/","title":{"rendered":"\u00bfA qui\u00e9n ficho en el SuperManager acb? 5 opciones de riesgo para la Jornada 9"},"content":{"rendered":"<p>Repasamos una semana m\u00e1s las opciones de riesgo que se pueden tomar de cara a la jornada 9 del SuperManager acb despu\u00e9s del par\u00f3n de las ventanas FIBA.<\/p>\n<p><strong>Tomas Satoransky (331.250 \u20ac)<\/strong><\/p>\n<p>No est\u00e1 siendo la mejor temporada de Tomas Satoransky y de hecho me ha sorprendido bastante ver su precio tan bajo en estos momentos. Durante las campa\u00f1as pasadas con el Bar\u00e7a ha sido un jugador que ha destacado sobre todo en los partidos en casa y ahora podr\u00eda volver a tratar de aprovechar la lesi\u00f3n de Laprovittola para asentarse en minutos y poder destacar. Es una opci\u00f3n de riesgo alto no solo por su rendimiento, tambi\u00e9n por lo que cuesta salirse de las opciones m\u00e1s habituales en una posici\u00f3n con solo dos huecos para cubrir como los bases, pero viene con la flechita para arriba despu\u00e9s de unas ventanas FIBA fant\u00e1sticas.<\/p>\n<p><a href=\"https:\/\/www.gigantes.com\/selecciones\/tomas-satoransky-firma-exhibicion-historica-estonia-chequia-ventanas-fiba\/\" rel=\"nofollow noopener\" target=\"_blank\">El partido de r\u00e9cord de Tomas Satoransky en las ventanas FIBA<\/a><\/p>\n<p><strong>Devin Robinson (726.250 \u20ac)<\/strong><\/p>\n<p>Uno de los duelos m\u00e1s interesantes de la jornada entre los interiores ser\u00e1 el Luka Bozic vs Devin Robinson donde creo que el primero, por el hecho de jugar en casa, ser\u00e1 una de las opciones preferentes entre aquellos que quieran mover piezas en los p\u00edvots. Sin embargo, Robinson ya ha demostrado que los partidos ante equipos de la zona media-baja se le dan mejor (36+ en Burgos, 19 vs R\u00edo Breog\u00e1n, 18 vs Surne Bilbao Basket) y el Covir\u00e1n Granada entra en su descripci\u00f3n. Viene de dos jornadas flojas pero el Casademont Zaragoza le necesita si quiere romper su racha de 4 derrotas consecutivas. \u00bfLo malo? Que luego le toca visita al Roig Arena. No pinta a ser opci\u00f3n para m\u00e1s de una jornada.<\/p>\n<p><strong>Luke Fischer (505.000 \u20ac)<\/strong><\/p>\n<p>Seguro que alguno hubiese esperado por aqu\u00ed a Ethan Happ ya de salida con el Recoletas Salud San Pablo Burgos y bueno, vale, podr\u00eda ser, pero creo que el a\u00f1o de inactividad deber\u00eda pesarle todav\u00eda de salida. Los burgaleses reciben en casa a un UCAM Murcia que est\u00e1 siendo muy s\u00f3lido en casi todas sus facetas pero que se ha dejado alg\u00fan pico de interiores hasta la fecha como el 26+ de Brankovic. Si Happ encaja puede ser una de las \u00faltimas opciones de que Fischer pueda ser alternativa del SuperManager acb que al margen de las primeras jornadas poco m\u00e1s inter\u00e9s parece haber suscitado. <\/p>\n<p><strong>Trent Forrest (723.350 \u20ac)<\/strong><\/p>\n<p>Esto se est\u00e1 escribiendo un mi\u00e9rcoles por la tarde y por mucho que Paolo Galbiati dijese hace un par de semanas que Forrest estar\u00eda para despu\u00e9s de las ventanas FIBA tendremos que salir de dudas el viernes en la Euroliga. \u00bfSi juega? Habr\u00e1 que ver c\u00f3mo est\u00e1 y salvo que haga una exhibici\u00f3n ser\u00e1 muy dif\u00edcil ficharle jugando frente al Valencia Basket. Quedar\u00e1 como una opci\u00f3n principal para aquellos que anden m\u00e1s desesperados en el apartado br\u00f3ker ya que sube el 15% con un -9.7 pero a\u00fan as\u00ed si las sensaciones no son muy buenas ser\u00eda complicado. Eso s\u00ed, ojo con sus precedentes del a\u00f1o pasado contra los taronjas: 30 en el partido de ida en el Buesa Arena y 35+ con 27 puntos y por encima de los 40 minutos en la victoria con pr\u00f3rrogas en la Fonteta. Podemos esperar cualquier cosa si tiene el d\u00eda. <\/p>\n<p><strong>Melvin Ejim (663.750 \u20ac)<\/strong><\/p>\n<p>Tras dos pinchazos consecutivos, especialmente el negativo de la \u00faltima jornada contra el UCAM Murcia, no espero que Ejim vaya a aguantar el pulso en muchos equipos justo teniendo que recibir al Unicaja M\u00e1laga. \u00bfO habr\u00e1 quien se la juegue esperando que el canadiense pueda dar un plus ante su exequipo? En casa no ha tenido t\u00e9rmino medio: -2 vs Valencia, -2 vs UCAM, 16+ vs R\u00edo Breog\u00e1n, 23+ vs Covir\u00e1n Granada y 28+ vs Kosner Baskonia. Puerta grande o enfermer\u00eda.<\/p>\n<p class=\"has-text-align-right\">acb Photo<\/p>\n<p><img decoding=\"async\" src=\"https:\/\/www.europesays.com\/es\/wp-content\/uploads\/2025\/12\/1764805751_744_mtracking.gif\" alt=\"Etiquetas de Mautic\" style=\"display:none;\"\/><\/p>\n","protected":false},"excerpt":{"rendered":"Repasamos una semana m\u00e1s las opciones de riesgo que se pueden tomar de cara a la jornada 9&hellip;\n","protected":false},"author":2,"featured_media":269828,"comment_status":"","ping_status":"","sticky":false,"template":"","format":"standard","meta":{"footnotes":""},"categories":[269],"tags":[299,298,168,25,24,23,167],"class_list":{"0":"post-269827","1":"post","2":"type-post","3":"status-publish","4":"format-standard","5":"has-post-thumbnail","7":"category-baloncesto","8":"tag-baloncesto","9":"tag-basketball","10":"tag-deportes","11":"tag-es","12":"tag-espana","13":"tag-spain","14":"tag-sports"},"share_on_mastodon":{"url":"https:\/\/pubeurope.com\/@es\/115658317578912475","error":""},"_links":{"self":[{"href":"https:\/\/www.europesays.com\/es\/wp-json\/wp\/v2\/posts\/269827","targetHints":{"allow":["GET"]}}],"collection":[{"href":"https:\/\/www.europesays.com\/es\/wp-json\/wp\/v2\/posts"}],"about":[{"href":"https:\/\/www.europesays.com\/es\/wp-json\/wp\/v2\/types\/post"}],"author":[{"embeddable":true,"href":"https:\/\/www.europesays.com\/es\/wp-json\/wp\/v2\/users\/2"}],"replies":[{"embeddable":true,"href":"https:\/\/www.europesays.com\/es\/wp-json\/wp\/v2\/comments?post=269827"}],"version-history":[{"count":0,"href":"https:\/\/www.europesays.com\/es\/wp-json\/wp\/v2\/posts\/269827\/revisions"}],"wp:featuredmedia":[{"embeddable":true,"href":"https:\/\/www.europesays.com\/es\/wp-json\/wp\/v2\/media\/269828"}],"wp:attachment":[{"href":"https:\/\/www.europesays.com\/es\/wp-json\/wp\/v2\/media?parent=269827"}],"wp:term":[{"taxonomy":"category","embeddable":true,"href":"https:\/\/www.europesays.com\/es\/wp-json\/wp\/v2\/categories?post=269827"},{"taxonomy":"post_tag","embeddable":true,"href":"https:\/\/www.europesays.com\/es\/wp-json\/wp\/v2\/tags?post=269827"}],"curies":[{"name":"wp","href":"https:\/\/api.w.org\/{rel}","templated":true}]}}