{"id":269829,"date":"2025-12-03T23:50:17","date_gmt":"2025-12-03T23:50:17","guid":{"rendered":"https:\/\/www.europesays.com\/es\/269829\/"},"modified":"2025-12-03T23:50:17","modified_gmt":"2025-12-03T23:50:17","slug":"mikel-merino-no-toca-techo-en-el-arsenal","status":"publish","type":"post","link":"https:\/\/www.europesays.com\/es\/269829\/","title":{"rendered":"Mikel Merino no toca techo en el Arsenal"},"content":{"rendered":"<p class=\"ft-text\"><strong>El <\/strong><a class=\"ft-link ft-link--decoration\" href=\"https:\/\/www.sport.es\/es\/noticias\/barca\/arsenal-rapido-barca-ata-gemelos-124336242\" rel=\"nofollow noopener\" target=\"_blank\"><strong>Arsenal<\/strong><\/a><strong> cumpli\u00f3 en el Emirates ante un combativo Brentford (2-0)<\/strong> y mantiene el liderato con una ventaja de cinco puntos sobre el Manchester City. Los de Arteta no jugaron su mejor partido, pero les bast\u00f3 <strong>con un gran cabezazo de Mikel Arteta,<\/strong> que sigue deslumbrando en Inglaterra, y las buenas intervenciones de David Raya. Un triunfo muy espa\u00f1ol.<\/p>\n<p class=\"ft-text\">El Brentford intent\u00f3 imponer su juego en los primeros instantes del partido, apretando la salida de bal\u00f3n local y buscando un gol tempranero que dinamitara las cosas. Aun as\u00ed, <strong>el equipo de Mikel Arteta tiene muchos recursos y lo volvi\u00f3 a demostrar. <\/strong>R\u00e1pidamente, empez\u00f3 a intimidar el \u00e1rea rival y <strong>un disparo de Odegaard que tapon\u00f3 Janelt<\/strong> pudo ser el primer gol en el Emirates.<\/p>\n<p class=\"ft-text\">Un minuto m\u00e1s tarde, <strong>Mikel Merino no perdon\u00f3 y anot\u00f3 otro gol m\u00e1s al puro estilo de &#8216;killer&#8217;.<\/strong> Un remate de cabeza picado imparable para el guardameta. <strong>El espa\u00f1ol est\u00e1 a un nivel espectacular, con cuatro goles y dos asistencias en los \u00faltimos seis partidos. <\/strong>Una pieza important\u00edsima para los &#8216;gunners&#8217;, que se adelantaron en el marcador en el minuto 11.<\/p>\n<p class=\"ft-text\">Los visitantes reaccionaron y tuvieron una oportunidad de oro a bal\u00f3n parado. <strong>Schade remat\u00f3 de cabeza un gran centro y tuvo que aparecer David Raya para desviar la pelota al larguero<\/strong>. Hasta el momento, los espa\u00f1oles estaban siendo decisivos en el partido, tanto Merino como su portero, y el caos estaba gobernando el partido en los minutos siguientes al gol &#8216;gunner&#8217;.<\/p>\n<p class=\"ft-text\">Antes del descanso, <strong>Mosquera se tendi\u00f3 en el terreno de juego por una lesi\u00f3n muscular.<\/strong> En su lugar, entr\u00f3 Timber para completar la defensa en el \u00faltimo tramo de la primera parte. <strong>Poco m\u00e1s pas\u00f3 antes de que los jugadores se marcharan al t\u00fanel de vestuarios<\/strong>, con todo por decidir y con el papel decisivo del sector espa\u00f1ol de los de Arteta.<\/p>\n<p class=\"ft-text\">Ambos equipos salieron enchufados en el segundo tiempo, sin ceder ni un solo metro a su rival. <strong>El Brentford tuvo varios ataques consecutivos<\/strong>, aunque no lograron incomodar del todo a un Raya muy seguro bajo la porter\u00eda. Con los primeros cambios de Arteta, y <strong>las entradas de Eze y Saka al terreno de juego<\/strong>, el Arsenal volvi\u00f3 a meter miedo por las bandas y a generar ocasiones de peligro.<\/p>\n<p class=\"ft-text\"><strong>Kelleher tuvo que lucirse en varios disparos desde fuera del \u00e1rea del Arsenal:<\/strong> primero de Calafiori y despu\u00e9s de Rice. En el segundo,<strong> Mikel Merino apareci\u00f3 para el rechace, pero lleg\u00f3 muy forzado.<\/strong> Aunque daba la sensaci\u00f3n de que llegar\u00eda el segundo tanto de los &#8216;gunners&#8217;, la diferencia era m\u00ednima. Cualquier jugada de peligro del Brentford pod\u00eda resultar en un gol que cambiara el partido.<\/p>\n<p class=\"ft-text\">En los \u00faltimos minutos, <strong>el Arsenal mantuvo la posesi\u00f3n y Saka acab\u00f3 sellando la victoria en un contraataque.<\/strong> Una victoria de gran importancia para los de Arteta, que siguen en lo m\u00e1s alto de la clasificaci\u00f3n de la Premier League, cinco puntos por encima del City de Guardiola y seis del Aston Villa.<\/p>\n","protected":false},"excerpt":{"rendered":"El Arsenal cumpli\u00f3 en el Emirates ante un combativo Brentford (2-0) y mantiene el liderato con una ventaja&hellip;\n","protected":false},"author":2,"featured_media":269830,"comment_status":"","ping_status":"","sticky":false,"template":"","format":"standard","meta":{"footnotes":""},"categories":[268],"tags":[5031,55299,168,25,24,280,282,1698,1240,281,23,167],"class_list":{"0":"post-269829","1":"post","2":"type-post","3":"status-publish","4":"format-standard","5":"has-post-thumbnail","7":"category-futbol","8":"tag-arsenal","9":"tag-brentford","10":"tag-deportes","11":"tag-es","12":"tag-espana","13":"tag-football","14":"tag-futbol","15":"tag-futbol-internacional","16":"tag-premier-league","17":"tag-soccer","18":"tag-spain","19":"tag-sports"},"share_on_mastodon":{"url":"https:\/\/pubeurope.com\/@es\/115658321060941561","error":""},"_links":{"self":[{"href":"https:\/\/www.europesays.com\/es\/wp-json\/wp\/v2\/posts\/269829","targetHints":{"allow":["GET"]}}],"collection":[{"href":"https:\/\/www.europesays.com\/es\/wp-json\/wp\/v2\/posts"}],"about":[{"href":"https:\/\/www.europesays.com\/es\/wp-json\/wp\/v2\/types\/post"}],"author":[{"embeddable":true,"href":"https:\/\/www.europesays.com\/es\/wp-json\/wp\/v2\/users\/2"}],"replies":[{"embeddable":true,"href":"https:\/\/www.europesays.com\/es\/wp-json\/wp\/v2\/comments?post=269829"}],"version-history":[{"count":0,"href":"https:\/\/www.europesays.com\/es\/wp-json\/wp\/v2\/posts\/269829\/revisions"}],"wp:featuredmedia":[{"embeddable":true,"href":"https:\/\/www.europesays.com\/es\/wp-json\/wp\/v2\/media\/269830"}],"wp:attachment":[{"href":"https:\/\/www.europesays.com\/es\/wp-json\/wp\/v2\/media?parent=269829"}],"wp:term":[{"taxonomy":"category","embeddable":true,"href":"https:\/\/www.europesays.com\/es\/wp-json\/wp\/v2\/categories?post=269829"},{"taxonomy":"post_tag","embeddable":true,"href":"https:\/\/www.europesays.com\/es\/wp-json\/wp\/v2\/tags?post=269829"}],"curies":[{"name":"wp","href":"https:\/\/api.w.org\/{rel}","templated":true}]}}