{"id":269831,"date":"2025-12-03T23:51:13","date_gmt":"2025-12-03T23:51:13","guid":{"rendered":"https:\/\/www.europesays.com\/es\/269831\/"},"modified":"2025-12-03T23:51:13","modified_gmt":"2025-12-03T23:51:13","slug":"de-su-vinculo-con-sus-padres-a-su-gran-cambio-fisico","status":"publish","type":"post","link":"https:\/\/www.europesays.com\/es\/269831\/","title":{"rendered":"de su v\u00ednculo con sus padres a su gran cambio f\u00edsico"},"content":{"rendered":"<p><img loading=\"lazy\" decoding=\"async\"   src=\"https:\/\/www.europesays.com\/es\/wp-content\/uploads\/2025\/12\/santiago-segura_bb2caa8d_251203144822_1200x800.webp.webp\" alt=\"Santiago Segura\" class=\"lazyload\" width=\"1200\" height=\"800\" data-aspectratio=\"1200\/800\"\/><\/p>\n<p>Las hijas de Santiago Segura, Calma y Sirena, tambi\u00e9n participaron en la saga &#8216;Padre no hay m\u00e1s que uno&#8217;<\/p>\n<p>&#13;Gtres<\/p>\n<p><strong>Santiago Segura<\/strong> (60 a\u00f1os) es, como dir\u00eda Paquita Salas, un artista 360. Cuando muchos le hab\u00edan encasillado en su rol de Torrente, el brazo tonto de la ley, cre\u00f3 una de las sagas familiares m\u00e1s exitosas del cine espa\u00f1ol: &#8216;Padre no hay m\u00e1s que uno&#8217;. La concluy\u00f3 el pasado verano pese a los buenos datos de taquilla. No est\u00e1 dispuesto a ver <a href=\"https:\/\/www.lecturas.com\/television\/santiago-segura-visita-hormiguero-estaba-hecho-bola-mi-me-gusta-mucho-comer-ahora-tengo-que-cortarme-mas-cuando-me-siento-mesa_177331\" target=\"_self\" rel=\"nofollow noopener\">c\u00f3mo\u00a0la gente deja de ir a ver estas historias al cine<\/a>. Ahora, mientras ultima los detalles del regreso de Torrente a la gran pantalla, estrena una nueva pel\u00edcula \u00a1navide\u00f1a!<\/p>\n<p>El cineasta acude este mi\u00e9rcoles a &#8216;El Hormiguero&#8217; junto a Ernesto Sevilla y Pablo Chiapella para <strong>presentar &#8216;La Navidad en sus manos 2&#8217;<\/strong>.\u00a0En ella, Salva, un buscavidas con m\u00e1s suerte que sentido com\u00fan, se enfrenta a nuevos desaf\u00edos que amenazan con arruinar la Navidad despu\u00e9s de haber sustituido accidentalmente a Pap\u00e1 Noel en la primera entrega de historia.<\/p>\n<p>Santiago Segura ha conseguido que se cambiase la imagen que hab\u00eda de \u00e9l. Lo ha conseguido colaborando en formatos como &#8216;El Hormiguero&#8217;, &#8216;Tu cara me suena&#8217; o &#8216;El Desaf\u00edo&#8217;. Su ajetreada agenda no le ha permitido ser un padre normal.\u00a0El cineasta ha recalcado en varias ocasiones que <strong>trata de pasar el mayor tiempo posible con sus hijas<\/strong>.<\/p>\n<p>Lo de llevarlas al m\u00e9dico no es lo suyo. \u00abDigamos que si la ni\u00f1a ha ido al m\u00e9dico 200 veces, yo la he llevado 30\u00bb. Algo parecido pasa con las actividades extraescolares. Admiti\u00f3 que su implicaci\u00f3n depend\u00eda de la cercan\u00eda y su disponibilidad por el trabajo.\u00a0Cambi\u00f3 su forma de ver la vida con la llegada de Calma y Sirena. \u00abAhora,\u00a0pienso m\u00e1s en las cosas que me dec\u00eda mi madre y las entiendo mejor\u00bb, asegur\u00f3 en una entrevista con &#8216;XL Semanal&#8217;.\u00a0<\/p>\n<p>\u00a0<\/p>\n<p><img loading=\"lazy\" decoding=\"async\"   src=\"https:\/\/www.europesays.com\/es\/wp-content\/uploads\/2025\/12\/santiago-segura_fef10ddc_251203144742_1200x800.webp.webp\" alt=\"Santiago Segura\" class=\"lazyload\" width=\"1200\" height=\"800\" data-aspectratio=\"1200\/800\"\/><\/p>\n<p>Santiago Segura siempre ha sido un hombre muy familiar, apegado especialmente a su madre<\/p>\n<p>&#13;Gtres<\/p>\n<p>\u00a0<\/p>\n<p>M\u00e1s apegado a su madre<\/p>\n<p>Ahora entiende frases que le dec\u00eda su madre, como que \u00abnadie\u00a0te ense\u00f1a a ser padre, ya te dar\u00e1s cuenta cuando lo seas\u00bb. Santiago creci\u00f3 en una familia tradicional. \u00abTen\u00edan siempre ese conflicto que surge cuando el padre cree que <strong>la madre es demasiado blanda con sus hijos<\/strong>\u00ab, explic\u00f3 en la citada publicaci\u00f3n. Ve\u00eda poco a su padre, ya que siempre estaba trabajando (en\u00a0una f\u00e1brica de tuercas y tornillos). Cuando lo ve\u00eda, espetaba frases directas como \u00abporque yo lo digo\u00bb.<\/p>\n<p>Para su madre, solo tiene halagos.\u00a0\u00abEra maravillosa, fuera de su \u00e9poca, una mujer alucinante\u00bb, aseguraba.\u00a0Esto <strong>le llev\u00f3 a apegarse m\u00e1s a su madre<\/strong>.\u00a0\u00abMi relaci\u00f3n con mi padre era muy buena, pero me gustaba m\u00e1s mi madre\u00bb, reconoci\u00f3 en el programa &#8216;Buenos d\u00edas Madrid&#8217; (Telemadrid).\u00a0<\/p>\n<p>Un radical cambio de f\u00edsico\u00a0<\/p>\n<p>Santiago Segura experiment\u00f3 un llamativo cambio f\u00edsico. Ahora luce m\u00e1s saludable.\u00a0\u00abHe llegado a estar en 116 kilos y <a href=\"https:\/\/www.lecturas.com\/television\/santiago-segura-visita-hormiguero-estaba-hecho-bola-mi-me-gusta-mucho-comer-ahora-tengo-que-cortarme-mas-cuando-me-siento-mesa_177331\" target=\"_self\" rel=\"nofollow noopener\">ahora estoy en 80, casi 40 menos<\/a>\u00ab, apunta en una entrevista con &#8216;Men&#8217;s Health&#8217;. Cambi\u00f3 de dieta y apost\u00f3 por el ejercicio f\u00edsico. \u00abLa verdad es que estaba hecho una bola, pero, claro, es complicado porque <strong>a m\u00ed me gusta mucho comer <\/strong>y ahora tengo que cortarme m\u00e1s cuando me siento a la mesa\u00bb, contaba en &#8216;El Hormiguero&#8217;. \u00abNo es tampoco una dieta milagrosa, pero ahora peso 40 kilos menos que hace a\u00f1os. Y el secreto <strong>es tan sencillo como comer menos y hacer m\u00e1s deporte<\/strong>\u00ab, a\u00f1ad\u00eda.<\/p>\n<p><img loading=\"lazy\" decoding=\"async\"   src=\"https:\/\/www.europesays.com\/es\/wp-content\/uploads\/2025\/12\/santiago-segura_b89d26c6_251203144711_1200x800.webp.webp\" alt=\"Santiago Segura\" class=\"lazyload\" width=\"1200\" height=\"800\" data-aspectratio=\"1200\/800\"\/><\/p>\n<p>Santiago Segura pas\u00f3 de estar en 116 kilos a los 80 que pesa actualmente, \u00a1casi 40 menos!<\/p>\n<p>&#13;Gtres<\/p>\n<p>Como apunta &#8216;Men&#8217;s Health&#8217;, el cineasta se centr\u00f3 en alcanzar d\u00e9ficit cal\u00f3rico, aunque tambi\u00e9n ha probado el ayuno intermitente. \u00abNo es f\u00e1cil acostumbrarse, y no es recomendable para todo el mundo, pero a m\u00ed me ayuda a controlar el hambre. Al final, todos tenemos que tener claro que la obesidad es una enfermedad y hay que ponerle remedio\u00bb, apunta. \u00c9l segu\u00eda un plan en el que pod\u00eda comer solo durante ocho horas del d\u00eda.<\/p>\n","protected":false},"excerpt":{"rendered":"Las hijas de Santiago Segura, Calma y Sirena, tambi\u00e9n participaron en la saga &#8216;Padre no hay m\u00e1s que&hellip;\n","protected":false},"author":2,"featured_media":269832,"comment_status":"","ping_status":"","sticky":false,"template":"","format":"standard","meta":{"footnotes":""},"categories":[174],"tags":[255,146,147,25,24,256,23],"class_list":{"0":"post-269831","1":"post","2":"type-post","3":"status-publish","4":"format-standard","5":"has-post-thumbnail","7":"category-famosos","8":"tag-celebrities","9":"tag-entertainment","10":"tag-entretenimiento","11":"tag-es","12":"tag-espana","13":"tag-famosos","14":"tag-spain"},"share_on_mastodon":{"url":"https:\/\/pubeurope.com\/@es\/115658325324338662","error":""},"_links":{"self":[{"href":"https:\/\/www.europesays.com\/es\/wp-json\/wp\/v2\/posts\/269831","targetHints":{"allow":["GET"]}}],"collection":[{"href":"https:\/\/www.europesays.com\/es\/wp-json\/wp\/v2\/posts"}],"about":[{"href":"https:\/\/www.europesays.com\/es\/wp-json\/wp\/v2\/types\/post"}],"author":[{"embeddable":true,"href":"https:\/\/www.europesays.com\/es\/wp-json\/wp\/v2\/users\/2"}],"replies":[{"embeddable":true,"href":"https:\/\/www.europesays.com\/es\/wp-json\/wp\/v2\/comments?post=269831"}],"version-history":[{"count":0,"href":"https:\/\/www.europesays.com\/es\/wp-json\/wp\/v2\/posts\/269831\/revisions"}],"wp:featuredmedia":[{"embeddable":true,"href":"https:\/\/www.europesays.com\/es\/wp-json\/wp\/v2\/media\/269832"}],"wp:attachment":[{"href":"https:\/\/www.europesays.com\/es\/wp-json\/wp\/v2\/media?parent=269831"}],"wp:term":[{"taxonomy":"category","embeddable":true,"href":"https:\/\/www.europesays.com\/es\/wp-json\/wp\/v2\/categories?post=269831"},{"taxonomy":"post_tag","embeddable":true,"href":"https:\/\/www.europesays.com\/es\/wp-json\/wp\/v2\/tags?post=269831"}],"curies":[{"name":"wp","href":"https:\/\/api.w.org\/{rel}","templated":true}]}}