{"id":269833,"date":"2025-12-03T23:52:14","date_gmt":"2025-12-03T23:52:14","guid":{"rendered":"https:\/\/www.europesays.com\/es\/269833\/"},"modified":"2025-12-03T23:52:14","modified_gmt":"2025-12-03T23:52:14","slug":"una-cafeteria-del-centro-de-gijon-convertida-en-pinacoteca","status":"publish","type":"post","link":"https:\/\/www.europesays.com\/es\/269833\/","title":{"rendered":"Una cafeter\u00eda del centro de Gij\u00f3n convertida en pinacoteca"},"content":{"rendered":"<p><img fetchpriority=\"high\" class=\"v-a-img\" src=\"https:\/\/www.europesays.com\/es\/wp-content\/uploads\/2025\/12\/Expo Dolce e Vero-RXPia782QX64qVGJFsve3kI-1200x840@El Comercio.jpg\" loading=\"eager\" decoding=\"async\" alt=\"El artista David Garc\u00eda Riesco con Ver\u00f3nica Blanco en la cafeter\u00eda que esta regenta en \u00c1lvarez Garaya donde el primero expone 11 de sus lienzos.\"  width=\"1200\" height=\"840\"\/><\/p>\n<p>El artista David Garc\u00eda Riesco con Ver\u00f3nica Blanco en la cafeter\u00eda que esta regenta en \u00c1lvarez Garaya donde el primero expone 11 de sus lienzos.          Jos\u00e9 Simal        <\/p>\n<p>El artista David Garc\u00eda Riesco, alumno de la academia Marg\u00f3n, expone 11 de sus lienzos en el negocio hostelero regentado por Ver\u00f3nica Blanco en \u00c1lvarez Garaya para visibilizar una obra que \u00e9l califica \u00abentre realista, impresionista y naif\u00bb<\/p>\n<p><a class=\"v-mdl-ath__fig-a\" href=\"https:\/\/www.elcomercio.es\/autor\/marcos-moro-220.html\" title=\"Marcos Moro\" rel=\"nofollow noopener\" target=\"_blank\"><br \/>\n<img decoding=\"async\" class=\"v-mdl-ath__img\" src=\"https:\/\/www.europesays.com\/es\/wp-content\/uploads\/2025\/07\/autor-220-foto-2.jpeg\" alt=\"Marcos Moro\"\/><br \/>\n<\/a><\/p>\n<p class=\"v-mdl-ath__p v-mdl-ath__p--6\">\nMi\u00e9rcoles, 3 de diciembre 2025, 23:50<\/p>\n<p class=\"v-p\">La cafeter\u00eda gijonesa Dolce e Vero, ubicada en \u00c1lvarez Garaya, se ha transformado en los \u00faltimos d\u00edas en una galer\u00eda de arte. De sus paredes y columnas cuelgan cuadros que se combinan estos d\u00edas con los dibujos de dulces y los nombres de las exquisiteces que se sirven a diario entre los clientes. El negocio hostelero transmutado en pinacoteca expone la obra de David Garc\u00eda Riesco, uno de esos clientes habituales con vocaci\u00f3n art\u00edstica que convenci\u00f3 a la due\u00f1a, Ver\u00f3nica Blanco, para dar a conocer su obra en un espacio donde las obras de arte suelen ser las galletas, las tartas y los caf\u00e9s. <\/p>\n<p class=\"v-p\">David tiene 44 a\u00f1os y es valenciano de nacimiento, pero lleva m\u00e1s de media vida viviendo en Asturias adonde se mud\u00f3 a vivir junto a sus padres y hermana en 2001. \u00abLa muestra surgi\u00f3 hablando un d\u00eda con Vero  en que le coment\u00e9 la idea de exponer un par de cuadros. Al final llev\u00e9 unos tres cuadros y vimos que parec\u00eda poco, as\u00ed que al final, y dado el espacio disponible, ahora mismo tengo expuestas 11 obras, de tama\u00f1os, t\u00e9cnicas y tem\u00e1ticas muy diferentes ya que considero enriquecedor no encasillarse en un mismo estilo y tem\u00e1tica\u00bb, explica el artista.<\/p>\n<p class=\"v-p\">David explica que su inter\u00e9s por las artes pl\u00e1sticas nace de que es alumno del Estudio Marg\u00f3n que est\u00e1 en Gij\u00f3n, en la avenida de la Costa, desde hace muchos a\u00f1os,\u00abun lugar donde he aprendido mucho y sigo aprendiendo\u00bb. No obstante aclara que su base es autodidacta. \u00abEn torno a los 16 a\u00f1os mis padres compraron nuestro primer ordenador (un 486, con Windows) y enseguida me &#8216;vici\u00e9&#8217; a pintar con el Paint. Con la pr\u00e1ctica iba haciendo dibujos cada vez m\u00e1s definidos. Posteriormente comenc\u00e9 a pintar con rotuladores y l\u00e1pices de colores. Hasta que hace casi 20 a\u00f1os hice mis primeras pinturas con \u00f3leo y acuarelas, y de ah\u00ed fue cuando me apunt\u00e9 a la Academia Marg\u00f3n de la que soy fiel alumno\u00bb, relata a modo retrospectivo.<\/p>\n<p class=\"v-p\">\u00bfC\u00f3mo se clasifica art\u00edsticamente? \u00abHago pintura que calificar\u00eda entre realista, impresionista y un poco naif en algunas obras. Mayoritariamente pinto o bien a \u00f3leo sobre lienzo o bien acr\u00edlico (este sobre lienzo o sobre tablillas de madera, incluso en ocasiones aprovechando soportes que encuentro en la basura como bastidores, chapas, embalajes de platos de ducha, etc.)\u00bb, apunta. \u00abTambi\u00e9n pinto algo con acuarela aunque en menor medida\u00bb, a\u00f1ade.<\/p>\n<p class=\"v-p\">La exposici\u00f3n en s\u00ed en Dolce e Vero no tiene una duraci\u00f3n estimada y el autor avisa de que \u00aben un tiempo ir\u00e9 intercambiando algunos cuadros por otros que tengo en casa\u00bb. Asegura que no es debutante y que \u00abya tengo unas cuantas exposiciones en mi haber, sobre todo en cafeter\u00edas y restaurantes\u00bb. <\/p>\n<p class=\"v-p\">\u00a0<\/p>\n<p>Reporta un error<\/p>\n","protected":false},"excerpt":{"rendered":"El artista David Garc\u00eda Riesco con Ver\u00f3nica Blanco en la cafeter\u00eda que esta regenta en \u00c1lvarez Garaya donde&hellip;\n","protected":false},"author":2,"featured_media":269834,"comment_status":"","ping_status":"","sticky":false,"template":"","format":"standard","meta":{"footnotes":""},"categories":[173],"tags":[229,233,231,230,11558,245,26682,232,234,146,147,25,24,6023,66378,23],"class_list":{"0":"post-269833","1":"post","2":"type-post","3":"status-publish","4":"format-standard","5":"has-post-thumbnail","7":"category-arte-y-diseno","8":"tag-arte","9":"tag-arte-y-diseno","10":"tag-arts","11":"tag-arts-and-design","12":"tag-cafeteria","13":"tag-centro","14":"tag-convertida","15":"tag-design","16":"tag-diseno","17":"tag-entertainment","18":"tag-entretenimiento","19":"tag-es","20":"tag-espana","21":"tag-gijon","22":"tag-pinacoteca","23":"tag-spain"},"share_on_mastodon":{"url":"https:\/\/pubeurope.com\/@es\/115658328998227158","error":""},"_links":{"self":[{"href":"https:\/\/www.europesays.com\/es\/wp-json\/wp\/v2\/posts\/269833","targetHints":{"allow":["GET"]}}],"collection":[{"href":"https:\/\/www.europesays.com\/es\/wp-json\/wp\/v2\/posts"}],"about":[{"href":"https:\/\/www.europesays.com\/es\/wp-json\/wp\/v2\/types\/post"}],"author":[{"embeddable":true,"href":"https:\/\/www.europesays.com\/es\/wp-json\/wp\/v2\/users\/2"}],"replies":[{"embeddable":true,"href":"https:\/\/www.europesays.com\/es\/wp-json\/wp\/v2\/comments?post=269833"}],"version-history":[{"count":0,"href":"https:\/\/www.europesays.com\/es\/wp-json\/wp\/v2\/posts\/269833\/revisions"}],"wp:featuredmedia":[{"embeddable":true,"href":"https:\/\/www.europesays.com\/es\/wp-json\/wp\/v2\/media\/269834"}],"wp:attachment":[{"href":"https:\/\/www.europesays.com\/es\/wp-json\/wp\/v2\/media?parent=269833"}],"wp:term":[{"taxonomy":"category","embeddable":true,"href":"https:\/\/www.europesays.com\/es\/wp-json\/wp\/v2\/categories?post=269833"},{"taxonomy":"post_tag","embeddable":true,"href":"https:\/\/www.europesays.com\/es\/wp-json\/wp\/v2\/tags?post=269833"}],"curies":[{"name":"wp","href":"https:\/\/api.w.org\/{rel}","templated":true}]}}