{"id":269835,"date":"2025-12-03T23:54:10","date_gmt":"2025-12-03T23:54:10","guid":{"rendered":"https:\/\/www.europesays.com\/es\/269835\/"},"modified":"2025-12-03T23:54:10","modified_gmt":"2025-12-03T23:54:10","slug":"la-unica-libertad-que-hay-es-el-teatro","status":"publish","type":"post","link":"https:\/\/www.europesays.com\/es\/269835\/","title":{"rendered":"&#8216;La \u00fanica libertad que hay es el teatro&#8217;"},"content":{"rendered":"<p>El conocido presentador de televisi\u00f3n y<a href=\"https:\/\/www.huffingtonpost.es\/virales\/pedro-ruiz-tajante-sobre-entrada-prision-abalos-consecuencias-psoe-hay-negrura-horizonte.html\" rel=\"nofollow noopener\" target=\"_blank\"> humorista Pedro Ruiz<\/a>, galardonado con el Premio a la Trayectoria por RTVE, ha sido el invitado de este mi\u00e9rcoles al programa La Revuelta, presentado por el popular humorista David Broncano.\u00a0<\/p>\n<p>Ruiz le ha contado una an\u00e9cdota del d\u00eda en el que le hicieron dejar la televisi\u00f3n. Fue en la <b><a href=\"https:\/\/www.huffingtonpost.es\/virales\/luis-tosar-da-autentica-leccion-213-espanoles-piensa-dictadura-franco-buena.html\" rel=\"nofollow noopener\" target=\"_blank\">\u00e9poca del franquismo<\/a> <\/b>y lo cont\u00f3 a ra\u00edz del regalo que le ha hecho a Broncano, como acostumbra cada invitado que pasa por ah\u00ed, un poema dedicado al programa y a \u00e9l.<\/p>\n<p>\u00abEscribo todos los d\u00edas, t\u00fa al principio me has presentado como un presentador, y yo creo que t\u00fa no eres presentador, <b>t\u00fa eres &#8216;prepensador&#8217;<\/b>, presentador es el que sale diciendo &#8216;con ustedes, el chorizo'\u00bb, contaba Ruiz. A ra\u00edz de estas palabras, Broncano le dec\u00eda que \u00abaun as\u00ed\u00bb, \u00e9l presentaba un programa de televisi\u00f3n.<\/p>\n<p>Ruiz fue presentador de Estudio Estado, de RTVE, durante la \u00e9poca del r\u00e9gimen franquista. <b>\u00abYo conoc\u00ed a Franco, pero de lejos, eh, de lejos&#8230;\u00bb,<\/b> ironizaba el humorista, como suele hacer habitualmente. Revelaba, adem\u00e1s, que lo m\u00e1s cerca que ha estado de Franco ha sido dos kil\u00f3metros de distancia: <b>\u00abPero aun as\u00ed me asust\u00f3, eh&#8230;\u00bb.<\/b><\/p>\n<p>\u00a1O la televisi\u00f3n o el teatro!<\/p>\n<p>En aquel momento viv\u00eda en Barcelona, y con motivo de ser <b>la primera vez que iban a dar los partidos de f\u00fatbol durante los domingos todos juntos<\/b>, llam\u00f3 al programa &#8216;Estudio Estadio&#8217;, pero le hicieron dejar la televisi\u00f3n.<\/p>\n<p>\u00abViv\u00eda en Barcelona, como empec\u00e9 a hacer teatro, dijeron que no era digno hacer la televisi\u00f3n y la far\u00e1ndula. <b>Me hicieron elegir entre el teatro o la televisi\u00f3n y eleg\u00ed el teatro<\/b>. La \u00fanica libertad que hay es el teatro\u00bb, ha defendido Ruiz.<\/p>\n<p>\u00abEs el \u00fanico sitio en el que te sientes libre del todo\u00bb, ha destacado el humorista, que acostumbra a dar un an\u00e1lisis cr\u00edtico y con cierto toque de humor en sus redes sociales sobre la actualidad.<\/p>\n","protected":false},"excerpt":{"rendered":"El conocido presentador de televisi\u00f3n y humorista Pedro Ruiz, galardonado con el Premio a la Trayectoria por RTVE,&hellip;\n","protected":false},"author":2,"featured_media":269836,"comment_status":"","ping_status":"","sticky":false,"template":"","format":"standard","meta":{"footnotes":""},"categories":[171],"tags":[146,147,25,24,1470,29956,39979,23,214],"class_list":{"0":"post-269835","1":"post","2":"type-post","3":"status-publish","4":"format-standard","5":"has-post-thumbnail","7":"category-tv","8":"tag-entertainment","9":"tag-entretenimiento","10":"tag-es","11":"tag-espana","12":"tag-franquismo","13":"tag-la-revuelta","14":"tag-pedro-ruiz","15":"tag-spain","16":"tag-tv"},"share_on_mastodon":{"url":"https:\/\/pubeurope.com\/@es\/115658336982307432","error":""},"_links":{"self":[{"href":"https:\/\/www.europesays.com\/es\/wp-json\/wp\/v2\/posts\/269835","targetHints":{"allow":["GET"]}}],"collection":[{"href":"https:\/\/www.europesays.com\/es\/wp-json\/wp\/v2\/posts"}],"about":[{"href":"https:\/\/www.europesays.com\/es\/wp-json\/wp\/v2\/types\/post"}],"author":[{"embeddable":true,"href":"https:\/\/www.europesays.com\/es\/wp-json\/wp\/v2\/users\/2"}],"replies":[{"embeddable":true,"href":"https:\/\/www.europesays.com\/es\/wp-json\/wp\/v2\/comments?post=269835"}],"version-history":[{"count":0,"href":"https:\/\/www.europesays.com\/es\/wp-json\/wp\/v2\/posts\/269835\/revisions"}],"wp:featuredmedia":[{"embeddable":true,"href":"https:\/\/www.europesays.com\/es\/wp-json\/wp\/v2\/media\/269836"}],"wp:attachment":[{"href":"https:\/\/www.europesays.com\/es\/wp-json\/wp\/v2\/media?parent=269835"}],"wp:term":[{"taxonomy":"category","embeddable":true,"href":"https:\/\/www.europesays.com\/es\/wp-json\/wp\/v2\/categories?post=269835"},{"taxonomy":"post_tag","embeddable":true,"href":"https:\/\/www.europesays.com\/es\/wp-json\/wp\/v2\/tags?post=269835"}],"curies":[{"name":"wp","href":"https:\/\/api.w.org\/{rel}","templated":true}]}}