{"id":269837,"date":"2025-12-03T23:55:15","date_gmt":"2025-12-03T23:55:15","guid":{"rendered":"https:\/\/www.europesays.com\/es\/269837\/"},"modified":"2025-12-03T23:55:15","modified_gmt":"2025-12-03T23:55:15","slug":"horarios-y-detalles-para-la-fecha-unica-con-su-formacion-original-en-vistalegre-el-13-de-diciembre","status":"publish","type":"post","link":"https:\/\/www.europesays.com\/es\/269837\/","title":{"rendered":"Horarios y Detalles para la fecha \u00fanica con su formaci\u00f3n original en Vistalegre el 13 de Diciembre"},"content":{"rendered":"<p>&#13;<br \/>\n        &#13;<br \/>\n&#13;<br \/>\n        &#13;<br \/>\n&#13;<\/p>\n<p>\u00a0<\/p>\n<p><strong>OBUS \u2013 Horarios y Detalles para la fecha \u00fanica con su formaci\u00f3n original en Vistalegre el 13 de Diciembre<\/strong><br \/>\n<img fetchpriority=\"high\" decoding=\"async\" src=\"https:\/\/www.europesays.com\/es\/wp-content\/uploads\/2025\/11\/obus_cartel_original_promo500x267.jpg\" alt=\"OBUS\" width=\"500\" height=\"267\"\/><\/p>\n<p>Cada vez queda menos para el concierto de <strong><a href=\"https:\/\/www.obusrock.com\/\" target=\"_blank\" rel=\"noopener nofollow\">OB\u00daS<\/a><\/strong> con su formaci\u00f3n original que se llevar\u00e1 a cabo <strong>el pr\u00f3ximo 13 de diciembre en el Palacio Vistalegre de Madrid<\/strong>. Ser\u00e1 un concierto \u00fanico e irrepetible ya que ser\u00e1 la \u00fanica fecha que el grupo de con esta formaci\u00f3n.<\/p>\n<p>Horarios<\/p>\n<ul>\n<li>Entrada Vip: 18 horas<\/li>\n<li>Apertura: 19 horas<\/li>\n<li>D.J. El Pirata: 20 horas<\/li>\n<li><strong>OB\u00daS: 21,30 Horas<\/strong><\/li>\n<\/ul>\n<p><img loading=\"lazy\" decoding=\"async\" src=\"https:\/\/www.europesays.com\/es\/wp-content\/uploads\/2025\/11\/obus_cartel_original.jpg\" alt=\"OBUS\" width=\"500\" height=\"721\"\/><br \/>\n<strong>Las entradas est\u00e1n a la venta\u00a0<a href=\"https:\/\/www.ticketmaster.es\/artist\/obus-entradas\/965728\" target=\"_blank\" rel=\"noopener nofollow\">a trav\u00e9s de este enlace<\/a>.<\/strong><\/p>\n<p style=\"text-align: center;\"><strong>Fortu, Paco, Juan Luis y Fernando <\/strong>de nuevo juntos por una noche.<\/p>\n<p><img loading=\"lazy\" decoding=\"async\" src=\"https:\/\/www.europesays.com\/es\/wp-content\/uploads\/2025\/10\/obus_reunion5.jpg\" alt=\"OBUS\" width=\"500\" height=\"333\"\/><\/p>\n<p style=\"text-align: center;\"><strong><a href=\"https:\/\/www.rafabasa.com\/2025\/10\/13\/obus-entrevista-con-fortu-paco-juan-luis-y-fernando\/\" target=\"_blank\" rel=\"noopener nofollow\">OB\u00daS \u2013 Entrevista con Fortu, Paco, Juan Luis y Fernando<\/a><\/strong><\/p>\n<p style=\"text-align: center;\"><strong><a href=\"https:\/\/www.rafabasa.com\/2025\/11\/24\/obus-entrevista-con-paco-laguna-previa-al-concierto-del-13-de-diciembre-en-madrid\/\" target=\"_blank\" rel=\"noopener nofollow\">ENTREVISTA con Francisco Laguna<\/a><\/strong><\/p>\n<p>\u00a0<\/p>\n<p><strong><a href=\"https:\/\/www.obusrock.com\/\" target=\"_blank\" rel=\"noopener nofollow\">OB\u00daS<\/a><\/strong> han estrenado un nuevo single y videoclip con su formaci\u00f3n original. El tema, titulado \u00abSiempre Hacia Delante\u00bb, es el primer material que la banda edita con esta formaci\u00f3n tras veinte a\u00f1os.<\/p>\n<p>\u00a0<\/p>\n<p>\u00a0<\/p>\n<p>\u00a0<\/p>\n<p>        &#13;<br \/>\n&#13;<br \/>\n&#13;<br \/>\n        &#13;<br \/>\n                        &#13;<br \/>\n            &#13;<br \/>\n&#13;<br \/>\n                        Art\u00edculo anterior<a href=\"https:\/\/www.rafabasa.com\/2025\/12\/03\/mago-de-oz-nuevo-exito-en-mexico-y-proximas-fechas\/\" rel=\"nofollow noopener\" target=\"_blank\">MAGO DE OZ: Nuevo \u00e9xito en M\u00e9xico y pr\u00f3ximas fechas.<\/a>Art\u00edculo siguiente<a href=\"https:\/\/www.rafabasa.com\/2025\/12\/03\/cronica-y-fotos-de-dunedain-en-valladolid\/\" rel=\"nofollow noopener\" target=\"_blank\">Cr\u00f3nica y fotos de D\u00dcNEDAIN en Valladolid<\/a>            \t                &#13;<br \/>\n&#13;<\/p>\n","protected":false},"excerpt":{"rendered":"&#13; &#13; &#13; &#13; &#13; \u00a0 OBUS \u2013 Horarios y Detalles para la fecha \u00fanica con su formaci\u00f3n&hellip;\n","protected":false},"author":2,"featured_media":209928,"comment_status":"","ping_status":"","sticky":false,"template":"","format":"standard","meta":{"footnotes":""},"categories":[170],"tags":[146,147,25,24,184,185,36239,23],"class_list":{"0":"post-269837","1":"post","2":"type-post","3":"status-publish","4":"format-standard","5":"has-post-thumbnail","7":"category-musica","8":"tag-entertainment","9":"tag-entretenimiento","10":"tag-es","11":"tag-espana","12":"tag-music","13":"tag-musica","14":"tag-obus","15":"tag-spain"},"share_on_mastodon":{"url":"https:\/\/pubeurope.com\/@es\/115658341372745884","error":""},"_links":{"self":[{"href":"https:\/\/www.europesays.com\/es\/wp-json\/wp\/v2\/posts\/269837","targetHints":{"allow":["GET"]}}],"collection":[{"href":"https:\/\/www.europesays.com\/es\/wp-json\/wp\/v2\/posts"}],"about":[{"href":"https:\/\/www.europesays.com\/es\/wp-json\/wp\/v2\/types\/post"}],"author":[{"embeddable":true,"href":"https:\/\/www.europesays.com\/es\/wp-json\/wp\/v2\/users\/2"}],"replies":[{"embeddable":true,"href":"https:\/\/www.europesays.com\/es\/wp-json\/wp\/v2\/comments?post=269837"}],"version-history":[{"count":0,"href":"https:\/\/www.europesays.com\/es\/wp-json\/wp\/v2\/posts\/269837\/revisions"}],"wp:featuredmedia":[{"embeddable":true,"href":"https:\/\/www.europesays.com\/es\/wp-json\/wp\/v2\/media\/209928"}],"wp:attachment":[{"href":"https:\/\/www.europesays.com\/es\/wp-json\/wp\/v2\/media?parent=269837"}],"wp:term":[{"taxonomy":"category","embeddable":true,"href":"https:\/\/www.europesays.com\/es\/wp-json\/wp\/v2\/categories?post=269837"},{"taxonomy":"post_tag","embeddable":true,"href":"https:\/\/www.europesays.com\/es\/wp-json\/wp\/v2\/tags?post=269837"}],"curies":[{"name":"wp","href":"https:\/\/api.w.org\/{rel}","templated":true}]}}