{"id":269842,"date":"2025-12-03T23:59:10","date_gmt":"2025-12-03T23:59:10","guid":{"rendered":"https:\/\/www.europesays.com\/es\/269842\/"},"modified":"2025-12-03T23:59:10","modified_gmt":"2025-12-03T23:59:10","slug":"enrique-y-andrea-nueva-pareja-de-la-isla-de-las-tentaciones-9-edad-tiempo-juntos-como-se-conocieron-el-confidencial","status":"publish","type":"post","link":"https:\/\/www.europesays.com\/es\/269842\/","title":{"rendered":"Enrique y Andrea, nueva pareja de &#039;La isla de las tentaciones 9&#039;: edad, tiempo juntos, c\u00f3mo se conocieron&#8230; &#8211; El Confidencial"},"content":{"rendered":"<ol>\n<li><a href=\"https:\/\/news.google.com\/rss\/articles\/CBMitAFBVV95cUxOV2FOejhCRVZBVU91V0hfUTNtN3U2RGN0Z3NXSTE0M2xjUEx3SnktQWs5dTJVdnZXd19iNTJZT3RETmVxSEtzXzYwQjRmNnJaTFNxdUFpVmRMQlRVdnFCS1FoeVg4RUY1TFRFSUVjWFJ4Q0tJV0RVV2JHRS1ZcEhFZnFKUm05ajhheGVibXZZeHd3SkNtOFZ3bXBiWURYT293TGd4RU9PRXAwVllESHZKSUVMWGTSAboBQVVfeXFMT1ZpelF3TFhkRW84Yy11WlpiRi1ONThQdUNRd1ctWFpHRU1tdWlJVEx3OHpWdFViSUxmdU5tem95dmd2UUFKMXo1bUVEVTVYd1ZVcWNqOHVHdFJaWjE0SGYtQnB0a2hGdExLVDZERE9LMGtfT2xwMnhCR09HOEJ4SHZGckxCVXFTMUJVcFV6dzQ4OU5tSGJia2l5MzVBOWM0dkV1LWdKSHZLMi1ONWp3WXdmSlpWTGJLSHVB?oc=5\" target=\"_blank\" rel=\"nofollow noopener\">Enrique y Andrea, nueva pareja de &#8216;La isla de las tentaciones 9&#8217;: edad, tiempo juntos, c\u00f3mo se conocieron&#8230;<\/a>&nbsp;&nbsp;El Confidencial<\/li>\n<li><a href=\"https:\/\/news.google.com\/rss\/articles\/CBMisgJBVV95cUxPRUFzNkpicG1BZkFOZUdaQTZGYU9QRXFHclVUUURITUhqcmxIaEpMNjVoSVYyeFV0cFlvSnBTVE5qSl85T3k0bzJVa21uVW14VHVpNkIxY2F1S0dVTFE2Xy1UZXFFdmJxXzJLQnFuQm12eWE4eHpid0U0WEFjMXhsWWNvcXhlX0phVE9QcUNZY0xmZGlack5jTmFOZkZNb0RZR3FuYnNkUlFJRGNYc0lfQVhxVGJVLXBNWTdQNldIR3pnc2FPX2ZESHl4NFoxdm85ZEU5MGVENHlQV1EwZjg3WlBYLUltZ0NYcm1hZjdZSHlrLTcxUmxPRXdPdEJadVdDLVhFZFJWU1FXM1lQWkFZR3Z6NXNaQ2dxMkdKSDVjUktxRDlycmZSNUJSeTg1eDhXa2fSAZwCQVVfeXFMTVYtcDRZdWZMRDRMRUtoaEZSemgyNUpiQ204c2JkbHFjWGY0TFlvWm1oR0EycUR4dXJLdkhBTjJFcmJBbUdaeFdJT0o3YkU5NFdoTjR5b1I1WGUyNjU2WjBnRWEyWGJjeDlENnd2dzJDV2lVdkNhcW11b1cwbm9nZWgyUWdnb3J1SWVLNlk5Y3UzXzIweGxPY2VtQ3lvYUVORjgtMkVLUlJaUk9rb014N1NMNFd1QloxMEpKbDdrQVNybG14R3pGbm1BdkQybjhZOVhrWWxIT2p2V2JGQVVKSUVYYVBPU2YxRXQyMUhFRlduV1lfTnItQzFvYTNnMG9GV3ZDaGx0X0hFd0ZTcGlFaXlqRzhrSnczVjlXX0g?oc=5\" target=\"_blank\" rel=\"nofollow noopener\">Revoluci\u00f3n en &#8216;La isla de las tentaciones&#8217;: un concursante vetado y la llegada de Enrique y Andrea, una nueva pareja dispuesta a todo<\/a>&nbsp;&nbsp;El Economista<\/li>\n<li><a href=\"https:\/\/news.google.com\/rss\/articles\/CBMi2gFBVV95cUxOSjZvZFBmWDZmOG44Y1FVVlJiVUx6MkFqYms2OS1FZVNWWUIycHhoRDF1TmwzVjRrR3NVU2pwczJUUU1mY2NoVVl4QTZPUmZ2eUpCYzh4REF4c2NQZk5yOEp4YlltZGZPeXF2bDlKeUJJMERVbnhzQ2hUV1JUbFVnNm1idjNPLTI2QnpYMHI3M05MNGJvM3lPRXRacG1KTDlJV2ZZTzVOUG8xemIyMTg2MVBkMmtwTVBTbzFhTEtBQjVWeV9UNHo3UDV4N2VVRUdwdHlJcVlJOVJwUQ?oc=5\" target=\"_blank\" rel=\"nofollow noopener\">&#8216;La isla de las tentaciones 9&#8217; sentenci\u00f3 a Almudena con una frase lapidaria y mostr\u00f3 a los sustitutos de Mayeli y \u00c1lvaro<\/a>&nbsp;&nbsp;elDiario.es<\/li>\n<li><a href=\"https:\/\/news.google.com\/rss\/articles\/CBMipAFBVV95cUxPSlB1OXpZaUpQT2xoYUxfYW1GbFhKaVlFb2w2RHdDZ2p5aktMbmNIMHo0VUlrd1hSNlIxYmhnVEhXWWR6ME1JVTRDZ1VnRUI2dFJnM3oyUUNyN0ZuNkpCX2VsWWZuTkdVcWhfRHZLb2JudWN4eUo1WkRCU3VKQ3NNdDJWSWVCanVYR0RuZ1BYb1FwTW8yd0FITEMzaW5HMllmVTI3OdIBqgFBVV95cUxQaU8wVEhSaEEyRGZ5ZVFKb2xzOFo2MmlzcGJpLUFFWU1fWS15ekdDNldVN2tLS3hyeFVFV21ENFhzR1k4bDFtVDR1cV9aTE9WN2Y1LW5nVHBsZy1XYWVkWm1Jb0ZqT1QyYkVVb3c5cmZHQS1FNnJLVzRRMWwtVlFrYjJ6RGpQMGo4Zmt1QTQtMlJqRG5ZM3ktdGxjZU8xR1hDWVYyeFBxSTh1UQ?oc=5\" target=\"_blank\" rel=\"nofollow noopener\">\u00bfNueva pareja en &#8216;La isla de las tentaciones&#8217; 9? Todo lo que sabemos tras irse \u00c1lvaro y Mayeli<\/a>&nbsp;&nbsp;El Peri\u00f3dico<\/li>\n<\/ol>\n","protected":false},"excerpt":{"rendered":"Enrique y Andrea, nueva pareja de &#8216;La isla de las tentaciones 9&#8217;: edad, tiempo juntos, c\u00f3mo se conocieron&#8230;&nbsp;&nbsp;El&hellip;\n","protected":false},"author":2,"featured_media":269843,"comment_status":"","ping_status":"","sticky":false,"template":"","format":"standard","meta":{"footnotes":""},"categories":[91],"tags":[146,147,25,24,23],"class_list":{"0":"post-269842","1":"post","2":"type-post","3":"status-publish","4":"format-standard","5":"has-post-thumbnail","7":"category-entretenimiento","8":"tag-entertainment","9":"tag-entretenimiento","10":"tag-es","11":"tag-espana","12":"tag-spain"},"share_on_mastodon":{"url":"https:\/\/pubeurope.com\/@es\/115658356442301285","error":""},"_links":{"self":[{"href":"https:\/\/www.europesays.com\/es\/wp-json\/wp\/v2\/posts\/269842","targetHints":{"allow":["GET"]}}],"collection":[{"href":"https:\/\/www.europesays.com\/es\/wp-json\/wp\/v2\/posts"}],"about":[{"href":"https:\/\/www.europesays.com\/es\/wp-json\/wp\/v2\/types\/post"}],"author":[{"embeddable":true,"href":"https:\/\/www.europesays.com\/es\/wp-json\/wp\/v2\/users\/2"}],"replies":[{"embeddable":true,"href":"https:\/\/www.europesays.com\/es\/wp-json\/wp\/v2\/comments?post=269842"}],"version-history":[{"count":0,"href":"https:\/\/www.europesays.com\/es\/wp-json\/wp\/v2\/posts\/269842\/revisions"}],"wp:featuredmedia":[{"embeddable":true,"href":"https:\/\/www.europesays.com\/es\/wp-json\/wp\/v2\/media\/269843"}],"wp:attachment":[{"href":"https:\/\/www.europesays.com\/es\/wp-json\/wp\/v2\/media?parent=269842"}],"wp:term":[{"taxonomy":"category","embeddable":true,"href":"https:\/\/www.europesays.com\/es\/wp-json\/wp\/v2\/categories?post=269842"},{"taxonomy":"post_tag","embeddable":true,"href":"https:\/\/www.europesays.com\/es\/wp-json\/wp\/v2\/tags?post=269842"}],"curies":[{"name":"wp","href":"https:\/\/api.w.org\/{rel}","templated":true}]}}