{"id":269850,"date":"2025-12-04T00:03:14","date_gmt":"2025-12-04T00:03:14","guid":{"rendered":"https:\/\/www.europesays.com\/es\/269850\/"},"modified":"2025-12-04T00:03:14","modified_gmt":"2025-12-04T00:03:14","slug":"la-policia-nacional-detiene-al-anestesista-que-sedo-a-la-nina-fallecida-tras-ir-al-dentista-en-alzira","status":"publish","type":"post","link":"https:\/\/www.europesays.com\/es\/269850\/","title":{"rendered":"La Polic\u00eda Nacional detiene al anestesista que sed\u00f3 a la ni\u00f1a fallecida tras ir al dentista en Alzira"},"content":{"rendered":"<p>La Polic\u00eda Nacional ha detenido este mi\u00e9rcoles en Valencia al anestesista de la cl\u00ednica privada de la localidad valenciana de Alzira en la que una ni\u00f1a de seis a\u00f1os y otra de cuatro recibieron un tratamiento dental <a href=\"https:\/\/www.rtve.es\/noticias\/20251121\/muere-nina-seis-anos-algemesi-valencia-tras-ser-tratada-clinica-dental\/16825518.shtml\" rel=\"nofollow noopener\" target=\"_blank\">tras el cual la primera muri\u00f3<\/a> y la segunda estuvo ingresada varios d\u00edas en el hospital.<\/p>\n<p>Fuentes policiales han confirmado a RTVE que el hombre, de 43 a\u00f1os, ha sido detenido como supuesto <strong>autor de los delitos de homicidio imprudente, lesiones, omisi\u00f3n del deber de socorro y contra la salud p\u00fablica y hurto,<\/strong> tras al parecer haber causado la muerte de una menor y la intoxicaci\u00f3n grave de otra en dicho centro. Fuentes de la investigaci\u00f3n a\u00f1aden que el hospital en el que presuntamente robaba medicaci\u00f3n espec\u00edfica de anestesia era el hospital de Manises en el que trabajaba.<\/p>\n<p>Asimismo, pocas horas despu\u00e9s, se ha detenido en Alzira a la<strong> propietaria de la cl\u00ednica, una mujer de 50 a\u00f1os,<\/strong> como presunta autora de los delitos de omisi\u00f3n del deber de socorro y contra la salud p\u00fablica. A \u00faltima hora de la tarde del mi\u00e9rcoles,<strong> ha sido puesta en libertad tras declarar ante la Polic\u00eda Nacional<\/strong> a la espera de ser citada por el \u00f3rgano judicial encargado de la investigaci\u00f3n. Por su parte, <strong>el anestesista pasar\u00e1 este jueves a disposici\u00f3n judicial<\/strong>.<\/p>\n<p>Este suceso se encuentra bajo investigaci\u00f3n del Juzgado de Instrucci\u00f3n n\u00famero 5 de Alzira, que ha abierto diligencias previas para investigar tanto el fallecimiento como las lesiones sufridas por la otra menor.<\/p>\n<p>La Conselleria de Sanidad ha informado recientemente de que esta cl\u00ednica dental privada <strong>no tiene autorizaci\u00f3n sanitaria para t\u00e9cnicas de actividad de anestesia<\/strong>, lo que incluye la sedaci\u00f3n con f\u00e1rmacos intravenosos como se le practic\u00f3 a la menor.<\/p>\n<p>Seg\u00fan Sanidad, la autorizaci\u00f3n de esta cl\u00ednica dental privada es \u00abcomo cl\u00ednica dental con actividad de odontolog\u00eda-estomatolog\u00eda\u00bb, de modo que<strong> \u00fanicamente est\u00e1 autorizada para \u00abadministrar sin m\u00e1s autorizaci\u00f3n anest\u00e9sicos locales\u00bb.<\/strong><\/p>\n<p>Otra ni\u00f1a de cuatro a\u00f1os, dada de alta<\/p>\n<p>El pasado 20 de noviembre una ni\u00f1a de seis a\u00f1os ingres\u00f3, minutos antes de las 17 horas, en el Servicio de Urgencias del Hospital de la Ribera en <strong>parada cardiorrespiratoria<\/strong> tras haber sido atendida esa misma ma\u00f1ana en una cl\u00ednica dental privada y los facultativos <strong>intentaron su reanimaci\u00f3n sin \u00e9xito.<\/strong><\/p>\n<p>Previamente, a las 15:11 horas hab\u00eda acudido al mismo hospital otra ni\u00f1a, de cuatro a\u00f1os, que tambi\u00e9n hab\u00eda sido atendida esa ma\u00f1ana en la misma cl\u00ednica dental, con episodio de <strong>fiebre, v\u00f3mitos y somnolencia<\/strong> y fue trasladada al hospital Cl\u00ednico de Val\u00e8ncia, donde fue atendida en la UCI pedi\u00e1trica, y fue dada de alta este martes.<\/p>\n<p>Dos d\u00edas despu\u00e9s de estos hechos, el personal del servicio de Inspecci\u00f3n de Servicios Sanitarios de la Conselleria de Sanidad se entrevist\u00f3 con el anestesista que atendi\u00f3 a ambas menores con el prop\u00f3sito de elaborar un informe que ser\u00e1 trasladado a la autoridad judicial.<\/p>\n","protected":false},"excerpt":{"rendered":"La Polic\u00eda Nacional ha detenido este mi\u00e9rcoles en Valencia al anestesista de la cl\u00ednica privada de la localidad&hellip;\n","protected":false},"author":2,"featured_media":269851,"comment_status":"","ping_status":"","sticky":false,"template":"","format":"standard","meta":{"footnotes":""},"categories":[8],"tags":[17,18,25,24,13,14,11,19,20,9,10,15,16,23,12,21,22],"class_list":{"0":"post-269850","1":"post","2":"type-post","3":"status-publish","4":"format-standard","5":"has-post-thumbnail","7":"category-espana","8":"tag-breaking-news","9":"tag-breakingnews","10":"tag-es","11":"tag-espana","12":"tag-featured-news","13":"tag-featurednews","14":"tag-headlines","15":"tag-latest-news","16":"tag-latestnews","17":"tag-news","18":"tag-noticias","19":"tag-noticias-destacadas","20":"tag-noticiasdestacadas","21":"tag-spain","22":"tag-titulares","23":"tag-ultimas-noticias","24":"tag-ultimasnoticias"},"share_on_mastodon":{"url":"https:\/\/pubeurope.com\/@es\/115658372352696685","error":""},"_links":{"self":[{"href":"https:\/\/www.europesays.com\/es\/wp-json\/wp\/v2\/posts\/269850","targetHints":{"allow":["GET"]}}],"collection":[{"href":"https:\/\/www.europesays.com\/es\/wp-json\/wp\/v2\/posts"}],"about":[{"href":"https:\/\/www.europesays.com\/es\/wp-json\/wp\/v2\/types\/post"}],"author":[{"embeddable":true,"href":"https:\/\/www.europesays.com\/es\/wp-json\/wp\/v2\/users\/2"}],"replies":[{"embeddable":true,"href":"https:\/\/www.europesays.com\/es\/wp-json\/wp\/v2\/comments?post=269850"}],"version-history":[{"count":0,"href":"https:\/\/www.europesays.com\/es\/wp-json\/wp\/v2\/posts\/269850\/revisions"}],"wp:featuredmedia":[{"embeddable":true,"href":"https:\/\/www.europesays.com\/es\/wp-json\/wp\/v2\/media\/269851"}],"wp:attachment":[{"href":"https:\/\/www.europesays.com\/es\/wp-json\/wp\/v2\/media?parent=269850"}],"wp:term":[{"taxonomy":"category","embeddable":true,"href":"https:\/\/www.europesays.com\/es\/wp-json\/wp\/v2\/categories?post=269850"},{"taxonomy":"post_tag","embeddable":true,"href":"https:\/\/www.europesays.com\/es\/wp-json\/wp\/v2\/tags?post=269850"}],"curies":[{"name":"wp","href":"https:\/\/api.w.org\/{rel}","templated":true}]}}