{"id":269852,"date":"2025-12-04T00:04:10","date_gmt":"2025-12-04T00:04:10","guid":{"rendered":"https:\/\/www.europesays.com\/es\/269852\/"},"modified":"2025-12-04T00:04:10","modified_gmt":"2025-12-04T00:04:10","slug":"el-ceo-de-ribera-salud-se-desvincula-del-hospital-de-torrejon-tras-los-audios-en-los-que-insta-a-elevar-las-listas-de-espera-para-lograr-mas-beneficios-actualidad","status":"publish","type":"post","link":"https:\/\/www.europesays.com\/es\/269852\/","title":{"rendered":"El CEO de Ribera Salud se desvincula del Hospital de Torrej\u00f3n tras los audios en los que insta a elevar las listas de espera para lograr m\u00e1s beneficios | Actualidad"},"content":{"rendered":"<p><a href=\"https:\/\/elpais.com\/sociedad\/2025-12-03\/la-empresa-gestora-del-hospital-publico-de-torrejon-ordena-rechazar-pacientes-para-ganar-mas-hacemos-actividad-que-nos-perjudica.html\" target=\"_blank\" rel=\"nofollow noopener\" title=\"https:\/\/elpais.com\/sociedad\/2025-12-03\/la-empresa-gestora-del-hospital-publico-de-torrejon-ordena-rechazar-pacientes-para-ganar-mas-hacemos-actividad-que-nos-perjudica.html\">El Pa\u00eds ha publicado este mi\u00e9rcoles<\/a> una informaci\u00f3n que desvela que los gestores del hospital de Torrej\u00f3n de Ardoz (Madrid) rechazan a pacientes para ganar m\u00e1s dinero. El hospital p\u00fablico est\u00e1 gestionado por una empresa privada que, seg\u00fan el medio, insta a los responsables a que aumenten las listas de espera para que el dinero que no se gaste en pacientes vaya para la empresa. <\/p>\n<p>M\u00e1s informaci\u00f3n<\/p>\n<p>Este hospital es el de referencia para unas 150.000 personas. Seg\u00fan cuenta el peri\u00f3dico, un directivo de la empresa que lo gestiona, Pablo Gallart (CEO de Ribera Salud), defendi\u00f3 en una reuni\u00f3n elevar las listas de espera para reducir intervenciones y rechazar procesos \u00abno rentables\u00bb. <\/p>\n<p>Linde ha indicado en el programa que, horas despu\u00e9s de conocerse estos audios publicados por El Pa\u00eds, <a href=\"https:\/\/elpais.com\/sociedad\/2025-12-03\/el-ceo-de-ribera-salud-se-desvincula-del-hospital-de-torrejon-y-la-compania-anuncia-una-auditoria-en-profundidad.html\" target=\"_blank\" rel=\"nofollow noopener\" title=\"https:\/\/elpais.com\/sociedad\/2025-12-03\/el-ceo-de-ribera-salud-se-desvincula-del-hospital-de-torrejon-y-la-compania-anuncia-una-auditoria-en-profundidad.html\">el grupo Ribera Salud (la empresa privada que gestiona el hospital p\u00fablico) ha anunciado una auditor\u00eda<\/a> \u00aben profundidad\u00bb para investigar estos hechos. Adem\u00e1s, el CEO de esta empresa, Pablo Gallart, se desvincular\u00e1 del Hospital de Torrej\u00f3n a efecto inmediato. Seguir\u00e1 siendo CEO de la compa\u00f1\u00eda, pero no gestionar\u00e1 m\u00e1s el hospital madrile\u00f1o implicado en este caso. <\/p>\n<p>El c\u00f3digo iframe se ha copiado en el portapapeles<\/p>\n<p class=\"tit\">El CEO de Ribera Salud se desvincula del Hospital de Torrej\u00f3n tras los audios publicados por &#8216;El Pa\u00eds&#8217;<\/p>\n<p>00:00:0001:20<\/p>\n<p>FacebookTwitterLinkedinWhatsAppCerrar<\/p>\n<p>Pablo Linde, periodista que ha destapado el caso: \u00abDesde que se construy\u00f3 el hospital, el Grupo Ribera gestiona y decide los procesos sanitarios\u00bb<\/p>\n<p>En Hora 25 hablamos con el periodista de El Pa\u00eds que ha destapado la informaci\u00f3n, Pablo Linde, que explica en el programa de Aimar Bretos el modus operandi de esta colaboraci\u00f3n p\u00fablico-privada entre la sanidad madrile\u00f1a y las empresas privadas. <\/p>\n<p>El periodista ha explicado que \u00abel modelo con el que se rige el Hospital siempre ha sido acusado de pr\u00e1cticas de este tipo\u00bb, pero no ha sido hasta ahora que se ha demostrado de manera tan expl\u00edcita. La reuni\u00f3n fue a finales de septiembre con directivos del grupo y el hospital, donde se dio la orden de seleccionar a determinados pacientes en determinados procesos. <\/p>\n<p>\u00abDesde que se construy\u00f3 el Hospital, que lo hizo el Grupo Ribera, est\u00e1 en manos de este grupo que lo gestiona y ellos deciden los procesos sanitarios\u00bb, ha indicado Linde, que a\u00f1ade que \u00ables interesa que vayan pacientes por procesos baratos porque la Comunidad paga por cada paciente, pero otros no interesan\u00bb. <\/p>\n<p>\u00abEl Hospital de Torrej\u00f3n es famoso en Madrid por los partos, que les sale barato. Otros procesos no les salen rentables. Por ejemplo, tienen una orden expl\u00edcita de no atender a los pacientes no capita de di\u00e1lisis peritoneal. Es un proceso m\u00e1s caro que ordenan no hacer\u00bb, ha indicado el periodista, que explica que lo triste es que los m\u00e9dicos no se pueden negar. <\/p>\n<p>Asegura Linde que \u00ablo menos\u00bb que puede hacer la Comunidad de Madrid ante \u00abesta evidencia tan clara\u00bb es investigarlo. \u00abLo que hemos publicado son pruebas de que estas ordenes se dieron, no tengo las pruebas de que se est\u00e9n ejecutando, siempre se pueden revertir o parar\u00bb, ha indicado Linde, que anuncia que ma\u00f1ana El Pa\u00eds publicar\u00e1 la informaci\u00f3n que demuestra que la compa\u00f1\u00eda conoc\u00eda perfectamente lo que pasaba y que no es solamente una orden del CEO. <\/p>\n<p><img decoding=\"async\" src=\"https:\/\/www.europesays.com\/es\/wp-content\/uploads\/2025\/12\/https:\/\/sdmedia.playser.cadenaser.com\/playser\/image\/20259\/08\/1757318798_asset_still.jpeg\" alt=\"El esc\u00e1ndalo de las listas de espera del Hospital de Torrej\u00f3n: &quot;Ordenaban no atender pacientes&quot;  | Hora 25\" width=\"655\"   loading=\"lazy\"\/><\/p>\n<p class=\"tit\">El esc\u00e1ndalo de las listas de espera del Hospital de Torrej\u00f3n: \u00abOrdenaban no atender pacientes\u00bb  | Hora 25<\/p>\n<p>00:00:0022:32<\/p>\n<p>El c\u00f3digo iframe se ha copiado en el portapapeles<\/p>\n<p>FacebookTwitterLinkedinWhatsAppCerrar<\/p>\n","protected":false},"excerpt":{"rendered":"El Pa\u00eds ha publicado este mi\u00e9rcoles una informaci\u00f3n que desvela que los gestores del hospital de Torrej\u00f3n de&hellip;\n","protected":false},"author":2,"featured_media":269853,"comment_status":"","ping_status":"","sticky":false,"template":"","format":"standard","meta":{"footnotes":""},"categories":[5],"tags":[17,18,25,24,13,14,11,19,20,9,10,15,16,23,12,21,22],"class_list":{"0":"post-269852","1":"post","2":"type-post","3":"status-publish","4":"format-standard","5":"has-post-thumbnail","7":"category-titulares","8":"tag-breaking-news","9":"tag-breakingnews","10":"tag-es","11":"tag-espana","12":"tag-featured-news","13":"tag-featurednews","14":"tag-headlines","15":"tag-latest-news","16":"tag-latestnews","17":"tag-news","18":"tag-noticias","19":"tag-noticias-destacadas","20":"tag-noticiasdestacadas","21":"tag-spain","22":"tag-titulares","23":"tag-ultimas-noticias","24":"tag-ultimasnoticias"},"share_on_mastodon":{"url":"https:\/\/pubeurope.com\/@es\/115658376460840659","error":""},"_links":{"self":[{"href":"https:\/\/www.europesays.com\/es\/wp-json\/wp\/v2\/posts\/269852","targetHints":{"allow":["GET"]}}],"collection":[{"href":"https:\/\/www.europesays.com\/es\/wp-json\/wp\/v2\/posts"}],"about":[{"href":"https:\/\/www.europesays.com\/es\/wp-json\/wp\/v2\/types\/post"}],"author":[{"embeddable":true,"href":"https:\/\/www.europesays.com\/es\/wp-json\/wp\/v2\/users\/2"}],"replies":[{"embeddable":true,"href":"https:\/\/www.europesays.com\/es\/wp-json\/wp\/v2\/comments?post=269852"}],"version-history":[{"count":0,"href":"https:\/\/www.europesays.com\/es\/wp-json\/wp\/v2\/posts\/269852\/revisions"}],"wp:featuredmedia":[{"embeddable":true,"href":"https:\/\/www.europesays.com\/es\/wp-json\/wp\/v2\/media\/269853"}],"wp:attachment":[{"href":"https:\/\/www.europesays.com\/es\/wp-json\/wp\/v2\/media?parent=269852"}],"wp:term":[{"taxonomy":"category","embeddable":true,"href":"https:\/\/www.europesays.com\/es\/wp-json\/wp\/v2\/categories?post=269852"},{"taxonomy":"post_tag","embeddable":true,"href":"https:\/\/www.europesays.com\/es\/wp-json\/wp\/v2\/tags?post=269852"}],"curies":[{"name":"wp","href":"https:\/\/api.w.org\/{rel}","templated":true}]}}